{"id":971,"date":"2015-12-24T11:57:35","date_gmt":"2015-12-24T10:57:35","guid":{"rendered":"http:\/\/www.torokfoto.hu\/blog\/?p=971"},"modified":"2020-01-08T12:41:45","modified_gmt":"2020-01-08T11:41:45","slug":"hogyan-rendszerezd-a-fotoid","status":"publish","type":"post","link":"https:\/\/www.torokfoto.hu\/blog\/hogyan-rendszerezd-a-fotoid\/","title":{"rendered":"Hogyan rendszerezd a fot\u00f3id?"},"content":{"rendered":"<p><a href=\"http:\/\/www.torokfoto.hu\/blog\/hogyan-rendszerezd-a-fotoid\/\"><img loading=\"lazy\" decoding=\"async\" class=\"aligncenter wp-image-974 size-full\" src=\"http:\/\/www.torokfoto.hu\/blog\/wp-content\/uploads\/2015\/12\/album.jpg\" alt=\"\" width=\"800\" height=\"533\" srcset=\"https:\/\/www.torokfoto.hu\/blog\/wp-content\/uploads\/2015\/12\/album.jpg 800w, https:\/\/www.torokfoto.hu\/blog\/wp-content\/uploads\/2015\/12\/album-300x200.jpg 300w\" sizes=\"auto, (max-width: 800px) 100vw, 800px\" \/><\/a><\/p>\n<p>Az \u00fcnnepek alatt rengeteg f\u00e9nyk\u00e9pet k\u00e9sz\u00edt\u00fcnk. Nagy felindul\u00e1sunkban a <strong>sok-sok fot\u00f3\u00a0t\u00e1rol\u00e1s\u00e1ra<\/strong> azonban m\u00e1r nem gondolunk \u00e9s \u00e1ltal\u00e1ban a k\u00e9pek v\u00e9g\u00fcl\u00a0<strong>elvesznek az \u00e9terben<\/strong>. F\u0151k\u00e9nt akkor ha mobillal k\u00e9sz\u00edtett k\u00e9pekr\u0151l besz\u00e9l\u00fcnk. Megoszt\u00e1s ut\u00e1n szinte azonnal elvesznek az id\u0151vonalunkon,\u00a0k\u00fcl\u00f6n\u00f6sen abban az esetben ha nagy posztolgat\u00f3 vagy. \ud83d\ude42 Ez\u00e9rt figyelmedbe aj\u00e1nljuk a k\u00f6vetkez\u0151 <strong>tippet, hogy rendszerezd\u00a0az eml\u00e9keidet<\/strong>.<\/p>\n<p><!--more--><\/p>\n<p>&nbsp;<\/p>\n<p>Az egyszer biztos, hogy nem ez a legcsod\u00e1latosabb feladat a vil\u00e1gon, de ha r\u00e1sz\u00e1nod magad (\u00e9s persze az id\u0151d), hogy <strong>rendszerezed a fot\u00f3idat<\/strong> sokkal <strong>k\u00f6nnyebb lesz<\/strong> k\u00e9s\u0151bb ehhez a rendszerhez alkalmazkodni \u00e9s keresg\u00e9lni a fot\u00f3id k\u00f6z\u00f6tt.<\/p>\n<p>&nbsp;<\/p>\n<figure id=\"attachment_973\" class=\"thumbnail wp-caption aligncenter\" style=\"width: 810px\"><a href=\"http:\/\/www.torokfoto.hu\/blog\/hogyan-rendszerezd-a-fotoid\/\"><img loading=\"lazy\" decoding=\"async\" class=\"wp-image-973 size-full\" src=\"http:\/\/www.torokfoto.hu\/blog\/wp-content\/uploads\/2015\/12\/szg\u00e9pes.jpg\" alt=\"Rendszerezd a fot\u00f3idat! \" width=\"800\" height=\"1200\" srcset=\"https:\/\/www.torokfoto.hu\/blog\/wp-content\/uploads\/2015\/12\/szg\u00e9pes.jpg 800w, https:\/\/www.torokfoto.hu\/blog\/wp-content\/uploads\/2015\/12\/szg\u00e9pes-200x300.jpg 200w, https:\/\/www.torokfoto.hu\/blog\/wp-content\/uploads\/2015\/12\/szg\u00e9pes-683x1024.jpg 683w\" sizes=\"auto, (max-width: 800px) 100vw, 800px\" \/><\/a><figcaption class=\"caption wp-caption-text\">Rendszerezd a fot\u00f3idat! (fot\u00f3: www.abeautifulmess.com)<\/figcaption><\/figure>\n<p>&nbsp;<\/p>\n<p>\u00c9rdemes \u00fcnnepek ideje alatt <strong>2-3 naponta<\/strong> a f\u00e9nyk\u00e9pez\u0151g\u00e9pr\u0151l vagy telefonodr\u00f3l a fot\u00f3idat a g\u00e9pedre <strong>mentened<\/strong>, majd ut\u00e1na <strong><a href=\"https:\/\/www.google.com\/intl\/hu_hu\/drive\/\" target=\"_blank\">Google Drive<\/a>ra<\/strong> feltenned. Ez az\u00e9rt is j\u00f3, mivel driveon kereszt\u00fcl <strong>b\u00e1rmikor, b\u00e1rhonnan el\u00e9rheted a fot\u00f3idat<\/strong> \u00e9s annyi mapp\u00e1ba\u00a0rendezed \u0151ket amennyibe csak szeretn\u00e9d, a t\u00e1rol\u00e1si lehet\u0151s\u00e9gek pedig korl\u00e1tlanok. A mapp\u00e1khoz <strong>\u00edrd oda az \u00e9vsz\u00e1mot<\/strong> \u00e9s az <strong>esem\u00e9nyeket<\/strong>, amiken k\u00e9sz\u00fcltek a fot\u00f3k. Ha ezt nem teszed meg id\u0151vel elfelejt\u0151dik \u00e9s m\u00e1r nem fogod tudni, melyik \u00e9vben is k\u00e9sz\u00fcltek pontosan a fot\u00f3k. K\u00e9s\u0151bb m\u00e1r m\u00e9g nehezebb lesz visszaeml\u00e9kezned.<\/p>\n<p>&nbsp;<\/p>\n<figure id=\"attachment_975\" class=\"thumbnail wp-caption aligncenter\" style=\"width: 746px\"><a href=\"http:\/\/www.torokfoto.hu\/blog\/hogyan-rendszerezd-a-fotoid\/\"><img loading=\"lazy\" decoding=\"async\" class=\"wp-image-975 size-full\" src=\"http:\/\/www.torokfoto.hu\/blog\/wp-content\/uploads\/2015\/12\/photo-box2.jpg\" alt=\"F\u00e9nyk\u00e9peid el\u0151h\u00edv\u00e1s ut\u00e1n \u00edgy is rendszerezheted!\" width=\"736\" height=\"872\" srcset=\"https:\/\/www.torokfoto.hu\/blog\/wp-content\/uploads\/2015\/12\/photo-box2.jpg 736w, https:\/\/www.torokfoto.hu\/blog\/wp-content\/uploads\/2015\/12\/photo-box2-253x300.jpg 253w\" sizes=\"auto, (max-width: 736px) 100vw, 736px\" \/><\/a><figcaption class=\"caption wp-caption-text\">F\u00e9nyk\u00e9peid el\u0151h\u00edv\u00e1s ut\u00e1n \u00edgy is rendszerezheted! (fot\u00f3: Pinterest)<\/figcaption><\/figure>\n<p>&nbsp;<\/p>\n<div class=\"su-box su-box-style-default\" id=\"\" style=\"border-color:#360f0f;border-radius:3px;max-width:none\"><div class=\"su-box-title\" style=\"background-color:#694242;color:#FFFFFF;border-top-left-radius:1px;border-top-right-radius:1px\">Fot\u00f3kidolgoz\u00e1s a T\u00f6r\u00f6kfot\u00f3n\u00e1l!<\/div><div class=\"su-box-content su-u-clearfix su-u-trim\" style=\"border-bottom-left-radius:1px;border-bottom-right-radius:1px\">\n<ul>\n<li>Online felt\u00f6lt\u00e9s (mobilr\u00f3l is!)<\/li>\n<li>Orsz\u00e1gos kisz\u00e1ll\u00edt\u00e1s<\/li>\n<li>Alkalomhoz ill\u0151 sablonok<\/li>\n<li>Cs\u00facsmin\u0151s\u00e9g<\/li>\n<\/ul>\n<p>Mindezt biztos\u00edtja sz\u00e1modra a <a href=\"http:\/\/www.torokfoto.hu\/termekek\/fotokidolgozas\" target=\"_blank\">T\u00f6r\u00f6kfot\u00f3<\/a>\u00a0Miskolcr\u00f3l!<\/p>\n<\/div><\/div>\n<p>&nbsp;<\/p>\n<p>Emellett b\u00e1rmennyire is szuper a mobilod vagy a laptopod illetve a f\u00e9nyk\u00e9pez\u0151g\u00e9ped, nem szabad elfelejtened, hogy <strong>minden eszk\u00f6z elromolhat<\/strong> vagy valamilyen probl\u00e9ma jelentkezhet, aminek k\u00f6vetkezt\u00e9ben\u00a0esetleg kedvenc, legszeretettebb fot\u00f3id veszhetnek el. A katasztr\u00f3fa elker\u00fcl\u00e9s\u00e9hez hasznos k\u00f6vetned a tan\u00e1csunkat (mentsd drivera a fot\u00f3idat!)<\/p>\n<p>&nbsp;<\/p>\n<figure id=\"attachment_977\" class=\"thumbnail wp-caption aligncenter\" style=\"width: 610px\"><a href=\"http:\/\/www.torokfoto.hu\/blog\/hogyan-rendszerezd-a-fotoid\/\"><img loading=\"lazy\" decoding=\"async\" class=\"wp-image-977 size-full\" src=\"http:\/\/www.torokfoto.hu\/blog\/wp-content\/uploads\/2015\/12\/album2.jpg\" alt=\"Rendezd albumba az eml\u00e9keid!\" width=\"600\" height=\"1630\" srcset=\"https:\/\/www.torokfoto.hu\/blog\/wp-content\/uploads\/2015\/12\/album2.jpg 600w, https:\/\/www.torokfoto.hu\/blog\/wp-content\/uploads\/2015\/12\/album2-110x300.jpg 110w, https:\/\/www.torokfoto.hu\/blog\/wp-content\/uploads\/2015\/12\/album2-377x1024.jpg 377w\" sizes=\"auto, (max-width: 600px) 100vw, 600px\" \/><\/a><figcaption class=\"caption wp-caption-text\">Rendezd albumba az eml\u00e9keid! (fot\u00f3: Pinterest)<\/figcaption><\/figure>\n<p>&nbsp;<\/p>\n<p>Ezek ut\u00e1n m\u00e1r <strong>k\u00f6nnyed\u00e9n keresg\u00e9lhetsz fot\u00f3id k\u00f6z\u00f6tt<\/strong>. A\u00a0kedvenceidet el\u0151h\u00edv\u00e1st k\u00f6vet\u0151en fot\u00f3albumba rendezheted. Sokat egyszer\u0171s\u00f6dik ezzel a m\u00f3dszerrel a keresg\u00e9l\u00e9s \u00e9s a fot\u00f3k el\u00e9rhet\u0151s\u00e9ge.\u00a0Csak egyszer kell t\u00falesned a sz\u00f6szm\u00f6t\u00f6l\u0151 rendszerez\u00e9sen, de hidd el meg\u00e9ri! \ud83d\ude42<\/p>\n<p>&nbsp;<\/p>\n<div class=\"su-box su-box-style-default\" id=\"\" style=\"border-color:#360f0f;border-radius:3px;max-width:none\"><div class=\"su-box-title\" style=\"background-color:#694242;color:#FFFFFF;border-top-left-radius:1px;border-top-right-radius:1px\">Fot\u00f3kidolgoz\u00e1s a T\u00f6r\u00f6kfot\u00f3n\u00e1l!<\/div><div class=\"su-box-content su-u-clearfix su-u-trim\" style=\"border-bottom-left-radius:1px;border-bottom-right-radius:1px\">\n<ul>\n<li>Online felt\u00f6lt\u00e9s (mobilr\u00f3l is!)<\/li>\n<li>Orsz\u00e1gos kisz\u00e1ll\u00edt\u00e1s<\/li>\n<li>Alkalomhoz ill\u0151 sablonok<\/li>\n<li>Cs\u00facsmin\u0151s\u00e9g<\/li>\n<\/ul>\n<p>Mindezt biztos\u00edtja sz\u00e1modra a <a href=\"http:\/\/www.torokfoto.hu\/termekek\/fotokidolgozas\" target=\"_blank\">T\u00f6r\u00f6kfot\u00f3<\/a>\u00a0Miskolcr\u00f3l!<\/p>\n<\/div><\/div>\n<p>&nbsp;<\/p>\n<p>Ha \u00e9rdekelnek tov\u00e1bbi tippek, tr\u00fckk\u00f6k k\u00f6vess minket <a href=\"http:\/\/www.torokfoto.hu\/blog\/\" target=\"_blank\">itt <\/a>vagy <a href=\"https:\/\/www.facebook.com\/torokfoto\/?fref=ts\" target=\"_blank\">Facebookon<\/a>!<\/p>\n<p>&nbsp;<\/p>\n","protected":false},"excerpt":{"rendered":"<p>Az \u00fcnnepek alatt rengeteg f\u00e9nyk\u00e9pet k\u00e9sz\u00edt\u00fcnk. Nagy felindul\u00e1sunkban a sok-sok fot\u00f3\u00a0t\u00e1rol\u00e1s\u00e1ra azonban m\u00e1r nem gondolunk \u00e9s \u00e1ltal\u00e1ban a k\u00e9pek v\u00e9g\u00fcl\u00a0elvesznek az \u00e9terben. F\u0151k\u00e9nt akkor ha mobillal k\u00e9sz\u00edtett k\u00e9pekr\u0151l besz\u00e9l\u00fcnk. Megoszt\u00e1s ut\u00e1n szinte azonnal elvesznek az id\u0151vonalunkon,\u00a0k\u00fcl\u00f6n\u00f6sen abban az esetben ha nagy posztolgat\u00f3 vagy. \ud83d\ude42 Ez\u00e9rt figyelmedbe aj\u00e1nljuk a k\u00f6vetkez\u0151 tippet, hogy rendszerezd\u00a0az eml\u00e9keidet.<\/p>\n","protected":false},"author":1,"featured_media":0,"comment_status":"closed","ping_status":"closed","sticky":false,"template":"","format":"standard","meta":{"footnotes":""},"categories":[1],"tags":[6,9],"class_list":["post-971","post","type-post","status-publish","format-standard","hentry","category-egyeb","tag-fotozas","tag-tippek"],"yoast_head":"<!-- This site is optimized with the Yoast SEO plugin v27.5 - https:\/\/yoast.com\/product\/yoast-seo-wordpress\/ -->\n<title>Hogyan rendszerezd a fot\u00f3id? - T\u00f6r\u00f6kFot\u00f3 Blog<\/title>\n<meta name=\"robots\" content=\"index, follow, max-snippet:-1, max-image-preview:large, max-video-preview:-1\" \/>\n<link rel=\"canonical\" href=\"https:\/\/www.torokfoto.hu\/blog\/hogyan-rendszerezd-a-fotoid\/\" \/>\n<meta property=\"og:locale\" content=\"hu_HU\" \/>\n<meta property=\"og:type\" content=\"article\" \/>\n<meta property=\"og:title\" content=\"Hogyan rendszerezd a fot\u00f3id? - T\u00f6r\u00f6kFot\u00f3 Blog\" \/>\n<meta property=\"og:description\" content=\"Az \u00fcnnepek alatt rengeteg f\u00e9nyk\u00e9pet k\u00e9sz\u00edt\u00fcnk. Nagy felindul\u00e1sunkban a sok-sok fot\u00f3\u00a0t\u00e1rol\u00e1s\u00e1ra azonban m\u00e1r nem gondolunk \u00e9s \u00e1ltal\u00e1ban a k\u00e9pek v\u00e9g\u00fcl\u00a0elvesznek az \u00e9terben. F\u0151k\u00e9nt akkor ha mobillal k\u00e9sz\u00edtett k\u00e9pekr\u0151l besz\u00e9l\u00fcnk. Megoszt\u00e1s ut\u00e1n szinte azonnal elvesznek az id\u0151vonalunkon,\u00a0k\u00fcl\u00f6n\u00f6sen abban az esetben ha nagy posztolgat\u00f3 vagy. \ud83d\ude42 Ez\u00e9rt figyelmedbe aj\u00e1nljuk a k\u00f6vetkez\u0151 tippet, hogy rendszerezd\u00a0az eml\u00e9keidet.\" \/>\n<meta property=\"og:url\" content=\"https:\/\/www.torokfoto.hu\/blog\/hogyan-rendszerezd-a-fotoid\/\" \/>\n<meta property=\"og:site_name\" content=\"T\u00f6r\u00f6kFot\u00f3 Blog\" \/>\n<meta property=\"article:publisher\" content=\"https:\/\/www.facebook.com\/torokfoto\" \/>\n<meta property=\"article:published_time\" content=\"2015-12-24T10:57:35+00:00\" \/>\n<meta property=\"article:modified_time\" content=\"2020-01-08T11:41:45+00:00\" \/>\n<meta property=\"og:image\" content=\"http:\/\/www.torokfoto.hu\/blog\/wp-content\/uploads\/2015\/12\/album.jpg\" \/>\n<meta name=\"author\" content=\"torokfoto\" \/>\n<meta name=\"twitter:label1\" content=\"Written by\" \/>\n\t<meta name=\"twitter:data1\" content=\"torokfoto\" \/>\n\t<meta name=\"twitter:label2\" content=\"Est. reading time\" \/>\n\t<meta name=\"twitter:data2\" content=\"3 perc\" \/>\n<script type=\"application\/ld+json\" class=\"yoast-schema-graph\">{\"@context\":\"https:\\\/\\\/schema.org\",\"@graph\":[{\"@type\":\"Article\",\"@id\":\"https:\\\/\\\/www.torokfoto.hu\\\/blog\\\/hogyan-rendszerezd-a-fotoid\\\/#article\",\"isPartOf\":{\"@id\":\"https:\\\/\\\/www.torokfoto.hu\\\/blog\\\/hogyan-rendszerezd-a-fotoid\\\/\"},\"author\":{\"name\":\"torokfoto\",\"@id\":\"http:\\\/\\\/www.torokfoto.hu\\\/blog\\\/#\\\/schema\\\/person\\\/15db174b0b57e6cb37c4b90725399434\"},\"headline\":\"Hogyan rendszerezd a fot\u00f3id?\",\"datePublished\":\"2015-12-24T10:57:35+00:00\",\"dateModified\":\"2020-01-08T11:41:45+00:00\",\"mainEntityOfPage\":{\"@id\":\"https:\\\/\\\/www.torokfoto.hu\\\/blog\\\/hogyan-rendszerezd-a-fotoid\\\/\"},\"wordCount\":556,\"image\":{\"@id\":\"https:\\\/\\\/www.torokfoto.hu\\\/blog\\\/hogyan-rendszerezd-a-fotoid\\\/#primaryimage\"},\"thumbnailUrl\":\"http:\\\/\\\/www.torokfoto.hu\\\/blog\\\/wp-content\\\/uploads\\\/2015\\\/12\\\/album.jpg\",\"keywords\":[\"fot\u00f3z\u00e1s\",\"tippek\"],\"articleSection\":[\"Egy\u00e9b\"],\"inLanguage\":\"hu\"},{\"@type\":\"WebPage\",\"@id\":\"https:\\\/\\\/www.torokfoto.hu\\\/blog\\\/hogyan-rendszerezd-a-fotoid\\\/\",\"url\":\"https:\\\/\\\/www.torokfoto.hu\\\/blog\\\/hogyan-rendszerezd-a-fotoid\\\/\",\"name\":\"Hogyan rendszerezd a fot\u00f3id? - T\u00f6r\u00f6kFot\u00f3 Blog\",\"isPartOf\":{\"@id\":\"http:\\\/\\\/www.torokfoto.hu\\\/blog\\\/#website\"},\"primaryImageOfPage\":{\"@id\":\"https:\\\/\\\/www.torokfoto.hu\\\/blog\\\/hogyan-rendszerezd-a-fotoid\\\/#primaryimage\"},\"image\":{\"@id\":\"https:\\\/\\\/www.torokfoto.hu\\\/blog\\\/hogyan-rendszerezd-a-fotoid\\\/#primaryimage\"},\"thumbnailUrl\":\"http:\\\/\\\/www.torokfoto.hu\\\/blog\\\/wp-content\\\/uploads\\\/2015\\\/12\\\/album.jpg\",\"datePublished\":\"2015-12-24T10:57:35+00:00\",\"dateModified\":\"2020-01-08T11:41:45+00:00\",\"author\":{\"@id\":\"http:\\\/\\\/www.torokfoto.hu\\\/blog\\\/#\\\/schema\\\/person\\\/15db174b0b57e6cb37c4b90725399434\"},\"breadcrumb\":{\"@id\":\"https:\\\/\\\/www.torokfoto.hu\\\/blog\\\/hogyan-rendszerezd-a-fotoid\\\/#breadcrumb\"},\"inLanguage\":\"hu\",\"potentialAction\":[{\"@type\":\"ReadAction\",\"target\":[\"https:\\\/\\\/www.torokfoto.hu\\\/blog\\\/hogyan-rendszerezd-a-fotoid\\\/\"]}]},{\"@type\":\"ImageObject\",\"inLanguage\":\"hu\",\"@id\":\"https:\\\/\\\/www.torokfoto.hu\\\/blog\\\/hogyan-rendszerezd-a-fotoid\\\/#primaryimage\",\"url\":\"https:\\\/\\\/www.torokfoto.hu\\\/blog\\\/wp-content\\\/uploads\\\/2015\\\/12\\\/album.jpg\",\"contentUrl\":\"https:\\\/\\\/www.torokfoto.hu\\\/blog\\\/wp-content\\\/uploads\\\/2015\\\/12\\\/album.jpg\",\"width\":800,\"height\":533},{\"@type\":\"BreadcrumbList\",\"@id\":\"https:\\\/\\\/www.torokfoto.hu\\\/blog\\\/hogyan-rendszerezd-a-fotoid\\\/#breadcrumb\",\"itemListElement\":[{\"@type\":\"ListItem\",\"position\":1,\"name\":\"Home\",\"item\":\"http:\\\/\\\/www.torokfoto.hu\\\/blog\\\/\"},{\"@type\":\"ListItem\",\"position\":2,\"name\":\"Hogyan rendszerezd a fot\u00f3id?\"}]},{\"@type\":\"WebSite\",\"@id\":\"http:\\\/\\\/www.torokfoto.hu\\\/blog\\\/#website\",\"url\":\"http:\\\/\\\/www.torokfoto.hu\\\/blog\\\/\",\"name\":\"T\u00f6r\u00f6kFot\u00f3 Blog\",\"description\":\"T\u00f6r\u00f6kFot\u00f3 Blog\",\"potentialAction\":[{\"@type\":\"SearchAction\",\"target\":{\"@type\":\"EntryPoint\",\"urlTemplate\":\"http:\\\/\\\/www.torokfoto.hu\\\/blog\\\/?s={search_term_string}\"},\"query-input\":{\"@type\":\"PropertyValueSpecification\",\"valueRequired\":true,\"valueName\":\"search_term_string\"}}],\"inLanguage\":\"hu\"},{\"@type\":\"Person\",\"@id\":\"http:\\\/\\\/www.torokfoto.hu\\\/blog\\\/#\\\/schema\\\/person\\\/15db174b0b57e6cb37c4b90725399434\",\"name\":\"torokfoto\",\"image\":{\"@type\":\"ImageObject\",\"inLanguage\":\"hu\",\"@id\":\"https:\\\/\\\/secure.gravatar.com\\\/avatar\\\/84a893069261eb70289981cdfa31eafab34feeb3148b57a67c28f3f3d8bc3a30?s=96&d=mm&r=g\",\"url\":\"https:\\\/\\\/secure.gravatar.com\\\/avatar\\\/84a893069261eb70289981cdfa31eafab34feeb3148b57a67c28f3f3d8bc3a30?s=96&d=mm&r=g\",\"contentUrl\":\"https:\\\/\\\/secure.gravatar.com\\\/avatar\\\/84a893069261eb70289981cdfa31eafab34feeb3148b57a67c28f3f3d8bc3a30?s=96&d=mm&r=g\",\"caption\":\"torokfoto\"},\"url\":\"https:\\\/\\\/www.torokfoto.hu\\\/blog\\\/author\\\/torokfoto\\\/\"}]}<\/script>\n<!-- \/ Yoast SEO plugin. -->","yoast_head_json":{"title":"Hogyan rendszerezd a fot\u00f3id? - T\u00f6r\u00f6kFot\u00f3 Blog","robots":{"index":"index","follow":"follow","max-snippet":"max-snippet:-1","max-image-preview":"max-image-preview:large","max-video-preview":"max-video-preview:-1"},"canonical":"https:\/\/www.torokfoto.hu\/blog\/hogyan-rendszerezd-a-fotoid\/","og_locale":"hu_HU","og_type":"article","og_title":"Hogyan rendszerezd a fot\u00f3id? - T\u00f6r\u00f6kFot\u00f3 Blog","og_description":"Az \u00fcnnepek alatt rengeteg f\u00e9nyk\u00e9pet k\u00e9sz\u00edt\u00fcnk. Nagy felindul\u00e1sunkban a sok-sok fot\u00f3\u00a0t\u00e1rol\u00e1s\u00e1ra azonban m\u00e1r nem gondolunk \u00e9s \u00e1ltal\u00e1ban a k\u00e9pek v\u00e9g\u00fcl\u00a0elvesznek az \u00e9terben. F\u0151k\u00e9nt akkor ha mobillal k\u00e9sz\u00edtett k\u00e9pekr\u0151l besz\u00e9l\u00fcnk. Megoszt\u00e1s ut\u00e1n szinte azonnal elvesznek az id\u0151vonalunkon,\u00a0k\u00fcl\u00f6n\u00f6sen abban az esetben ha nagy posztolgat\u00f3 vagy. \ud83d\ude42 Ez\u00e9rt figyelmedbe aj\u00e1nljuk a k\u00f6vetkez\u0151 tippet, hogy rendszerezd\u00a0az eml\u00e9keidet.","og_url":"https:\/\/www.torokfoto.hu\/blog\/hogyan-rendszerezd-a-fotoid\/","og_site_name":"T\u00f6r\u00f6kFot\u00f3 Blog","article_publisher":"https:\/\/www.facebook.com\/torokfoto","article_published_time":"2015-12-24T10:57:35+00:00","article_modified_time":"2020-01-08T11:41:45+00:00","og_image":[{"url":"http:\/\/www.torokfoto.hu\/blog\/wp-content\/uploads\/2015\/12\/album.jpg","type":"","width":"","height":""}],"author":"torokfoto","twitter_misc":{"Written by":"torokfoto","Est. reading time":"3 perc"},"schema":{"@context":"https:\/\/schema.org","@graph":[{"@type":"Article","@id":"https:\/\/www.torokfoto.hu\/blog\/hogyan-rendszerezd-a-fotoid\/#article","isPartOf":{"@id":"https:\/\/www.torokfoto.hu\/blog\/hogyan-rendszerezd-a-fotoid\/"},"author":{"name":"torokfoto","@id":"http:\/\/www.torokfoto.hu\/blog\/#\/schema\/person\/15db174b0b57e6cb37c4b90725399434"},"headline":"Hogyan rendszerezd a fot\u00f3id?","datePublished":"2015-12-24T10:57:35+00:00","dateModified":"2020-01-08T11:41:45+00:00","mainEntityOfPage":{"@id":"https:\/\/www.torokfoto.hu\/blog\/hogyan-rendszerezd-a-fotoid\/"},"wordCount":556,"image":{"@id":"https:\/\/www.torokfoto.hu\/blog\/hogyan-rendszerezd-a-fotoid\/#primaryimage"},"thumbnailUrl":"http:\/\/www.torokfoto.hu\/blog\/wp-content\/uploads\/2015\/12\/album.jpg","keywords":["fot\u00f3z\u00e1s","tippek"],"articleSection":["Egy\u00e9b"],"inLanguage":"hu"},{"@type":"WebPage","@id":"https:\/\/www.torokfoto.hu\/blog\/hogyan-rendszerezd-a-fotoid\/","url":"https:\/\/www.torokfoto.hu\/blog\/hogyan-rendszerezd-a-fotoid\/","name":"Hogyan rendszerezd a fot\u00f3id? - T\u00f6r\u00f6kFot\u00f3 Blog","isPartOf":{"@id":"http:\/\/www.torokfoto.hu\/blog\/#website"},"primaryImageOfPage":{"@id":"https:\/\/www.torokfoto.hu\/blog\/hogyan-rendszerezd-a-fotoid\/#primaryimage"},"image":{"@id":"https:\/\/www.torokfoto.hu\/blog\/hogyan-rendszerezd-a-fotoid\/#primaryimage"},"thumbnailUrl":"http:\/\/www.torokfoto.hu\/blog\/wp-content\/uploads\/2015\/12\/album.jpg","datePublished":"2015-12-24T10:57:35+00:00","dateModified":"2020-01-08T11:41:45+00:00","author":{"@id":"http:\/\/www.torokfoto.hu\/blog\/#\/schema\/person\/15db174b0b57e6cb37c4b90725399434"},"breadcrumb":{"@id":"https:\/\/www.torokfoto.hu\/blog\/hogyan-rendszerezd-a-fotoid\/#breadcrumb"},"inLanguage":"hu","potentialAction":[{"@type":"ReadAction","target":["https:\/\/www.torokfoto.hu\/blog\/hogyan-rendszerezd-a-fotoid\/"]}]},{"@type":"ImageObject","inLanguage":"hu","@id":"https:\/\/www.torokfoto.hu\/blog\/hogyan-rendszerezd-a-fotoid\/#primaryimage","url":"https:\/\/www.torokfoto.hu\/blog\/wp-content\/uploads\/2015\/12\/album.jpg","contentUrl":"https:\/\/www.torokfoto.hu\/blog\/wp-content\/uploads\/2015\/12\/album.jpg","width":800,"height":533},{"@type":"BreadcrumbList","@id":"https:\/\/www.torokfoto.hu\/blog\/hogyan-rendszerezd-a-fotoid\/#breadcrumb","itemListElement":[{"@type":"ListItem","position":1,"name":"Home","item":"http:\/\/www.torokfoto.hu\/blog\/"},{"@type":"ListItem","position":2,"name":"Hogyan rendszerezd a fot\u00f3id?"}]},{"@type":"WebSite","@id":"http:\/\/www.torokfoto.hu\/blog\/#website","url":"http:\/\/www.torokfoto.hu\/blog\/","name":"T\u00f6r\u00f6kFot\u00f3 Blog","description":"T\u00f6r\u00f6kFot\u00f3 Blog","potentialAction":[{"@type":"SearchAction","target":{"@type":"EntryPoint","urlTemplate":"http:\/\/www.torokfoto.hu\/blog\/?s={search_term_string}"},"query-input":{"@type":"PropertyValueSpecification","valueRequired":true,"valueName":"search_term_string"}}],"inLanguage":"hu"},{"@type":"Person","@id":"http:\/\/www.torokfoto.hu\/blog\/#\/schema\/person\/15db174b0b57e6cb37c4b90725399434","name":"torokfoto","image":{"@type":"ImageObject","inLanguage":"hu","@id":"https:\/\/secure.gravatar.com\/avatar\/84a893069261eb70289981cdfa31eafab34feeb3148b57a67c28f3f3d8bc3a30?s=96&d=mm&r=g","url":"https:\/\/secure.gravatar.com\/avatar\/84a893069261eb70289981cdfa31eafab34feeb3148b57a67c28f3f3d8bc3a30?s=96&d=mm&r=g","contentUrl":"https:\/\/secure.gravatar.com\/avatar\/84a893069261eb70289981cdfa31eafab34feeb3148b57a67c28f3f3d8bc3a30?s=96&d=mm&r=g","caption":"torokfoto"},"url":"https:\/\/www.torokfoto.hu\/blog\/author\/torokfoto\/"}]}},"_links":{"self":[{"href":"https:\/\/www.torokfoto.hu\/blog\/wp-json\/wp\/v2\/posts\/971","targetHints":{"allow":["GET"]}}],"collection":[{"href":"https:\/\/www.torokfoto.hu\/blog\/wp-json\/wp\/v2\/posts"}],"about":[{"href":"https:\/\/www.torokfoto.hu\/blog\/wp-json\/wp\/v2\/types\/post"}],"author":[{"embeddable":true,"href":"https:\/\/www.torokfoto.hu\/blog\/wp-json\/wp\/v2\/users\/1"}],"replies":[{"embeddable":true,"href":"https:\/\/www.torokfoto.hu\/blog\/wp-json\/wp\/v2\/comments?post=971"}],"version-history":[{"count":9,"href":"https:\/\/www.torokfoto.hu\/blog\/wp-json\/wp\/v2\/posts\/971\/revisions"}],"predecessor-version":[{"id":986,"href":"https:\/\/www.torokfoto.hu\/blog\/wp-json\/wp\/v2\/posts\/971\/revisions\/986"}],"wp:attachment":[{"href":"https:\/\/www.torokfoto.hu\/blog\/wp-json\/wp\/v2\/media?parent=971"}],"wp:term":[{"taxonomy":"category","embeddable":true,"href":"https:\/\/www.torokfoto.hu\/blog\/wp-json\/wp\/v2\/categories?post=971"},{"taxonomy":"post_tag","embeddable":true,"href":"https:\/\/www.torokfoto.hu\/blog\/wp-json\/wp\/v2\/tags?post=971"}],"curies":[{"name":"wp","href":"https:\/\/api.w.org\/{rel}","templated":true}]}}