{"id":890,"date":"2015-12-11T12:28:15","date_gmt":"2015-12-11T11:28:15","guid":{"rendered":"http:\/\/www.torokfoto.hu\/blog\/?p=890"},"modified":"2020-01-08T12:41:46","modified_gmt":"2020-01-08T11:41:46","slug":"rooms-fotostudio-csodaorszag-budapesten","status":"publish","type":"post","link":"https:\/\/www.torokfoto.hu\/blog\/rooms-fotostudio-csodaorszag-budapesten\/","title":{"rendered":"Rooms fot\u00f3st\u00fadi\u00f3 &#8211; Csodaorsz\u00e1g Budapesten! [interj\u00fa]"},"content":{"rendered":"<p><a href=\"http:\/\/www.torokfoto.hu\/blog\/rooms-fotostudio-csodaorszag-budapesten\/\"><img loading=\"lazy\" decoding=\"async\" class=\"aligncenter wp-image-955 size-full\" src=\"http:\/\/www.torokfoto.hu\/blog\/wp-content\/uploads\/2015\/12\/Rooms-fotostudio-karacsony.jpg\" alt=\"Rooms-fotostudio-karacsony\" width=\"1920\" height=\"1920\" srcset=\"https:\/\/www.torokfoto.hu\/blog\/wp-content\/uploads\/2015\/12\/Rooms-fotostudio-karacsony.jpg 1920w, https:\/\/www.torokfoto.hu\/blog\/wp-content\/uploads\/2015\/12\/Rooms-fotostudio-karacsony-150x150.jpg 150w, https:\/\/www.torokfoto.hu\/blog\/wp-content\/uploads\/2015\/12\/Rooms-fotostudio-karacsony-300x300.jpg 300w, https:\/\/www.torokfoto.hu\/blog\/wp-content\/uploads\/2015\/12\/Rooms-fotostudio-karacsony-1024x1024.jpg 1024w, https:\/\/www.torokfoto.hu\/blog\/wp-content\/uploads\/2015\/12\/Rooms-fotostudio-karacsony-60x60.jpg 60w\" sizes=\"auto, (max-width: 1920px) 100vw, 1920px\" \/><\/a><\/p>\n<p>Az ember \u00e9let\u00e9ben ad\u00f3dnak olyan fontos esem\u00e9nyek, amelyeket\u00a0<strong>k\u00fcl\u00f6nleges k\u00f6rnyezetben<\/strong> szeretne meg\u00fcnnepelni illetve meg\u00f6r\u00f6k\u00edteni. Ez\u00e9rt nagyon fontos, hogy milyen helysz\u00ednt v\u00e1lasztunk. Egy k\u00fcl\u00f6nleges csodaorsz\u00e1got hozott l\u00e9tre\u00a0<strong>N\u00e9meth-Csik\u00f3s \u00cdrisz<\/strong> \u00e9s <strong>N\u00e9meth Zolt\u00e1n<\/strong>, Budapesten. Csepel sz\u00edv\u00e9ben tal\u00e1lhat\u00f3 <a href=\"http:\/\/rooms-studio.hu\/\" target=\"_blank\"><strong>Rooms<\/strong>\u00a0<strong>&#8211; your photo place<\/strong> <\/a>egy olyan <strong>vintage<\/strong> <strong>st\u00edlus\u00fa<\/strong> <strong>fot\u00f3st\u00fadi\u00f3<\/strong>, ahol minden kifejezetten <strong>fot\u00f3z\u00e1shoz<\/strong>, <strong>filmez\u00e9shez<\/strong> \u00e9s egy\u00e9b <strong>rendezv\u00e9nyekhez<\/strong> (sz\u00fclinapokhoz, esk\u00fcv\u0151kh\u00f6z) lett kialak\u00edtva.<\/p>\n<p><!--more--><\/p>\n<p>&nbsp;<\/p>\n<p>A Magyarorsz\u00e1gon \u00fatt\u00f6r\u0151nek sz\u00e1m\u00edt\u00f3 v\u00e1llalkoz\u00e1sr\u00f3l elmondhat\u00f3, hogy igaz\u00e1n sz\u00edvvel-l\u00e9lekkel hozt\u00e1k l\u00e9tre. Ez kifejezetten \u00e9rezhet\u0151 is. A <strong>sok szeretet<\/strong> \u00e9s kedvess\u00e9g, ami a <strong>hely szellem\u00e9t<\/strong> t\u00fckr\u00f6zi, teszi olyan <strong>otthonos<\/strong>s\u00e1 \u00e9s <strong>kellemes<\/strong>s\u00e9 a <a href=\"http:\/\/rooms-studio.hu\/\" target=\"_blank\">Rooms-your photo place<\/a> <strong>szob\u00e1it<\/strong>. \u00cdrisszel k\u00e9sz\u00edtett interj\u00fankb\u00f3l megtudhatj\u00e1tok, hogyan is j\u00f6tt l\u00e9tre ez a csod\u00e1latos vil\u00e1g&#8230;<\/p>\n<p>&nbsp;<\/p>\n<div class=\"su-box su-box-style-default\" id=\"\" style=\"border-color:#360f0f;border-radius:3px;max-width:none\"><div class=\"su-box-title\" style=\"background-color:#694242;color:#FFFFFF;border-top-left-radius:1px;border-top-right-radius:1px\">Fot\u00f3kidolgoz\u00e1s Kar\u00e1csonyra a T\u00f6r\u00f6kfot\u00f3n\u00e1l!<\/div><div class=\"su-box-content su-u-clearfix su-u-trim\" style=\"border-bottom-left-radius:1px;border-bottom-right-radius:1px\">\n<ul>\n<li>Online felt\u00f6lt\u00e9s (mobilr\u00f3l is!)<\/li>\n<li>Orsz\u00e1gos kisz\u00e1ll\u00edt\u00e1s<\/li>\n<li>Alkalomhoz ill\u0151 sablonok<\/li>\n<li>Cs\u00facsmin\u0151s\u00e9g<\/li>\n<\/ul>\n<p>Mindezt biztos\u00edtja sz\u00e1modra a <a href=\"http:\/\/www.torokfoto.hu\/termekek\/fotokidolgozas\" target=\"_blank\">T\u00f6r\u00f6kfot\u00f3<\/a>\u00a0Miskolcr\u00f3l!<\/p>\n<\/div><\/div>\n<p>&nbsp;<\/p>\n<h3><strong>1, Honnan indultatok? Mivel foglalkoztatok kor\u00e1bban?<\/strong><\/h3>\n<p>Mindketten fot\u00f3sok vagyunk. Els\u0151sorban esk\u00fcv\u0151ket fot\u00f3zunk, de gyakran vannak m\u00e1s jelleg\u0171 sorozataink is, amik sokszor \u00e1ltalunk fel\u00e9p\u00edtett enteri\u0151rrel k\u00e9sz\u00fclnek. Legink\u00e1bb ezek az enteri\u0151r\u00f6s (vintage) fot\u00f3z\u00e1sok ind\u00edtottak el benn\u00fcnket a Rooms megsz\u00fclet\u00e9s\u00e9hez vezet\u0151 \u00faton.<\/p>\n<p>&nbsp;<\/p>\n<h3><strong>2, Mi\u00f3ta foglalkoztatott Titeket ez a dolog, hogy egy ilyen helyet kialak\u00edtsatok?<\/strong><\/h3>\n<p>M\u00e1r j\u00f3ideje motoszk\u00e1lt a fej\u00fcnkben, hogy bizony sz\u00fcks\u00e9g volna egy olyan belt\u00e9ri helysz\u00ednre, ami vil\u00e1gos, t\u00e1gas, kedv\u00fcnk szerint form\u00e1lhat\u00f3 \u00e9s otthont adhat t\u00e9len vagy rossz id\u0151ben is az enteri\u0151r\u00f6s fot\u00f3z\u00e1sainknak. Sok\u00e1ig nem foglalkoztunk azonban komolyan az \u00f6tlettel \u00e9s a n\u00f6vekv\u0151 ig\u00e9nnyel. Tavaly t\u00e9len viszont eleg\u00fcnk lett a kompromisszumokb\u00f3l, abb\u00f3l, hogy nem vagy csak nagyon nehezen tal\u00e1lunk ilyen jelleg\u0171 helysz\u00ednt, el\u00e9rkezett az ideje, hogy nekil\u00e1ssunk megval\u00f3s\u00edtani az \u00e1lmunkat.<\/p>\n<p>&nbsp;<\/p>\n<figure id=\"attachment_951\" class=\"thumbnail wp-caption aligncenter\" style=\"width: 1930px\"><a href=\"http:\/\/www.torokfoto.hu\/blog\/rooms-fotostudio-csodaorszag-budapesten\/\"><img loading=\"lazy\" decoding=\"async\" class=\"wp-image-951 size-full\" src=\"http:\/\/www.torokfoto.hu\/blog\/wp-content\/uploads\/2015\/12\/allokad-fotostudio.jpg\" alt=\"A vintage, shabby chic \u00e9s rusztikus st\u00edlus kedvel\u0151i itt igaz\u00e1n magukra tal\u00e1lnak. (fot\u00f3: Rooms - your photo place)\" width=\"1920\" height=\"885\" srcset=\"https:\/\/www.torokfoto.hu\/blog\/wp-content\/uploads\/2015\/12\/allokad-fotostudio.jpg 1920w, https:\/\/www.torokfoto.hu\/blog\/wp-content\/uploads\/2015\/12\/allokad-fotostudio-300x138.jpg 300w, https:\/\/www.torokfoto.hu\/blog\/wp-content\/uploads\/2015\/12\/allokad-fotostudio-1024x472.jpg 1024w\" sizes=\"auto, (max-width: 1920px) 100vw, 1920px\" \/><\/a><figcaption class=\"caption wp-caption-text\">A vintage, shabby chic \u00e9s rusztikus st\u00edlus kedvel\u0151i itt igaz\u00e1n magukra tal\u00e1lnak. (fot\u00f3: Rooms &#8211; your photo place)<\/figcaption><\/figure>\n<p>&nbsp;<\/p>\n<h3><strong>3, Honnan mer\u00edtetek ihletet?<\/strong><\/h3>\n<p>B\u00e1rhonnan, mindenhonnan, sokszor a legv\u00e1ratlanabb helyekr\u0151l \u00e9rkezik egy-egy szikra. A hivat\u00e1sunkb\u00f3l ad\u00f3d\u00f3an \u00e9vek \u00f3ta nyomon k\u00eds\u00e9rj\u00fck a k\u00fclf\u00f6ldi trendeket, lelkes k\u00f6vet\u0151i vagyunk sz\u00e1mos olyan weboldalnak, amik szebbn\u00e9l-szebb dekor\u00e1ci\u00f3kkal, jobbn\u00e1l-jobb \u00f6tletekkel kecsegtetnek, amiket mi tov\u00e1bbgondolhatunk, magunkra form\u00e1lhatunk. Szeretj\u00fck a hazai alkot\u00f3k munk\u00e1it is, akik szint\u00e9n inspir\u00e1lnak benn\u00fcnket.<\/p>\n<p>&nbsp;<\/p>\n<h3><strong>4, Mi\u00e9rt Csepelre esett a v\u00e1laszt\u00e1sotok?<\/strong><\/h3>\n<p>Itt tal\u00e1ltuk meg, amire sz\u00fcks\u00e9g\u00fcnk volt: nagy belmagass\u00e1g, sok term\u00e9szetes f\u00e9ny, t\u00e1gas t\u00e9r. Egyszer\u0171en beleszerett\u00fcnk a csarnokba, \u00edgy azt\u00e1n nem volt k\u00e9rd\u00e9s, hogy ebben a k\u00fcl\u00f6n\u00f6s, f\u00e9rfias, kontrasztos vil\u00e1gban teremtj\u00fck meg a saj\u00e1t \u201er\u00f3zsasz\u00edn\u201d, n\u0151ies vil\u00e1gunkat.<\/p>\n<p>&nbsp;<\/p>\n<h3><strong>5, Ki\/Kik k\u00e9sz\u00edtik a fot\u00f3kat? Seg\u00edtetek abban, hogy j\u00f3 fot\u00f3st tal\u00e1ljunk?<\/strong><\/h3>\n<p>Nagyon sokf\u00e9le fot\u00f3s \u00e9rkezik hozz\u00e1nk itthonr\u00f3l, s\u0151t id\u0151nk\u00e9nt k\u00fclf\u00f6ldr\u0151l is. A v\u00e1laszt\u00e1st r\u00e1b\u00edzzuk a fot\u00f3alanyokra, de term\u00e9szetesen, ha ig\u00e9ny van r\u00e1, nagyon sz\u00edvesen aj\u00e1nlunk is fot\u00f3sokat.<\/p>\n<p>&nbsp;<\/p>\n<figure id=\"attachment_959\" class=\"thumbnail wp-caption aligncenter\" style=\"width: 1450px\"><a href=\"http:\/\/www.torokfoto.hu\/blog\/rooms-fotostudio-csodaorszag-budapesten\/\"><img loading=\"lazy\" decoding=\"async\" class=\"wp-image-959 size-full\" src=\"http:\/\/www.torokfoto.hu\/blog\/wp-content\/uploads\/2015\/12\/rooms-esti-vilagitas-kicsi.jpg\" alt=\"Rooms esti f\u00e9ny\u00e1rban (fot\u00f3: Rooms - your photo place)\" width=\"1440\" height=\"1019\" srcset=\"https:\/\/www.torokfoto.hu\/blog\/wp-content\/uploads\/2015\/12\/rooms-esti-vilagitas-kicsi.jpg 1440w, https:\/\/www.torokfoto.hu\/blog\/wp-content\/uploads\/2015\/12\/rooms-esti-vilagitas-kicsi-300x212.jpg 300w, https:\/\/www.torokfoto.hu\/blog\/wp-content\/uploads\/2015\/12\/rooms-esti-vilagitas-kicsi-1024x725.jpg 1024w\" sizes=\"auto, (max-width: 1440px) 100vw, 1440px\" \/><\/a><figcaption class=\"caption wp-caption-text\">Rooms esti f\u00e9ny\u00e1rban (fot\u00f3: Rooms &#8211; your photo place)<\/figcaption><\/figure>\n<p>&nbsp;<\/p>\n<h3><strong>6, Vannak olyan berendez\u00e9si t\u00e1rgyak, amiket saj\u00e1tkez<\/strong><strong>\u0171leg k<\/strong><strong>\u00e9sz<\/strong><strong>\u00edtettetek?<\/strong><\/h3>\n<p>Sok b\u00fatort \u00e9s n\u00e9h\u00e1ny kieg\u00e9sz\u00edt\u0151t mi \u00faj\u00edtottunk fel, illetve az \u00e1talak\u00edt\u00e1si munk\u00e1latok jelent\u0151s r\u00e9sz\u00e9t is ketten csin\u00e1ltuk, de igyeksz\u00fcnk bevonni min\u00e9l t\u00f6bb hazai k\u00e9zm\u0171vest, r\u00e9gi partner\u00fcnket, amikor meg\u00e1lmodunk egy-egy enteri\u0151rt.<\/p>\n<p>&nbsp;<\/p>\n<h3><strong>7, Melyik b\u00fator \u00e1ll a legk\u00f6zelebb a sz\u00edvetekhez? <\/strong><\/h3>\n<p>Tal\u00e1n a Le Bain-ben tal\u00e1lhat\u00f3 nagyon r\u00e9gi szekr\u00e9ny \u00e1ll legk\u00f6zelebb a sz\u00edv\u00fcnkh\u00f6z. Minden r\u00e9szlete mes\u00e9l, igaz\u00e1n egyedi darab, lelke van, \u00e9s ez nagyon fontos sz\u00e1munkra.<\/p>\n<p>&nbsp;<\/p>\n<figure id=\"attachment_953\" class=\"thumbnail wp-caption aligncenter\" style=\"width: 1930px\"><a href=\"http:\/\/www.torokfoto.hu\/blog\/rooms-fotostudio-csodaorszag-budapesten\/\"><img loading=\"lazy\" decoding=\"async\" class=\"wp-image-953 size-full\" src=\"http:\/\/www.torokfoto.hu\/blog\/wp-content\/uploads\/2015\/12\/lebain-rooms.jpg\" alt=\"Le Bain szoba enteri\u0151rje (fot\u00f3: Rooms-your photo place)\" width=\"1920\" height=\"1920\" srcset=\"https:\/\/www.torokfoto.hu\/blog\/wp-content\/uploads\/2015\/12\/lebain-rooms.jpg 1920w, https:\/\/www.torokfoto.hu\/blog\/wp-content\/uploads\/2015\/12\/lebain-rooms-150x150.jpg 150w, https:\/\/www.torokfoto.hu\/blog\/wp-content\/uploads\/2015\/12\/lebain-rooms-300x300.jpg 300w, https:\/\/www.torokfoto.hu\/blog\/wp-content\/uploads\/2015\/12\/lebain-rooms-1024x1024.jpg 1024w, https:\/\/www.torokfoto.hu\/blog\/wp-content\/uploads\/2015\/12\/lebain-rooms-60x60.jpg 60w\" sizes=\"auto, (max-width: 1920px) 100vw, 1920px\" \/><\/a><figcaption class=\"caption wp-caption-text\">Le Bain szoba enteri\u0151rje (fot\u00f3: Rooms-your photo place)<\/figcaption><\/figure>\n<p>&nbsp;<\/p>\n<h3><strong>8, Melyik szoba a kedvencetek \u00e9s mi\u00e9rt?<\/strong><\/h3>\n<p>A csarnok. Ebbe szerett\u00fcnk bele, ez adja a Rooms kett\u0151s arculat\u00e1t \u00e9s k\u00fcl\u00f6nlegess\u00e9g\u00e9t is, itt l\u00e1tszik igaz\u00e1n, hogy egy gy\u00e1r\u00e9p\u00fcletben vagyunk. Olyanban, ami a maga nem\u00e9ben is k\u00fcl\u00f6nleges az \u00edves, hagymaszerkezet\u0171 plafonj\u00e1nak k\u00f6sz\u00f6nhet\u0151en. R\u00e1ad\u00e1sul ez a t\u00e9r a mi kis j\u00e1tsz\u00f3ter\u00fcnk is, hiszen id\u0151r\u0151l-id\u0151re \u00e1talakul, \u00edgy mindig tartogat sz\u00e1munkra \u00e9s a vend\u00e9geink sz\u00e1m\u00e1ra is valami eg\u00e9szen \u00fajat.<\/p>\n<p>&nbsp;<\/p>\n<div class=\"su-box su-box-style-default\" id=\"\" style=\"border-color:#360f0f;border-radius:3px;max-width:none\"><div class=\"su-box-title\" style=\"background-color:#694242;color:#FFFFFF;border-top-left-radius:1px;border-top-right-radius:1px\">Fot\u00f3kidolgoz\u00e1s Kar\u00e1csonyra a T\u00f6r\u00f6kfot\u00f3n\u00e1l!<\/div><div class=\"su-box-content su-u-clearfix su-u-trim\" style=\"border-bottom-left-radius:1px;border-bottom-right-radius:1px\">\n<ul>\n<li>Online felt\u00f6lt\u00e9s (mobilr\u00f3l is!)<\/li>\n<li>Orsz\u00e1gos kisz\u00e1ll\u00edt\u00e1s<\/li>\n<li>Alkalomhoz ill\u0151 sablonok<\/li>\n<li>Cs\u00facsmin\u0151s\u00e9g<\/li>\n<\/ul>\n<p>Mindezt biztos\u00edtja sz\u00e1modra a <a href=\"http:\/\/www.torokfoto.hu\/termekek\/fotokidolgozas\" target=\"_blank\">T\u00f6r\u00f6kfot\u00f3<\/a>\u00a0Miskolcr\u00f3l!<\/p>\n<\/div><\/div>\n<p>&nbsp;<\/p>\n<h3><strong>9, Kik seg\u00edtenek a d\u00edsz\u00edt\u00e9s kivitelez\u00e9s\u00e9ben? Kik az \u00f6tlet szerz<\/strong><strong>\u0151i?<\/strong><\/h3>\n<p>Ketten tervez\u00fcnk \u00e9s \u00e1lmodozunk, t\u00f6bbnyire ketten is val\u00f3s\u00edtjuk meg azt, amit kital\u00e1ltunk. Sz\u00e1mos dolog persze menet k\u00f6zben alakul, \u00f6lt form\u00e1t. A t\u00e9li enteri\u0151r kapcs\u00e1n ez k\u00fcl\u00f6n\u00f6sen igaz, ott m\u00e9g az utols\u00f3 pillanatban is v\u00e1ltoztattunk azon, amit kital\u00e1ltunk.<\/p>\n<p>Nagyon h\u00e1l\u00e1sak vagyunk a <strong><a href=\"http:\/\/www.lauravirag.hu\/\" target=\"_blank\">Laura Vir\u00e1g<\/a><\/strong>nak, akikkel szinte az\u00f3ta dolgozunk egy\u00fctt, ami\u00f3ta fot\u00f3zunk. El\u00e9g p\u00e1r sz\u00f3t mondanunk, milyen kieg\u00e9sz\u00edt\u0151re is v\u00e1gyunk \u00e9s ann\u00e1l m\u00e9g gy\u00f6ny\u00f6r\u0171bb val\u00f3sul meg a kez\u00fck \u00e1ltal. Egyre nyitjuk azonban azt a k\u00f6rt, akikt\u0151l rendel\u00fcnk egyedi, sokszor csak nek\u00fcnk k\u00e9sz\u00fcl\u0151 kieg\u00e9sz\u00edt\u0151ket. Nagyon \u00f6r\u00fcl\u00fcnk, hogy v\u00e9gre nem csak csod\u00e1ljuk egy-egy alkot\u00f3 munk\u00e1j\u00e1t, hanem van hov\u00e1 rendeln\u00fcnk is t\u0151l\u00fck.<\/p>\n<p>&nbsp;<\/p>\n<figure id=\"attachment_954\" class=\"thumbnail wp-caption aligncenter\" style=\"width: 1930px\"><a href=\"http:\/\/www.torokfoto.hu\/blog\/rooms-fotostudio-csodaorszag-budapesten\/\"><img loading=\"lazy\" decoding=\"async\" class=\"wp-image-954 size-full\" src=\"http:\/\/www.torokfoto.hu\/blog\/wp-content\/uploads\/2015\/12\/rooms-fotostudio-csarnok1.jpg\" alt=\"A csarnok (fot\u00f3: Rooms-your photo place)\" width=\"1920\" height=\"1920\" srcset=\"https:\/\/www.torokfoto.hu\/blog\/wp-content\/uploads\/2015\/12\/rooms-fotostudio-csarnok1.jpg 1920w, https:\/\/www.torokfoto.hu\/blog\/wp-content\/uploads\/2015\/12\/rooms-fotostudio-csarnok1-150x150.jpg 150w, https:\/\/www.torokfoto.hu\/blog\/wp-content\/uploads\/2015\/12\/rooms-fotostudio-csarnok1-300x300.jpg 300w, https:\/\/www.torokfoto.hu\/blog\/wp-content\/uploads\/2015\/12\/rooms-fotostudio-csarnok1-1024x1024.jpg 1024w, https:\/\/www.torokfoto.hu\/blog\/wp-content\/uploads\/2015\/12\/rooms-fotostudio-csarnok1-60x60.jpg 60w\" sizes=\"auto, (max-width: 1920px) 100vw, 1920px\" \/><\/a><figcaption class=\"caption wp-caption-text\">A csarnok (fot\u00f3: Rooms-your photo place)<\/figcaption><\/figure>\n<p>&nbsp;<\/p>\n<h3><strong>10, Milyen enteri<\/strong><strong>\u0151r<\/strong><strong>\u00f6ket, st<\/strong><strong>\u00edlusokat szeretn<\/strong><strong>\u00e9tek m<\/strong><strong>\u00e9g megval<\/strong><strong>\u00f3s<\/strong><strong>\u00edtani? El<\/strong><strong>\u00e1rulj<\/strong><strong>\u00e1tok?<\/strong><\/h3>\n<p>Terv\u00fcnk rengeteg akad eg\u00e9szen sz\u00e9les st\u00edlussk\u00e1l\u00e1n, sokf\u00e9le tematik\u00e1val. A k\u00e9rd\u00e9s mindig az, hogy mire van befogad\u00f3k\u00e9pess\u00e9g. Egyel\u0151re azt l\u00e1tjuk, hogy enn\u00e9l a finom, n\u0151ies, eleg\u00e1ns vintage-shabby chic vonaln\u00e1l kell maradnunk. Szeret\u00fcnk viszont egy l\u00e9p\u00e9ssel el\u0151r\u00e9bb lenni, mint a hazai trend, \u00edgy biztosak vagyunk benne, hogy el\u0151bb-ut\u00f3bb vesz\u00fcnk egy nagy leveg\u0151t, \u00e9s csin\u00e1lunk valami rendhagy\u00f3bbat is m\u00e9g miel\u0151tt divathull\u00e1mm\u00e1 v\u00e1lik.<\/p>\n<p>Konkr\u00e9tan azonban csak a Valentin napi, illetve tavaszi enteri\u0151rt l\u00e1tjuk el\u0151re, ezekhez m\u00e1r elkezdt\u00fck a b\u00fatorok beszerz\u00e9s\u00e9t. Ut\u00f3bbi amolyan igazi, mesebeli, r\u00fcgyfakad\u00f3s mili\u0151 lesz. No \u00e9s most nem csak a csarnokban v\u00e1rhat\u00f3 \u00e1talakul\u00e1s, de err\u0151l m\u00e9g nem \u00e1rulhatunk el t\u00f6bbet. Hamarosan kider\u00fcl minden!<\/p>\n<p>&nbsp;<\/p>\n<h3><strong>11, Kiknek aj\u00e1nlj\u00e1tok magatokat?<\/strong><\/h3>\n<p>B\u00e1rkinek, aki szereti a vintage, shabby chic \u00e9s rusztikus st\u00edlust. Legf\u0151k\u00e9ppen pedig azoknak, akik nem egy steril, st\u00fadi\u00f3s k\u00f6rnyezetre v\u00e1gynak, de m\u00e9gis olyan belt\u00e9ri helysz\u00ednre, ami kifejezetten fot\u00f3z\u00e1sra, filmez\u00e9sre k\u00e9sz\u00fclt, \u00edgy azt\u00e1n nem kell megk\u00f6tni a szok\u00e1sos kompromisszumokat a haszn\u00e1lata kapcs\u00e1n, szabadon lehet t\u00e9rben gondolkodni. Aki szeret alkotni is, hiszen a Rooms egy interakt\u00edv fot\u00f3z\u00e1si helysz\u00edn, nem is igaz\u00e1n st\u00fadi\u00f3. A kincsest\u00e1r kell\u00e9keib\u0151l lehet b\u00e1rmit bevinni, a terekben a kieg\u00e9sz\u00edt\u0151ket mozgatni, sz\u00f3val \u00fagy igaz\u00e1n \u00e9lvezni otthonosan, ami csak n\u00e1lunk van.<\/p>\n<p>A fot\u00f3z\u00e1son, filmk\u00e9sz\u00edt\u00e9sen t\u00fal pedig sz\u00edvesen fogadjuk a kisebb rendezv\u00e9nyeket is, legyen sz\u00f3 \u00fczleti tal\u00e1lkoz\u00f3r\u00f3l, bemutat\u00f3r\u00f3l vagy \u00e9ppen esk\u00fcv\u0151i szertart\u00e1sr\u00f3l.<\/p>\n<p>&nbsp;<\/p>\n<h3><strong>12, Lehet<\/strong><strong>\u0151s<\/strong><strong>\u00e9get biztos<\/strong><strong>\u00edtotok azok sz<\/strong><strong>\u00e1m<\/strong><strong>\u00e1ra, akik h<\/strong><strong>\u00e1zi kedvenc<\/strong><strong>\u00fckkel szeretn<\/strong><strong>\u00e9nek fot<\/strong><strong>\u00f3zkodni? <\/strong><\/h3>\n<p>Sz\u00edvesen fogadunk h\u00e1zi kedvenceket is. N\u00e9h\u00e1ny alapvet\u0151 szab\u00e1ly vonatkozik persze r\u00e1juk, de szeretj\u00fck \u0151ket, \u00edgy mi\u00e9rt ne j\u00f6hetn\u00e9nek!<\/p>\n<p>&nbsp;<\/p>\n<h3><strong>13, Terveztek m\u00e1s v\u00e1rosban is terjeszkedni?<\/strong><\/h3>\n<p>Magunk is meglep\u0151dt\u00fcnk, mennyien k\u00e9rdezt\u00e9k m\u00e1r a j\u00faliusi nyit\u00e1s \u00f3ta, nem szeretn\u00e9nk-e franchice-t. Nem mondjuk, hogy nem cs\u00e1b\u00edt\u00f3 az orsz\u00e1gos fot\u00f3st\u00fadi\u00f3 h\u00e1l\u00f3zat gondolata, de sajnos t\u00e9ny, hogy Magyarorsz\u00e1g kicsi ehhez. Kett\u0151 vagy t\u00f6bb a Rooms-hoz hasonl\u00f3 volumen\u0171, enteri\u0151r\u00f6s fot\u00f3z\u00e1si helysz\u00edn nem biztos, hogy rent\u00e1bilis lenne. Magas kiad\u00e1sokkal kell ugyanis kalkul\u00e1lni, ami az elengedhetetlen meg\u00fajul\u00e1s miatt gyakorlatilag folyamatos beruh\u00e1z\u00e1st jelent. R\u00e1ad\u00e1sul kider\u00fclt az is, hogy nem okoz probl\u00e9m\u00e1t senkinek, ha ak\u00e1r t\u00f6bb sz\u00e1z kilom\u00e9tert kell utaznia hozz\u00e1nk, s\u0151t mostm\u00e1r a hat\u00e1ron t\u00falr\u00f3l is vannak vend\u00e9geink, \u00edgy egyel\u0151re maradunk csak itt.<\/p>\n<p>&nbsp;<\/p>\n<figure id=\"attachment_956\" class=\"thumbnail wp-caption aligncenter\" style=\"width: 1930px\"><a href=\"http:\/\/www.torokfoto.hu\/blog\/rooms-fotostudio-csodaorszag-budapesten\/\"><img loading=\"lazy\" decoding=\"async\" class=\"wp-image-956 size-full\" src=\"http:\/\/www.torokfoto.hu\/blog\/wp-content\/uploads\/2015\/12\/Paris-rooms.jpg\" alt=\"Paris room, az egyik szem\u00e9lyes kedvenc\u00fcnk volt (fot\u00f3: Rooms - your place)\" width=\"1920\" height=\"1920\" srcset=\"https:\/\/www.torokfoto.hu\/blog\/wp-content\/uploads\/2015\/12\/Paris-rooms.jpg 1920w, https:\/\/www.torokfoto.hu\/blog\/wp-content\/uploads\/2015\/12\/Paris-rooms-150x150.jpg 150w, https:\/\/www.torokfoto.hu\/blog\/wp-content\/uploads\/2015\/12\/Paris-rooms-300x300.jpg 300w, https:\/\/www.torokfoto.hu\/blog\/wp-content\/uploads\/2015\/12\/Paris-rooms-1024x1024.jpg 1024w, https:\/\/www.torokfoto.hu\/blog\/wp-content\/uploads\/2015\/12\/Paris-rooms-60x60.jpg 60w\" sizes=\"auto, (max-width: 1920px) 100vw, 1920px\" \/><\/a><figcaption class=\"caption wp-caption-text\">Paris room, az egyik szem\u00e9lyes kedvenc\u00fcnk volt (fot\u00f3: Rooms &#8211; your place)<\/figcaption><\/figure>\n<p>&nbsp;<\/p>\n<h3><strong>14, Mik a terveitek a j\u00f6v<\/strong><strong>\u0151re n<\/strong><strong>\u00e9zve? Mit szeretn<\/strong><strong>\u00e9tek m<\/strong><strong>\u00e9g megval<\/strong><strong>\u00f3s<\/strong><strong>\u00edtani?<\/strong><\/h3>\n<p>A terjeszked\u00e9st a jelenlegi ter\u00fcleten bel\u00fcl tervezgetj\u00fck, szerencs\u00e9re a lehet\u0151s\u00e9g adott, mert van olyan ter\u00fcnk, ami nagyon cs\u00e1b\u00edt\u00f3, de most kihaszn\u00e1latlan. R\u00e1ad\u00e1sul egy \u00fajabb sz\u00ednt, \u00fajabb st\u00edlust is vihetne a Rooms \u00e9let\u00e9be. Egyel\u0151re nagyon k\u00e9pl\u00e9keny minden, de b\u00edzunk benne, hogy nemsok\u00e1ra t\u00e9nyk\u00e9nt \u00e9s nem csak \u00e1lomk\u00e9nt besz\u00e9lgethet\u00fcnk r\u00f3la.<\/p>\n<p>Gondolkodunk abban is, hogy a Kincsest\u00e1r lehet\u0151s\u00e9geit is b\u0151v\u00edtj\u00fck, hogy a szolg\u00e1ltat\u00e1sunk m\u00e9g egyed\u00fcl\u00e1ll\u00f3bb \u00e9s sz\u00e9lesk\u00f6r\u0171bb lehessen.<\/p>\n<p>&nbsp;<\/p>\n<h3><strong>15, Mi a legkedvesebb eml\u00e9ketek\/\u00e9lm\u00e9nyetek eddig, ami a helyhez k\u00f6thet<\/strong><strong>\u0151?<\/strong><\/h3>\n<p>A legmeghat\u00e1roz\u00f3bb pillanat azt hiszem, az volt, amikor sok-sok tervezget\u00e9s, \u00e1lmodoz\u00e1s \u00e9s 3 h\u00f3nap k\u0151 kem\u00e9ny munka ut\u00e1n v\u00e9gre elk\u00e9sz\u00fclt\u00fcnk.<\/p>\n<p>Els\u00edrtam magam, amikor f\u00e9l \u00f3r\u00e1val a nyit\u00e1s el\u0151tt a hely\u00e9re tettem az utols\u00f3 apr\u00f3 kieg\u00e9sz\u00edt\u0151t is, \u00e9s meg\u00e1lltam egy pillanatra Zolival a csarnok bej\u00e1rat\u00e1n\u00e1l.<\/p>\n<p>Az\u00f3ta persze napr\u00f3l-napra gazdagabbak lesz\u00fcnk \u00e9rt\u00e9kes emberi kapcsolatokkal, tapasztalatokkal, sokszor annyi mindent hoz a Rooms az \u00e9let\u00fcnkbe, amit nem is k\u00e9pzelt\u00fcnk!<\/p>\n<p>&nbsp;<\/p>\n<h3><strong>16, Van-e esetleg olyan t\u00f6rt\u00e9net, amit sz\u00edvesen megosztan\u00e1tok az olvas\u00f3kkal?<\/strong><\/h3>\n<p>Ez neh\u00e9z k\u00e9rd\u00e9s\u2026 Rengeteg sztorink van, persze nem csak sz\u00edvder\u00edt\u0151ek, de semmi sincs csak cukorb\u00f3l.<\/p>\n<p>Az egyik legkedvesebb tal\u00e1n egy v\u00e1ratlan l\u00e1nyk\u00e9r\u00e9s. Amikor reggel fel\u00e9bredt\u00fcnk, mit sem sejtett\u00fcnk arr\u00f3l, milyen k\u00fcl\u00f6nleges is lesz az a nap a Rooms \u00e9s a F\u00e9nylabor t\u00f6rt\u00e9net\u00e9ben egyar\u00e1nt. Meg\u00e9rkezett a p\u00e1r, \u00e9s mik\u00f6zben \u00e9n Henivel ruh\u00e1kat v\u00e1logattam, a fi\u00fak susmusoltak. Azt\u00e1n Zoli f\u00e9lreh\u00edvott, hogy van egy kis dilemma, amit meg kellene oldani, miszerint hova rejts\u00fcnk el egy gy\u0171r\u0171t, \u00e9s hogy szedj\u00fck el\u0151 fot\u00f3z\u00e1s k\u00f6zben. Kis fejt\u00f6r\u00e9s ut\u00e1n kital\u00e1ltuk, hogy egy k\u00f6nyv alak\u00fa dobozba rejtj\u00fck.<\/p>\n<p>Elkezd\u0151d\u00f6tt a fot\u00f3z\u00e1s vid\u00e1man, laz\u00e1n, de valahogy m\u00e9gis ott volt a fesz\u00fclts\u00e9g a leveg\u0151ben. Gondoltuk, na itt a pillanat, nem lehet ezt tov\u00e1bb h\u00fazni! Mondtuk a p\u00e1rnak, hogy mit sz\u00f3ln\u00e1nak n\u00e9h\u00e1ny olvas\u00f3s fot\u00f3hoz, majd nyomat\u00e9kosan r\u00e1n\u00e9ztem Giorgiora, hogy k\u00e9szen \u00e1ll-e. Nem mintha akkor m\u00e1r lett volna m\u00e1s v\u00e1laszt\u00e1sa! \ud83d\ude42 Heni kinyitotta a dobozt, \u00e9s alig hitt a szem\u00e9nek. Eml\u00e9kszem, hossz\u00fa m\u00e1sodpercekig nem is v\u00e1laszolt a nagy k\u00e9rd\u00e9sre, annyira meghat\u00f3dott \u00e9s meglep\u0151d\u00f6tt egyszerre. Azt\u00e1n persze igent mondott! \u00cdgy t\u00f6rt\u00e9nt az els\u0151, de tal\u00e1n nem utols\u00f3 l\u00e1nyk\u00e9r\u00e9s n\u00e1lunk.<\/p>\n<p>&nbsp;<\/p>\n<figure id=\"attachment_950\" class=\"thumbnail wp-caption aligncenter\" style=\"width: 1930px\"><a href=\"http:\/\/www.torokfoto.hu\/blog\/rooms-fotostudio-csodaorszag-budapesten\/\"><img loading=\"lazy\" decoding=\"async\" class=\"wp-image-950 size-full\" src=\"http:\/\/www.torokfoto.hu\/blog\/wp-content\/uploads\/2015\/12\/rooms-fotostudio-vintage-5.jpg\" alt=\"A Laura Vir\u00e1g seg\u00edt az enteri\u0151r\u00f6k kialak\u00edt\u00e1s\u00e1ban (fot\u00f3: Rooms - your photo place)\" width=\"1920\" height=\"1358\" srcset=\"https:\/\/www.torokfoto.hu\/blog\/wp-content\/uploads\/2015\/12\/rooms-fotostudio-vintage-5.jpg 1920w, https:\/\/www.torokfoto.hu\/blog\/wp-content\/uploads\/2015\/12\/rooms-fotostudio-vintage-5-300x212.jpg 300w, https:\/\/www.torokfoto.hu\/blog\/wp-content\/uploads\/2015\/12\/rooms-fotostudio-vintage-5-1024x724.jpg 1024w\" sizes=\"auto, (max-width: 1920px) 100vw, 1920px\" \/><\/a><figcaption class=\"caption wp-caption-text\">A Laura Vir\u00e1g seg\u00edt az enteri\u0151r\u00f6k kialak\u00edt\u00e1s\u00e1ban (fot\u00f3: Rooms &#8211; your photo place)<\/figcaption><\/figure>\n<p>&nbsp;<\/p>\n<p>Rem\u00e9lj\u00fck, a Ti tetsz\u00e9setek is elnyerte a hely sz\u00e9ps\u00e9ge \u00e9s b\u00e1ja. Ez\u00faton is <strong>k\u00f6sz\u00f6nj\u00fck sz\u00e9pen \u00cdrisznek \u00e9s Zolinak<\/strong>, hogy a rendelkez\u00e9s\u00fcnkre \u00e1lltak \u00e9s hogy egy ilyen fantasztikus fot\u00f3st\u00fadi\u00f3t alkottak mindenki \u00f6r\u00f6m\u00e9re. \ud83d\ude42<\/p>\n<p>&nbsp;<\/p>\n<p>Ha szeretn\u00e9tek hasonl\u00f3 cikkeket, interj\u00fakat olvasni akkor k\u00f6vessetek\u00a0minket <a href=\"http:\/\/www.torokfoto.hu\/blog\/\" target=\"_blank\">itt <\/a>vagy <a href=\"https:\/\/www.facebook.com\/torokfoto\/?fref=ts\" target=\"_blank\">Facebookon<\/a>!<\/p>\n<p>&nbsp;<\/p>\n<p>&nbsp;<\/p>\n","protected":false},"excerpt":{"rendered":"<p>Az ember \u00e9let\u00e9ben ad\u00f3dnak olyan fontos esem\u00e9nyek, amelyeket\u00a0k\u00fcl\u00f6nleges k\u00f6rnyezetben szeretne meg\u00fcnnepelni illetve meg\u00f6r\u00f6k\u00edteni. Ez\u00e9rt nagyon fontos, hogy milyen helysz\u00ednt v\u00e1lasztunk. Egy k\u00fcl\u00f6nleges csodaorsz\u00e1got hozott l\u00e9tre\u00a0N\u00e9meth-Csik\u00f3s \u00cdrisz \u00e9s N\u00e9meth Zolt\u00e1n, Budapesten. Csepel sz\u00edv\u00e9ben tal\u00e1lhat\u00f3 Rooms\u00a0&#8211; your photo place egy olyan vintage st\u00edlus\u00fa fot\u00f3st\u00fadi\u00f3, ahol minden kifejezetten fot\u00f3z\u00e1shoz, filmez\u00e9shez \u00e9s egy\u00e9b rendezv\u00e9nyekhez (sz\u00fclinapokhoz, esk\u00fcv\u0151kh\u00f6z) lett kialak\u00edtva.<\/p>\n","protected":false},"author":1,"featured_media":0,"comment_status":"closed","ping_status":"closed","sticky":false,"template":"","format":"standard","meta":{"footnotes":""},"categories":[1],"tags":[6,10],"class_list":["post-890","post","type-post","status-publish","format-standard","hentry","category-egyeb","tag-fotozas","tag-interju"],"yoast_head":"<!-- This site is optimized with the Yoast SEO plugin v27.5 - https:\/\/yoast.com\/product\/yoast-seo-wordpress\/ -->\n<title>Rooms fot\u00f3st\u00fadi\u00f3 - Csodaorsz\u00e1g Budapesten! [interj\u00fa] - T\u00f6r\u00f6kFot\u00f3 Blog<\/title>\n<meta name=\"robots\" content=\"index, follow, max-snippet:-1, max-image-preview:large, max-video-preview:-1\" \/>\n<link rel=\"canonical\" href=\"http:\/\/www.torokfoto.hu\/blog\/rooms-fotostudio-csodaorszag-budapesten\/\" \/>\n<meta property=\"og:locale\" content=\"hu_HU\" \/>\n<meta property=\"og:type\" content=\"article\" \/>\n<meta property=\"og:title\" content=\"Rooms fot\u00f3st\u00fadi\u00f3 - Csodaorsz\u00e1g Budapesten! [interj\u00fa] - T\u00f6r\u00f6kFot\u00f3 Blog\" \/>\n<meta property=\"og:description\" content=\"Az ember \u00e9let\u00e9ben ad\u00f3dnak olyan fontos esem\u00e9nyek, amelyeket\u00a0k\u00fcl\u00f6nleges k\u00f6rnyezetben szeretne meg\u00fcnnepelni illetve meg\u00f6r\u00f6k\u00edteni. Ez\u00e9rt nagyon fontos, hogy milyen helysz\u00ednt v\u00e1lasztunk. Egy k\u00fcl\u00f6nleges csodaorsz\u00e1got hozott l\u00e9tre\u00a0N\u00e9meth-Csik\u00f3s \u00cdrisz \u00e9s N\u00e9meth Zolt\u00e1n, Budapesten. Csepel sz\u00edv\u00e9ben tal\u00e1lhat\u00f3 Rooms\u00a0&#8211; your photo place egy olyan vintage st\u00edlus\u00fa fot\u00f3st\u00fadi\u00f3, ahol minden kifejezetten fot\u00f3z\u00e1shoz, filmez\u00e9shez \u00e9s egy\u00e9b rendezv\u00e9nyekhez (sz\u00fclinapokhoz, esk\u00fcv\u0151kh\u00f6z) lett kialak\u00edtva.\" \/>\n<meta property=\"og:url\" content=\"http:\/\/www.torokfoto.hu\/blog\/rooms-fotostudio-csodaorszag-budapesten\/\" \/>\n<meta property=\"og:site_name\" content=\"T\u00f6r\u00f6kFot\u00f3 Blog\" \/>\n<meta property=\"article:publisher\" content=\"https:\/\/www.facebook.com\/torokfoto\" \/>\n<meta property=\"article:published_time\" content=\"2015-12-11T11:28:15+00:00\" \/>\n<meta property=\"article:modified_time\" content=\"2020-01-08T11:41:46+00:00\" \/>\n<meta property=\"og:image\" content=\"http:\/\/www.torokfoto.hu\/blog\/wp-content\/uploads\/2015\/12\/Rooms-fotostudio-karacsony.jpg\" \/>\n<meta name=\"author\" content=\"torokfoto\" \/>\n<meta name=\"twitter:label1\" content=\"Written by\" \/>\n\t<meta name=\"twitter:data1\" content=\"torokfoto\" \/>\n\t<meta name=\"twitter:label2\" content=\"Est. reading time\" \/>\n\t<meta name=\"twitter:data2\" content=\"11 perc\" \/>\n<script type=\"application\/ld+json\" class=\"yoast-schema-graph\">{\"@context\":\"https:\\\/\\\/schema.org\",\"@graph\":[{\"@type\":\"Article\",\"@id\":\"http:\\\/\\\/www.torokfoto.hu\\\/blog\\\/rooms-fotostudio-csodaorszag-budapesten\\\/#article\",\"isPartOf\":{\"@id\":\"http:\\\/\\\/www.torokfoto.hu\\\/blog\\\/rooms-fotostudio-csodaorszag-budapesten\\\/\"},\"author\":{\"name\":\"torokfoto\",\"@id\":\"http:\\\/\\\/www.torokfoto.hu\\\/blog\\\/#\\\/schema\\\/person\\\/15db174b0b57e6cb37c4b90725399434\"},\"headline\":\"Rooms fot\u00f3st\u00fadi\u00f3 &#8211; Csodaorsz\u00e1g Budapesten! [interj\u00fa]\",\"datePublished\":\"2015-12-11T11:28:15+00:00\",\"dateModified\":\"2020-01-08T11:41:46+00:00\",\"mainEntityOfPage\":{\"@id\":\"http:\\\/\\\/www.torokfoto.hu\\\/blog\\\/rooms-fotostudio-csodaorszag-budapesten\\\/\"},\"wordCount\":2280,\"image\":{\"@id\":\"http:\\\/\\\/www.torokfoto.hu\\\/blog\\\/rooms-fotostudio-csodaorszag-budapesten\\\/#primaryimage\"},\"thumbnailUrl\":\"http:\\\/\\\/www.torokfoto.hu\\\/blog\\\/wp-content\\\/uploads\\\/2015\\\/12\\\/Rooms-fotostudio-karacsony.jpg\",\"keywords\":[\"fot\u00f3z\u00e1s\",\"interj\u00fa\"],\"articleSection\":[\"Egy\u00e9b\"],\"inLanguage\":\"hu\"},{\"@type\":\"WebPage\",\"@id\":\"http:\\\/\\\/www.torokfoto.hu\\\/blog\\\/rooms-fotostudio-csodaorszag-budapesten\\\/\",\"url\":\"http:\\\/\\\/www.torokfoto.hu\\\/blog\\\/rooms-fotostudio-csodaorszag-budapesten\\\/\",\"name\":\"Rooms fot\u00f3st\u00fadi\u00f3 - Csodaorsz\u00e1g Budapesten! [interj\u00fa] - T\u00f6r\u00f6kFot\u00f3 Blog\",\"isPartOf\":{\"@id\":\"http:\\\/\\\/www.torokfoto.hu\\\/blog\\\/#website\"},\"primaryImageOfPage\":{\"@id\":\"http:\\\/\\\/www.torokfoto.hu\\\/blog\\\/rooms-fotostudio-csodaorszag-budapesten\\\/#primaryimage\"},\"image\":{\"@id\":\"http:\\\/\\\/www.torokfoto.hu\\\/blog\\\/rooms-fotostudio-csodaorszag-budapesten\\\/#primaryimage\"},\"thumbnailUrl\":\"http:\\\/\\\/www.torokfoto.hu\\\/blog\\\/wp-content\\\/uploads\\\/2015\\\/12\\\/Rooms-fotostudio-karacsony.jpg\",\"datePublished\":\"2015-12-11T11:28:15+00:00\",\"dateModified\":\"2020-01-08T11:41:46+00:00\",\"author\":{\"@id\":\"http:\\\/\\\/www.torokfoto.hu\\\/blog\\\/#\\\/schema\\\/person\\\/15db174b0b57e6cb37c4b90725399434\"},\"breadcrumb\":{\"@id\":\"http:\\\/\\\/www.torokfoto.hu\\\/blog\\\/rooms-fotostudio-csodaorszag-budapesten\\\/#breadcrumb\"},\"inLanguage\":\"hu\",\"potentialAction\":[{\"@type\":\"ReadAction\",\"target\":[\"http:\\\/\\\/www.torokfoto.hu\\\/blog\\\/rooms-fotostudio-csodaorszag-budapesten\\\/\"]}]},{\"@type\":\"ImageObject\",\"inLanguage\":\"hu\",\"@id\":\"http:\\\/\\\/www.torokfoto.hu\\\/blog\\\/rooms-fotostudio-csodaorszag-budapesten\\\/#primaryimage\",\"url\":\"https:\\\/\\\/www.torokfoto.hu\\\/blog\\\/wp-content\\\/uploads\\\/2015\\\/12\\\/Rooms-fotostudio-karacsony.jpg\",\"contentUrl\":\"https:\\\/\\\/www.torokfoto.hu\\\/blog\\\/wp-content\\\/uploads\\\/2015\\\/12\\\/Rooms-fotostudio-karacsony.jpg\",\"width\":1920,\"height\":1920},{\"@type\":\"BreadcrumbList\",\"@id\":\"http:\\\/\\\/www.torokfoto.hu\\\/blog\\\/rooms-fotostudio-csodaorszag-budapesten\\\/#breadcrumb\",\"itemListElement\":[{\"@type\":\"ListItem\",\"position\":1,\"name\":\"Home\",\"item\":\"http:\\\/\\\/www.torokfoto.hu\\\/blog\\\/\"},{\"@type\":\"ListItem\",\"position\":2,\"name\":\"Rooms fot\u00f3st\u00fadi\u00f3 &#8211; Csodaorsz\u00e1g Budapesten! [interj\u00fa]\"}]},{\"@type\":\"WebSite\",\"@id\":\"http:\\\/\\\/www.torokfoto.hu\\\/blog\\\/#website\",\"url\":\"http:\\\/\\\/www.torokfoto.hu\\\/blog\\\/\",\"name\":\"T\u00f6r\u00f6kFot\u00f3 Blog\",\"description\":\"T\u00f6r\u00f6kFot\u00f3 Blog\",\"potentialAction\":[{\"@type\":\"SearchAction\",\"target\":{\"@type\":\"EntryPoint\",\"urlTemplate\":\"http:\\\/\\\/www.torokfoto.hu\\\/blog\\\/?s={search_term_string}\"},\"query-input\":{\"@type\":\"PropertyValueSpecification\",\"valueRequired\":true,\"valueName\":\"search_term_string\"}}],\"inLanguage\":\"hu\"},{\"@type\":\"Person\",\"@id\":\"http:\\\/\\\/www.torokfoto.hu\\\/blog\\\/#\\\/schema\\\/person\\\/15db174b0b57e6cb37c4b90725399434\",\"name\":\"torokfoto\",\"image\":{\"@type\":\"ImageObject\",\"inLanguage\":\"hu\",\"@id\":\"https:\\\/\\\/secure.gravatar.com\\\/avatar\\\/84a893069261eb70289981cdfa31eafab34feeb3148b57a67c28f3f3d8bc3a30?s=96&d=mm&r=g\",\"url\":\"https:\\\/\\\/secure.gravatar.com\\\/avatar\\\/84a893069261eb70289981cdfa31eafab34feeb3148b57a67c28f3f3d8bc3a30?s=96&d=mm&r=g\",\"contentUrl\":\"https:\\\/\\\/secure.gravatar.com\\\/avatar\\\/84a893069261eb70289981cdfa31eafab34feeb3148b57a67c28f3f3d8bc3a30?s=96&d=mm&r=g\",\"caption\":\"torokfoto\"},\"url\":\"https:\\\/\\\/www.torokfoto.hu\\\/blog\\\/author\\\/torokfoto\\\/\"}]}<\/script>\n<!-- \/ Yoast SEO plugin. -->","yoast_head_json":{"title":"Rooms fot\u00f3st\u00fadi\u00f3 - Csodaorsz\u00e1g Budapesten! [interj\u00fa] - T\u00f6r\u00f6kFot\u00f3 Blog","robots":{"index":"index","follow":"follow","max-snippet":"max-snippet:-1","max-image-preview":"max-image-preview:large","max-video-preview":"max-video-preview:-1"},"canonical":"http:\/\/www.torokfoto.hu\/blog\/rooms-fotostudio-csodaorszag-budapesten\/","og_locale":"hu_HU","og_type":"article","og_title":"Rooms fot\u00f3st\u00fadi\u00f3 - Csodaorsz\u00e1g Budapesten! [interj\u00fa] - T\u00f6r\u00f6kFot\u00f3 Blog","og_description":"Az ember \u00e9let\u00e9ben ad\u00f3dnak olyan fontos esem\u00e9nyek, amelyeket\u00a0k\u00fcl\u00f6nleges k\u00f6rnyezetben szeretne meg\u00fcnnepelni illetve meg\u00f6r\u00f6k\u00edteni. Ez\u00e9rt nagyon fontos, hogy milyen helysz\u00ednt v\u00e1lasztunk. Egy k\u00fcl\u00f6nleges csodaorsz\u00e1got hozott l\u00e9tre\u00a0N\u00e9meth-Csik\u00f3s \u00cdrisz \u00e9s N\u00e9meth Zolt\u00e1n, Budapesten. Csepel sz\u00edv\u00e9ben tal\u00e1lhat\u00f3 Rooms\u00a0&#8211; your photo place egy olyan vintage st\u00edlus\u00fa fot\u00f3st\u00fadi\u00f3, ahol minden kifejezetten fot\u00f3z\u00e1shoz, filmez\u00e9shez \u00e9s egy\u00e9b rendezv\u00e9nyekhez (sz\u00fclinapokhoz, esk\u00fcv\u0151kh\u00f6z) lett kialak\u00edtva.","og_url":"http:\/\/www.torokfoto.hu\/blog\/rooms-fotostudio-csodaorszag-budapesten\/","og_site_name":"T\u00f6r\u00f6kFot\u00f3 Blog","article_publisher":"https:\/\/www.facebook.com\/torokfoto","article_published_time":"2015-12-11T11:28:15+00:00","article_modified_time":"2020-01-08T11:41:46+00:00","og_image":[{"url":"http:\/\/www.torokfoto.hu\/blog\/wp-content\/uploads\/2015\/12\/Rooms-fotostudio-karacsony.jpg","type":"","width":"","height":""}],"author":"torokfoto","twitter_misc":{"Written by":"torokfoto","Est. reading time":"11 perc"},"schema":{"@context":"https:\/\/schema.org","@graph":[{"@type":"Article","@id":"http:\/\/www.torokfoto.hu\/blog\/rooms-fotostudio-csodaorszag-budapesten\/#article","isPartOf":{"@id":"http:\/\/www.torokfoto.hu\/blog\/rooms-fotostudio-csodaorszag-budapesten\/"},"author":{"name":"torokfoto","@id":"http:\/\/www.torokfoto.hu\/blog\/#\/schema\/person\/15db174b0b57e6cb37c4b90725399434"},"headline":"Rooms fot\u00f3st\u00fadi\u00f3 &#8211; Csodaorsz\u00e1g Budapesten! [interj\u00fa]","datePublished":"2015-12-11T11:28:15+00:00","dateModified":"2020-01-08T11:41:46+00:00","mainEntityOfPage":{"@id":"http:\/\/www.torokfoto.hu\/blog\/rooms-fotostudio-csodaorszag-budapesten\/"},"wordCount":2280,"image":{"@id":"http:\/\/www.torokfoto.hu\/blog\/rooms-fotostudio-csodaorszag-budapesten\/#primaryimage"},"thumbnailUrl":"http:\/\/www.torokfoto.hu\/blog\/wp-content\/uploads\/2015\/12\/Rooms-fotostudio-karacsony.jpg","keywords":["fot\u00f3z\u00e1s","interj\u00fa"],"articleSection":["Egy\u00e9b"],"inLanguage":"hu"},{"@type":"WebPage","@id":"http:\/\/www.torokfoto.hu\/blog\/rooms-fotostudio-csodaorszag-budapesten\/","url":"http:\/\/www.torokfoto.hu\/blog\/rooms-fotostudio-csodaorszag-budapesten\/","name":"Rooms fot\u00f3st\u00fadi\u00f3 - Csodaorsz\u00e1g Budapesten! [interj\u00fa] - T\u00f6r\u00f6kFot\u00f3 Blog","isPartOf":{"@id":"http:\/\/www.torokfoto.hu\/blog\/#website"},"primaryImageOfPage":{"@id":"http:\/\/www.torokfoto.hu\/blog\/rooms-fotostudio-csodaorszag-budapesten\/#primaryimage"},"image":{"@id":"http:\/\/www.torokfoto.hu\/blog\/rooms-fotostudio-csodaorszag-budapesten\/#primaryimage"},"thumbnailUrl":"http:\/\/www.torokfoto.hu\/blog\/wp-content\/uploads\/2015\/12\/Rooms-fotostudio-karacsony.jpg","datePublished":"2015-12-11T11:28:15+00:00","dateModified":"2020-01-08T11:41:46+00:00","author":{"@id":"http:\/\/www.torokfoto.hu\/blog\/#\/schema\/person\/15db174b0b57e6cb37c4b90725399434"},"breadcrumb":{"@id":"http:\/\/www.torokfoto.hu\/blog\/rooms-fotostudio-csodaorszag-budapesten\/#breadcrumb"},"inLanguage":"hu","potentialAction":[{"@type":"ReadAction","target":["http:\/\/www.torokfoto.hu\/blog\/rooms-fotostudio-csodaorszag-budapesten\/"]}]},{"@type":"ImageObject","inLanguage":"hu","@id":"http:\/\/www.torokfoto.hu\/blog\/rooms-fotostudio-csodaorszag-budapesten\/#primaryimage","url":"https:\/\/www.torokfoto.hu\/blog\/wp-content\/uploads\/2015\/12\/Rooms-fotostudio-karacsony.jpg","contentUrl":"https:\/\/www.torokfoto.hu\/blog\/wp-content\/uploads\/2015\/12\/Rooms-fotostudio-karacsony.jpg","width":1920,"height":1920},{"@type":"BreadcrumbList","@id":"http:\/\/www.torokfoto.hu\/blog\/rooms-fotostudio-csodaorszag-budapesten\/#breadcrumb","itemListElement":[{"@type":"ListItem","position":1,"name":"Home","item":"http:\/\/www.torokfoto.hu\/blog\/"},{"@type":"ListItem","position":2,"name":"Rooms fot\u00f3st\u00fadi\u00f3 &#8211; Csodaorsz\u00e1g Budapesten! [interj\u00fa]"}]},{"@type":"WebSite","@id":"http:\/\/www.torokfoto.hu\/blog\/#website","url":"http:\/\/www.torokfoto.hu\/blog\/","name":"T\u00f6r\u00f6kFot\u00f3 Blog","description":"T\u00f6r\u00f6kFot\u00f3 Blog","potentialAction":[{"@type":"SearchAction","target":{"@type":"EntryPoint","urlTemplate":"http:\/\/www.torokfoto.hu\/blog\/?s={search_term_string}"},"query-input":{"@type":"PropertyValueSpecification","valueRequired":true,"valueName":"search_term_string"}}],"inLanguage":"hu"},{"@type":"Person","@id":"http:\/\/www.torokfoto.hu\/blog\/#\/schema\/person\/15db174b0b57e6cb37c4b90725399434","name":"torokfoto","image":{"@type":"ImageObject","inLanguage":"hu","@id":"https:\/\/secure.gravatar.com\/avatar\/84a893069261eb70289981cdfa31eafab34feeb3148b57a67c28f3f3d8bc3a30?s=96&d=mm&r=g","url":"https:\/\/secure.gravatar.com\/avatar\/84a893069261eb70289981cdfa31eafab34feeb3148b57a67c28f3f3d8bc3a30?s=96&d=mm&r=g","contentUrl":"https:\/\/secure.gravatar.com\/avatar\/84a893069261eb70289981cdfa31eafab34feeb3148b57a67c28f3f3d8bc3a30?s=96&d=mm&r=g","caption":"torokfoto"},"url":"https:\/\/www.torokfoto.hu\/blog\/author\/torokfoto\/"}]}},"_links":{"self":[{"href":"https:\/\/www.torokfoto.hu\/blog\/wp-json\/wp\/v2\/posts\/890","targetHints":{"allow":["GET"]}}],"collection":[{"href":"https:\/\/www.torokfoto.hu\/blog\/wp-json\/wp\/v2\/posts"}],"about":[{"href":"https:\/\/www.torokfoto.hu\/blog\/wp-json\/wp\/v2\/types\/post"}],"author":[{"embeddable":true,"href":"https:\/\/www.torokfoto.hu\/blog\/wp-json\/wp\/v2\/users\/1"}],"replies":[{"embeddable":true,"href":"https:\/\/www.torokfoto.hu\/blog\/wp-json\/wp\/v2\/comments?post=890"}],"version-history":[{"count":16,"href":"https:\/\/www.torokfoto.hu\/blog\/wp-json\/wp\/v2\/posts\/890\/revisions"}],"predecessor-version":[{"id":969,"href":"https:\/\/www.torokfoto.hu\/blog\/wp-json\/wp\/v2\/posts\/890\/revisions\/969"}],"wp:attachment":[{"href":"https:\/\/www.torokfoto.hu\/blog\/wp-json\/wp\/v2\/media?parent=890"}],"wp:term":[{"taxonomy":"category","embeddable":true,"href":"https:\/\/www.torokfoto.hu\/blog\/wp-json\/wp\/v2\/categories?post=890"},{"taxonomy":"post_tag","embeddable":true,"href":"https:\/\/www.torokfoto.hu\/blog\/wp-json\/wp\/v2\/tags?post=890"}],"curies":[{"name":"wp","href":"https:\/\/api.w.org\/{rel}","templated":true}]}}