{"id":860,"date":"2015-11-20T13:58:29","date_gmt":"2015-11-20T12:58:29","guid":{"rendered":"http:\/\/www.torokfoto.hu\/blog\/?p=860"},"modified":"2020-01-08T12:42:01","modified_gmt":"2020-01-08T11:42:01","slug":"5-tipp-fenykepes-ajandekok-karacsonyra","status":"publish","type":"post","link":"http:\/\/www.torokfoto.hu\/blog\/5-tipp-fenykepes-ajandekok-karacsonyra\/","title":{"rendered":"5 tipp: F\u00e9nyk\u00e9pes aj\u00e1nd\u00e9kok Kar\u00e1csonyra!"},"content":{"rendered":"<p><a href=\"http:\/\/www.torokfoto.hu\/blog\/5-tipp-fenykepes-ajandekok-karacsonyra\/\"><img loading=\"lazy\" decoding=\"async\" class=\"aligncenter wp-image-879 size-full\" src=\"http:\/\/www.torokfoto.hu\/blog\/wp-content\/uploads\/2015\/11\/napt\u00e1r.jpg\" alt=\"http:\/\/www.torokfoto.hu\/blog\/5-tipp-fenykepes-ajandekok-karacsonyra\/\" width=\"736\" height=\"490\" srcset=\"http:\/\/www.torokfoto.hu\/blog\/wp-content\/uploads\/2015\/11\/napt\u00e1r.jpg 736w, http:\/\/www.torokfoto.hu\/blog\/wp-content\/uploads\/2015\/11\/napt\u00e1r-300x200.jpg 300w\" sizes=\"auto, (max-width: 736px) 100vw, 736px\" \/><\/a><\/p>\n<p>Mindig probl\u00e9m\u00e1t okoz, hogy kinek mit adj <strong>Kar\u00e1csonyra<\/strong>? A gyerekeknek m\u00e9g csak-csak tudja az ember, hogy mit adjon, de <strong>sz\u00fcl\u0151knek<\/strong>, a <strong>p\u00e1runknak<\/strong> m\u00e1r sokkal nehezebb. Tartsd szem el\u0151tt, hogy ne az <strong>aj\u00e1nd\u00e9k<\/strong> anyagi \u00e9rt\u00e9ke legyen az els\u0151dleges szempont. A k\u00f6vetkez\u0151kben igyeksz\u00fcnk olyan <strong>tippek<\/strong>et bemutatni, amiket ak\u00e1r te is elk\u00e9sz\u00edthetsz otthon vagy k\u00e9rheted a <a href=\"http:\/\/www.torokfoto.hu\/\" target=\"_blank\">T\u00f6r\u00f6kfot\u00f3<\/a>\u00a0seg\u00edts\u00e9g\u00e9t hozz\u00e1! \ud83d\ude42<\/p>\n<p><!--more--><\/p>\n<p>&nbsp;<\/p>\n<p>Nem is biztos, hogy a dr\u00e1ga aj\u00e1nd\u00e9k tetszeni fog a sz\u00fcleidnek vagy a p\u00e1rodnak. Gondolj arra, hogy a <strong>szem\u00e9lyesebb<\/strong> <strong>aj\u00e1nd\u00e9k<\/strong> mindig <strong>nagyobb \u00f6r\u00f6m<\/strong>et okoz. \u00cdgy a<strong> f\u00e9nyk\u00e9pes aj\u00e1nd\u00e9k<\/strong>okkal biztosan nagyobb <strong>siker<\/strong>t aratsz, mintha veszel m\u00e9g egy pulcsit. \ud83d\ude42<\/p>\n<p>&nbsp;<\/p>\n<div class=\"su-box su-box-style-default\" id=\"\" style=\"border-color:#360f0f;border-radius:3px;max-width:none\"><div class=\"su-box-title\" style=\"background-color:#694242;color:#FFFFFF;border-top-left-radius:1px;border-top-right-radius:1px\">F\u00e9nyk\u00e9pes \u00fcdv\u00f6zl\u0151k\u00e1rtya Kar\u00e1csonyra a T\u00f6r\u00f6kfot\u00f3n\u00e1l!<\/div><div class=\"su-box-content su-u-clearfix su-u-trim\" style=\"border-bottom-left-radius:1px;border-bottom-right-radius:1px\">\n<ul>\n<li>Online felt\u00f6lt\u00e9s (mobilr\u00f3l is!)<\/li>\n<li>Orsz\u00e1gos kisz\u00e1ll\u00edt\u00e1s<\/li>\n<li>Alkalomhoz ill\u0151 sablonok<\/li>\n<li>Cs\u00facsmin\u0151s\u00e9g<\/li>\n<\/ul>\n<p>Mindezt biztos\u00edtja sz\u00e1modra a <a href=\"http:\/\/www.torokfoto.hu\/termekek\/fenykepes-udvozlokartya\" target=\"_blank\">T\u00f6r\u00f6kfot\u00f3<\/a>\u00a0Miskolcr\u00f3l!<\/p>\n<\/div><\/div>\n<p>&nbsp;<\/p>\n<h3>1. tipp<\/h3>\n<p>A <strong>h\u0171t\u0151m\u00e1gnes<\/strong> m\u00e1r unalmas lenne? Nem, ha<strong> \u00e9lm\u00e9nyeiddel dobod fel!<\/strong> Elk\u00e9sz\u00edtheted magad is, nem kell sok kell\u00e9k hozz\u00e1. Csak m\u00e1gnes, ragaszt\u00f3, oll\u00f3 \u00e9s er\u0151s kartonlap, amire a fot\u00f3kat ragasztod, hogy merevebbek legyenek. Ezeket <a href=\"https:\/\/www.facebook.com\/hobbysarok\/?fref=ts\" target=\"_blank\">kreat\u00edv hobby bolt<\/a>okban beszerezheted.<\/p>\n<p>(Az ilyen aj\u00e1nd\u00e9kok k\u00e9sz\u00edt\u00e9s\u00e9be \u00e9rdemes a nagyobb gyerekeket is bevonni.)<\/p>\n<p>Ha nincs id\u0151d a h\u0171t\u0151m\u00e1gnesek elk\u00e9sz\u00edt\u00e9s\u00e9re, akkor a<a href=\"http:\/\/www.torokfoto.hu\/termekek\/fenykepes-ajandekok\" target=\"_blank\"> T\u00f6r\u00f6kfot\u00f3n\u00e1l megrendelheted \u0151ket!<\/a>\u00a0\ud83d\ude42<\/p>\n<p>&nbsp;<\/p>\n<figure id=\"attachment_861\" class=\"thumbnail wp-caption aligncenter\" style=\"width: 564px\"><a href=\"http:\/\/www.torokfoto.hu\/blog\/wp-content\/uploads\/2015\/11\/H\u0171t\u0151m\u00e1gnes a saj\u00e1t \u00edzl\u00e9sed szerint! \"><img loading=\"lazy\" decoding=\"async\" class=\"wp-image-861 size-full\" src=\"http:\/\/www.torokfoto.hu\/blog\/wp-content\/uploads\/2015\/11\/h\u0171t\u0151m\u00e1gnes.jpg\" alt=\"H\u0171t\u0151m\u00e1gnes a saj\u00e1t \u00edzl\u00e9sed szerint! \" width=\"554\" height=\"1108\" srcset=\"http:\/\/www.torokfoto.hu\/blog\/wp-content\/uploads\/2015\/11\/h\u0171t\u0151m\u00e1gnes.jpg 554w, http:\/\/www.torokfoto.hu\/blog\/wp-content\/uploads\/2015\/11\/h\u0171t\u0151m\u00e1gnes-150x300.jpg 150w, http:\/\/www.torokfoto.hu\/blog\/wp-content\/uploads\/2015\/11\/h\u0171t\u0151m\u00e1gnes-512x1024.jpg 512w\" sizes=\"auto, (max-width: 554px) 100vw, 554px\" \/><\/a><figcaption class=\"caption wp-caption-text\">H\u0171t\u0151m\u00e1gnes a saj\u00e1t \u00edzl\u00e9sed szerint! (fot\u00f3: Pinterest)<\/figcaption><\/figure>\n<p>&nbsp;<\/p>\n<h3>2. tipp<\/h3>\n<p>Im\u00e1dj\u00e1tok a<strong> polaroid fot\u00f3kat?<\/strong> Valami k\u00fcl\u00f6nlegessel szeretn\u00e9d meglepni a bar\u00e1tn\u0151det? <strong>\u00c9gethet\u0151 gyurm\u00e1b\u00f3l<\/strong> elk\u00e9sz\u00edtheted a mini f\u00e9nyk\u00e9p sz\u00e1m\u00e1ra a keretet. Nyilv\u00e1n ez nem olyan egyszer\u0171 m\u0171velet mintha h\u0171t\u0151m\u00e1gnest k\u00e9sz\u00edten\u00e9l, de <strong>meg\u00e9ri a f\u00e1radts\u00e1got<\/strong>.<\/p>\n<p>\u00c9gethet\u0151 gyurm\u00e1t b\u00e1rmelyik\u00a0<a href=\"https:\/\/www.facebook.com\/hobbysarok\/?fref=ts\" target=\"_blank\">kreat\u00edv hobby bolt<\/a>ban tal\u00e1lsz.<\/p>\n<p>&nbsp;<\/p>\n<figure id=\"attachment_862\" class=\"thumbnail wp-caption aligncenter\" style=\"width: 610px\"><a href=\"http:\/\/www.torokfoto.hu\/blog\/wp-content\/uploads\/2015\/11\/\u00c9gethet\u0151 gyurm\u00e1b\u00f3l elk\u00e9sz\u00edtheted a polaroid nyakl\u00e1ncot! \"><img loading=\"lazy\" decoding=\"async\" class=\"wp-image-862 size-full\" src=\"http:\/\/www.torokfoto.hu\/blog\/wp-content\/uploads\/2015\/11\/polaroid-nyakl\u00e1nc.jpg\" alt=\"\u00c9gethet\u0151 gyurm\u00e1b\u00f3l elk\u00e9sz\u00edtheted a polaroid nyakl\u00e1ncot! \" width=\"600\" height=\"426\" srcset=\"http:\/\/www.torokfoto.hu\/blog\/wp-content\/uploads\/2015\/11\/polaroid-nyakl\u00e1nc.jpg 600w, http:\/\/www.torokfoto.hu\/blog\/wp-content\/uploads\/2015\/11\/polaroid-nyakl\u00e1nc-300x213.jpg 300w\" sizes=\"auto, (max-width: 600px) 100vw, 600px\" \/><\/a><figcaption class=\"caption wp-caption-text\">\u00c9gethet\u0151 gyurm\u00e1b\u00f3l elk\u00e9sz\u00edtheted a polaroid nyakl\u00e1ncot! (fot\u00f3: Pinterest)<\/figcaption><\/figure>\n<p>&nbsp;<\/p>\n<p><strong>Polaroid k\u00e9pkeret<\/strong>eket egy\u00e9bk\u00e9nt te is gy\u00e1rthatsz <strong>h\u00e1zilag<\/strong>, ha esetleg ilyesmivel szeretn\u00e9d meglepni a p\u00e1rodat. \ud83d\ude42<\/p>\n<p>De<strong> el\u0151h\u00edvathatod fot\u00f3idat<\/strong> ilyen form\u00e1ban is&#8230;<\/p>\n<p>&nbsp;<\/p>\n<div class=\"su-box su-box-style-default\" id=\"\" style=\"border-color:#360f0f;border-radius:3px;max-width:none\"><div class=\"su-box-title\" style=\"background-color:#694242;color:#FFFFFF;border-top-left-radius:1px;border-top-right-radius:1px\">Polaroid fot\u00f3k Kar\u00e1csonyra a T\u00f6r\u00f6kFot\u00f3n\u00e1l!<\/div><div class=\"su-box-content su-u-clearfix su-u-trim\" style=\"border-bottom-left-radius:1px;border-bottom-right-radius:1px\">\n<p>Polaroid fot\u00f3kra v\u00e1gysz?<\/p>\n<p><a href=\"http:\/\/www.torokfoto.hu\/termekek\/fotokidolgozas\" target=\"_blank\">H\u00edvasd el\u0151 k\u00e9peidet Polaroid form\u00e1ban a T\u00f6r\u00f6kFot\u00f3n\u00e1l!<\/a><\/p>\n<ul>\n<li>Online felt\u00f6lt\u00e9s (mobilr\u00f3l is!)<\/li>\n<li>Digit\u00e1lis fot\u00f3kidolgoz\u00e1s<\/li>\n<li>Orsz\u00e1gos kisz\u00e1ll\u00edt\u00e1s<\/li>\n<li>Cs\u00facsmin\u0151s\u00e9g<\/li>\n<\/ul>\n<p>A &#8220;Rendel\u00e9s megjegyz\u00e9sek&#8221;-hez ne felejtsd el oda\u00edrni a &#8220;POLAROID&#8221; jelig\u00e9t.<\/p>\n<\/div><\/div>\n<p>&nbsp;<\/p>\n<figure id=\"attachment_863\" class=\"thumbnail wp-caption aligncenter\" style=\"width: 550px\"><a href=\"http:\/\/www.torokfoto.hu\/blog\/wp-content\/uploads\/2015\/11\/Polaroid keretek h\u00e1zilag.\"><img loading=\"lazy\" decoding=\"async\" class=\"wp-image-863 size-full\" src=\"http:\/\/www.torokfoto.hu\/blog\/wp-content\/uploads\/2015\/11\/DIY-polaroid.jpg\" alt=\"Polaroid keretek h\u00e1zilag.\" width=\"540\" height=\"810\" srcset=\"http:\/\/www.torokfoto.hu\/blog\/wp-content\/uploads\/2015\/11\/DIY-polaroid.jpg 540w, http:\/\/www.torokfoto.hu\/blog\/wp-content\/uploads\/2015\/11\/DIY-polaroid-200x300.jpg 200w\" sizes=\"auto, (max-width: 540px) 100vw, 540px\" \/><\/a><figcaption class=\"caption wp-caption-text\">Polaroid keretek h\u00e1zilag. (fot\u00f3: Pinterest)<\/figcaption><\/figure>\n<p>&nbsp;<\/p>\n<h3>3. tipp<\/h3>\n<p>A <strong>k\u00f6nyvjelz\u0151<\/strong>re az ember tal\u00e1n sohasem gondol \u00fagy, hogy az <strong>j\u00f3 aj\u00e1nd\u00e9k<\/strong> lehet. De ebben a form\u00e1ban m\u00e1r mindenk\u00e9ppen annak nevezhet\u0151. Term\u00e9szetesen nem csak sz\u00fcl\u0151k sz\u00e1m\u00e1ra k\u00e9sz\u00edthet\u0151 el!<\/p>\n<p>&nbsp;<\/p>\n<div id='gallery-1' class='gallery galleryid-860 gallery-columns-2 gallery-size-large'><figure class='gallery-item'>\n\t\t\t<div class='gallery-icon portrait'>\n\t\t\t\t<img loading=\"lazy\" decoding=\"async\" width=\"428\" height=\"640\" src=\"http:\/\/www.torokfoto.hu\/blog\/wp-content\/uploads\/2015\/11\/k\u00f6nyvjelz\u0151.jpg\" class=\"attachment-large size-large\" alt=\"\" aria-describedby=\"gallery-1-864\" srcset=\"http:\/\/www.torokfoto.hu\/blog\/wp-content\/uploads\/2015\/11\/k\u00f6nyvjelz\u0151.jpg 428w, http:\/\/www.torokfoto.hu\/blog\/wp-content\/uploads\/2015\/11\/k\u00f6nyvjelz\u0151-201x300.jpg 201w\" sizes=\"auto, (max-width: 428px) 100vw, 428px\" \/>\n\t\t\t<\/div>\n\t\t\t\t<figcaption class='wp-caption-text gallery-caption' id='gallery-1-864'>\n\t\t\t\tEgy sz\u00e9p k\u00f6nyv mell\u00e9&#8230;\n\t\t\t\t<\/figcaption><\/figure><figure class='gallery-item'>\n\t\t\t<div class='gallery-icon portrait'>\n\t\t\t\t<img loading=\"lazy\" decoding=\"async\" width=\"428\" height=\"640\" src=\"http:\/\/www.torokfoto.hu\/blog\/wp-content\/uploads\/2015\/11\/olvas\u00f3jegy.jpg\" class=\"attachment-large size-large\" alt=\"\" aria-describedby=\"gallery-1-865\" srcset=\"http:\/\/www.torokfoto.hu\/blog\/wp-content\/uploads\/2015\/11\/olvas\u00f3jegy.jpg 428w, http:\/\/www.torokfoto.hu\/blog\/wp-content\/uploads\/2015\/11\/olvas\u00f3jegy-201x300.jpg 201w\" sizes=\"auto, (max-width: 428px) 100vw, 428px\" \/>\n\t\t\t<\/div>\n\t\t\t\t<figcaption class='wp-caption-text gallery-caption' id='gallery-1-865'>\n\t\t\t\tkedves aj\u00e1nd\u00e9k lehet a sz\u00fcl\u0151knek. (fot\u00f3: Pinterest)\n\t\t\t\t<\/figcaption><\/figure>\n\t\t<\/div>\n\n<p>&nbsp;<\/p>\n<h3>4. tipp<\/h3>\n<p><strong>Eml\u00e9kk\u00e9sz\u00edt\u0151&#8230;<\/strong> Ez az \u00f6tlet fantasztikus! Itt is az egyszer\u0171s\u00e9gben rejlik a <strong>nagyszer\u0171<\/strong>s\u00e9g! \ud83d\ude42 A legjobb ebben az aj\u00e1nd\u00e9kban az, hogy borzaszt\u00f3an <strong>egyszer\u0171 elk\u00e9sz\u00edteni<\/strong>. Nem kell m\u00e1st beszerezni hozz\u00e1, mint egy mutat\u00f3s kis dobozt, el\u0151h\u00edvott fot\u00f3kat, egy \u00a0mint\u00e1s vagy feh\u00e9r lapot, amire r\u00e1ragasztod a fot\u00f3kat (a lap legyen el\u00e9g sz\u00e9les, hogy harmonik\u00e1t tudj hajtogatni bel\u0151le). \u00d6ntapad\u00f3s pap\u00edrra nyomtatod a nyaral\u00e1s helysz\u00edn\u00e9t, a d\u00e1tum\u00e1t \u00e9s m\u00e1r meg is vagy vele.<strong> A fot\u00f3s harmonika al\u00e1 pedig m\u00e9g tehetsz plusz meglepit&#8230;<\/strong> (Fi\u00fak! Ide rejthetitek az eljegyz\u00e9si gy\u0171r\u0171t. \ud83d\ude42 )<\/p>\n<p>&nbsp;<\/p>\n<div id='gallery-2' class='gallery galleryid-860 gallery-columns-2 gallery-size-large'><figure class='gallery-item'>\n\t\t\t<div class='gallery-icon portrait'>\n\t\t\t\t<img loading=\"lazy\" decoding=\"async\" width=\"610\" height=\"843\" src=\"http:\/\/www.torokfoto.hu\/blog\/wp-content\/uploads\/2015\/11\/utaz\u00f3s-album.2.jpg\" class=\"attachment-large size-large\" alt=\"\" aria-describedby=\"gallery-2-867\" srcset=\"http:\/\/www.torokfoto.hu\/blog\/wp-content\/uploads\/2015\/11\/utaz\u00f3s-album.2.jpg 610w, http:\/\/www.torokfoto.hu\/blog\/wp-content\/uploads\/2015\/11\/utaz\u00f3s-album.2-217x300.jpg 217w\" sizes=\"auto, (max-width: 610px) 100vw, 610px\" \/>\n\t\t\t<\/div>\n\t\t\t\t<figcaption class='wp-caption-text gallery-caption' id='gallery-2-867'>\n\t\t\t\tNem mindennapi aj\u00e1nd\u00e9k \u00e9s&#8230;\n\t\t\t\t<\/figcaption><\/figure><figure class='gallery-item'>\n\t\t\t<div class='gallery-icon portrait'>\n\t\t\t\t<img loading=\"lazy\" decoding=\"async\" width=\"610\" height=\"915\" src=\"http:\/\/www.torokfoto.hu\/blog\/wp-content\/uploads\/2015\/11\/utaz\u00f3s-album.jpg\" class=\"attachment-large size-large\" alt=\"\" aria-describedby=\"gallery-2-868\" srcset=\"http:\/\/www.torokfoto.hu\/blog\/wp-content\/uploads\/2015\/11\/utaz\u00f3s-album.jpg 610w, http:\/\/www.torokfoto.hu\/blog\/wp-content\/uploads\/2015\/11\/utaz\u00f3s-album-200x300.jpg 200w\" sizes=\"auto, (max-width: 610px) 100vw, 610px\" \/>\n\t\t\t<\/div>\n\t\t\t\t<figcaption class='wp-caption-text gallery-caption' id='gallery-2-868'>\n\t\t\t\t&#8230;egyszer\u0171en elk\u00e9sz\u00edthet\u0151. (fot\u00f3: Pinterest)\n\t\t\t\t<\/figcaption><\/figure>\n\t\t<\/div>\n\n<p>&nbsp;<\/p>\n<div class=\"su-box su-box-style-default\" id=\"\" style=\"border-color:#360f0f;border-radius:3px;max-width:none\"><div class=\"su-box-title\" style=\"background-color:#694242;color:#FFFFFF;border-top-left-radius:1px;border-top-right-radius:1px\">Fot\u00f3kidolgoz\u00e1s Kar\u00e1csonyra a T\u00f6r\u00f6kfot\u00f3n\u00e1l!<\/div><div class=\"su-box-content su-u-clearfix su-u-trim\" style=\"border-bottom-left-radius:1px;border-bottom-right-radius:1px\">\n<ul>\n<li>Online felt\u00f6lt\u00e9s (mobilr\u00f3l is!)<\/li>\n<li>Orsz\u00e1gos kisz\u00e1ll\u00edt\u00e1s<\/li>\n<li>Alkalomhoz ill\u0151 sablonok<\/li>\n<li>Cs\u00facsmin\u0151s\u00e9g<\/li>\n<\/ul>\n<p>Mindezt biztos\u00edtja sz\u00e1modra a <a href=\"http:\/\/www.torokfoto.hu\/termekek\/fotokidolgozas\" target=\"_blank\">T\u00f6r\u00f6kfot\u00f3<\/a>\u00a0Miskolcr\u00f3l!<\/p>\n<\/div><\/div>\n<p>&nbsp;<\/p>\n<h3>5. tipp<\/h3>\n<p><strong>Vari\u00e1ci\u00f3k fot\u00f3albumra&#8230;<\/strong><\/p>\n<p>A fot\u00f3album is nagyon j\u00f3 aj\u00e1nd\u00e9k lehet, de manaps\u00e1g az\u00e9rt a megszokott <strong>album mellett a\u00a0fot\u00f3k\u00f6nyvek<\/strong>, eml\u00e9kk\u00f6nyvek is nagy <strong>sl\u00e1gernek sz\u00e1m\u00edtanak<\/strong>. Ak\u00e1r \u00e9vente elk\u00e9sz\u00edtheted, hiszen \u00e9v v\u00e9g\u00e9re rengeteg fot\u00f3d lesz\u00a0m\u00e1r. \u00cdgy, lehetnek <strong>&#8216;\u00e9vk\u00f6nyveid&#8217;<\/strong> ha \u00fagy tetszik. \ud83d\ude42 <strong>Kar\u00e1csonyra<\/strong> pedig a csal\u00e1dodat is meglepheted vele!<\/p>\n<p>Legjobb <strong>matt fot\u00f3pap\u00edr<\/strong>ra el\u0151h\u00edvatni a fot\u00f3idat, mert att\u00f3l sokkal k\u00f6nyvszer\u0171bb lesz az eg\u00e9sz (esetleg \u00e9rdemes nyomd\u00e1n\u00e1l elk\u00e9sz\u00edttetni). Term\u00e9szetesen j\u00f3l megkompon\u00e1lt koncepci\u00f3 szerint kell elrendezned a fot\u00f3kat, \u00edgy ez sok id\u0151t vesz ig\u00e9nybe. <strong>Nem egy utols\u00f3 pillanatban elk\u00e9sz\u00edthet\u0151\u00a0aj\u00e1nd\u00e9k. <\/strong>(Ha most nincs is r\u00e1 id\u0151d, j\u00f6v\u0151re m\u00e9g elk\u00e9sz\u00edtheted.)<\/p>\n<p>&nbsp;<\/p>\n<figure id=\"attachment_877\" class=\"thumbnail wp-caption aligncenter\" style=\"width: 560px\"><a href=\"Az eml\u00e9kk\u00f6nyvet t\u00f6bb m\u00e9retben is ig\u00e9nyelheted.\"><img loading=\"lazy\" decoding=\"async\" class=\"wp-image-877 size-full\" src=\"http:\/\/www.torokfoto.hu\/blog\/wp-content\/uploads\/2015\/11\/fot\u00f3album6.jpg\" alt=\"Az eml\u00e9kk\u00f6nyvet t\u00f6bb m\u00e9retben is ig\u00e9nyelheted.\" width=\"550\" height=\"550\" srcset=\"http:\/\/www.torokfoto.hu\/blog\/wp-content\/uploads\/2015\/11\/fot\u00f3album6.jpg 550w, http:\/\/www.torokfoto.hu\/blog\/wp-content\/uploads\/2015\/11\/fot\u00f3album6-150x150.jpg 150w, http:\/\/www.torokfoto.hu\/blog\/wp-content\/uploads\/2015\/11\/fot\u00f3album6-300x300.jpg 300w, http:\/\/www.torokfoto.hu\/blog\/wp-content\/uploads\/2015\/11\/fot\u00f3album6-60x60.jpg 60w\" sizes=\"auto, (max-width: 550px) 100vw, 550px\" \/><\/a><figcaption class=\"caption wp-caption-text\">Az eml\u00e9kk\u00f6nyvet t\u00f6bb m\u00e9retben is ig\u00e9nyelheted. (fot\u00f3: Pinterest)<\/figcaption><\/figure>\n<p>&nbsp;<\/p>\n<figure id=\"attachment_876\" class=\"thumbnail wp-caption aligncenter\" style=\"width: 746px\"><a href=\"http:\/\/www.torokfoto.hu\/blog\/wp-content\/uploads\/2015\/11\/Ez a k\u00f6nyv csak r\u00f3latok sz\u00f3l!\"><img loading=\"lazy\" decoding=\"async\" class=\"wp-image-876 size-full\" src=\"http:\/\/www.torokfoto.hu\/blog\/wp-content\/uploads\/2015\/11\/fot\u00f3album5.jpg\" alt=\"Ez a k\u00f6nyv csak r\u00f3latok sz\u00f3l!\" width=\"736\" height=\"1104\" srcset=\"http:\/\/www.torokfoto.hu\/blog\/wp-content\/uploads\/2015\/11\/fot\u00f3album5.jpg 736w, http:\/\/www.torokfoto.hu\/blog\/wp-content\/uploads\/2015\/11\/fot\u00f3album5-200x300.jpg 200w, http:\/\/www.torokfoto.hu\/blog\/wp-content\/uploads\/2015\/11\/fot\u00f3album5-683x1024.jpg 683w\" sizes=\"auto, (max-width: 736px) 100vw, 736px\" \/><\/a><figcaption class=\"caption wp-caption-text\">Ez a k\u00f6nyv csak r\u00f3latok sz\u00f3l! (fot\u00f3: Pinterest)<\/figcaption><\/figure>\n<p>&nbsp;<\/p>\n<p><strong>Egyszer\u0171bb kivitelez\u00e9s&#8230;<\/strong><\/p>\n<p><strong>Instagram<\/strong> <strong>fot\u00f3<\/strong>idat (vagy b\u00e1rmilyen fot\u00f3idat)<strong> album<\/strong>ba rendezheted. Ha norm\u00e1l fot\u00f3 m\u00e9ret\u00e9ben h\u00edvatod el\u0151\u00a0Instagram fot\u00f3idat, akkor ut\u00e1na <strong>spir\u00e1loztathatod<\/strong> \u0151ket (vagy <strong>bek\u00f6ttetheted<\/strong>, \u00fagy komolyabb jelleg\u0171 lesz az album). A legjobb bar\u00e1todnak, legjobb bar\u00e1tn\u0151dnek, testv\u00e9rednek is elk\u00e9sz\u00edtheted. Ez <strong>mindenki sz\u00e1m\u00e1ra kedves aj\u00e1nd\u00e9k.<\/strong><\/p>\n<p>&nbsp;<\/p>\n<div id='gallery-3' class='gallery galleryid-860 gallery-columns-2 gallery-size-large'><figure class='gallery-item'>\n\t\t\t<div class='gallery-icon landscape'>\n\t\t\t\t<img loading=\"lazy\" decoding=\"async\" width=\"513\" height=\"377\" src=\"http:\/\/www.torokfoto.hu\/blog\/wp-content\/uploads\/2015\/11\/fot\u00f3album.jpg\" class=\"attachment-large size-large\" alt=\"\" aria-describedby=\"gallery-3-872\" srcset=\"http:\/\/www.torokfoto.hu\/blog\/wp-content\/uploads\/2015\/11\/fot\u00f3album.jpg 513w, http:\/\/www.torokfoto.hu\/blog\/wp-content\/uploads\/2015\/11\/fot\u00f3album-300x220.jpg 300w\" sizes=\"auto, (max-width: 513px) 100vw, 513px\" \/>\n\t\t\t<\/div>\n\t\t\t\t<figcaption class='wp-caption-text gallery-caption' id='gallery-3-872'>\n\t\t\t\tInstagram fot\u00f3kb\u00f3l k\u00e9sz\u00edtett&#8230;\n\t\t\t\t<\/figcaption><\/figure><figure class='gallery-item'>\n\t\t\t<div class='gallery-icon landscape'>\n\t\t\t\t<img loading=\"lazy\" decoding=\"async\" width=\"550\" height=\"550\" src=\"http:\/\/www.torokfoto.hu\/blog\/wp-content\/uploads\/2015\/11\/fot\u00f3album-intsa-k\u00e9pekkel.jpg\" class=\"attachment-large size-large\" alt=\"\" aria-describedby=\"gallery-3-873\" srcset=\"http:\/\/www.torokfoto.hu\/blog\/wp-content\/uploads\/2015\/11\/fot\u00f3album-intsa-k\u00e9pekkel.jpg 550w, http:\/\/www.torokfoto.hu\/blog\/wp-content\/uploads\/2015\/11\/fot\u00f3album-intsa-k\u00e9pekkel-150x150.jpg 150w, http:\/\/www.torokfoto.hu\/blog\/wp-content\/uploads\/2015\/11\/fot\u00f3album-intsa-k\u00e9pekkel-300x300.jpg 300w, http:\/\/www.torokfoto.hu\/blog\/wp-content\/uploads\/2015\/11\/fot\u00f3album-intsa-k\u00e9pekkel-60x60.jpg 60w\" sizes=\"auto, (max-width: 550px) 100vw, 550px\" \/>\n\t\t\t<\/div>\n\t\t\t\t<figcaption class='wp-caption-text gallery-caption' id='gallery-3-873'>\n\t\t\t\t&#8230;fot\u00f3album. (fot\u00f3: Pinterest)\n\t\t\t\t<\/figcaption><\/figure>\n\t\t<\/div>\n\n<p>&nbsp;<\/p>\n<div class=\"su-box su-box-style-default\" id=\"\" style=\"border-color:#360f0f;border-radius:3px;max-width:none\"><div class=\"su-box-title\" style=\"background-color:#694242;color:#FFFFFF;border-top-left-radius:1px;border-top-right-radius:1px\">Fot\u00f3kidolgoz\u00e1s Kar\u00e1csonyra a T\u00f6r\u00f6kfot\u00f3n\u00e1l!<\/div><div class=\"su-box-content su-u-clearfix su-u-trim\" style=\"border-bottom-left-radius:1px;border-bottom-right-radius:1px\">\n<ul>\n<li>Online felt\u00f6lt\u00e9s (mobilr\u00f3l is!)<\/li>\n<li>Orsz\u00e1gos kisz\u00e1ll\u00edt\u00e1s<\/li>\n<li>Alkalomhoz ill\u0151 sablonok<\/li>\n<li>Cs\u00facsmin\u0151s\u00e9g<\/li>\n<\/ul>\n<p>Mindezt biztos\u00edtja sz\u00e1modra a <a href=\"http:\/\/www.torokfoto.hu\/termekek\/fotokidolgozas\" target=\"_blank\">T\u00f6r\u00f6kfot\u00f3<\/a>\u00a0Miskolcr\u00f3l!<\/p>\n<\/div><\/div>\n<p>&nbsp;<\/p>\n<p><strong>Te milyen f\u00e9nyk\u00e9pes\u00a0aj\u00e1nd\u00e9kokat\u00a0k\u00e9sz\u00edten\u00e9l?<\/strong> \u00c9rdekelnek tov\u00e1bbi tippek?<\/p>\n<p>Ha \u00e9rdekelnek tov\u00e1bbi tippek, tr\u00fckk\u00f6k k\u00f6vess minket <a href=\"http:\/\/www.torokfoto.hu\/blog\/\" target=\"_blank\">itt <\/a>vagy <a href=\"https:\/\/www.facebook.com\/torokfoto\/?fref=ts\" target=\"_blank\">Facebookon<\/a>!<\/p>\n<p>&nbsp;<\/p>\n","protected":false},"excerpt":{"rendered":"<p>Mindig probl\u00e9m\u00e1t okoz, hogy kinek mit adj Kar\u00e1csonyra? A gyerekeknek m\u00e9g csak-csak tudja az ember, hogy mit adjon, de sz\u00fcl\u0151knek, a p\u00e1runknak m\u00e1r sokkal nehezebb. Tartsd szem el\u0151tt, hogy ne az aj\u00e1nd\u00e9k anyagi \u00e9rt\u00e9ke legyen az els\u0151dleges szempont. A k\u00f6vetkez\u0151kben igyeksz\u00fcnk olyan tippeket bemutatni, amiket ak\u00e1r te is elk\u00e9sz\u00edthetsz otthon vagy k\u00e9rheted a T\u00f6r\u00f6kfot\u00f3\u00a0seg\u00edts\u00e9g\u00e9t hozz\u00e1! [&hellip;]<\/p>\n","protected":false},"author":1,"featured_media":0,"comment_status":"closed","ping_status":"closed","sticky":false,"template":"","format":"standard","meta":{"footnotes":""},"categories":[1],"tags":[8,6],"class_list":["post-860","post","type-post","status-publish","format-standard","hentry","category-egyeb","tag-diy","tag-fotozas"],"yoast_head":"<!-- This site is optimized with the Yoast SEO plugin v27.5 - https:\/\/yoast.com\/product\/yoast-seo-wordpress\/ -->\n<title>5 tipp: F\u00e9nyk\u00e9pes aj\u00e1nd\u00e9kok Kar\u00e1csonyra! - T\u00f6r\u00f6kFot\u00f3 Blog<\/title>\n<meta name=\"robots\" content=\"index, follow, max-snippet:-1, max-image-preview:large, max-video-preview:-1\" \/>\n<link rel=\"canonical\" href=\"http:\/\/www.torokfoto.hu\/blog\/5-tipp-fenykepes-ajandekok-karacsonyra\/\" \/>\n<meta property=\"og:locale\" content=\"hu_HU\" \/>\n<meta property=\"og:type\" content=\"article\" \/>\n<meta property=\"og:title\" content=\"5 tipp: F\u00e9nyk\u00e9pes aj\u00e1nd\u00e9kok Kar\u00e1csonyra! - T\u00f6r\u00f6kFot\u00f3 Blog\" \/>\n<meta property=\"og:description\" content=\"Mindig probl\u00e9m\u00e1t okoz, hogy kinek mit adj Kar\u00e1csonyra? A gyerekeknek m\u00e9g csak-csak tudja az ember, hogy mit adjon, de sz\u00fcl\u0151knek, a p\u00e1runknak m\u00e1r sokkal nehezebb. Tartsd szem el\u0151tt, hogy ne az aj\u00e1nd\u00e9k anyagi \u00e9rt\u00e9ke legyen az els\u0151dleges szempont. A k\u00f6vetkez\u0151kben igyeksz\u00fcnk olyan tippeket bemutatni, amiket ak\u00e1r te is elk\u00e9sz\u00edthetsz otthon vagy k\u00e9rheted a T\u00f6r\u00f6kfot\u00f3\u00a0seg\u00edts\u00e9g\u00e9t hozz\u00e1! [&hellip;]\" \/>\n<meta property=\"og:url\" content=\"http:\/\/www.torokfoto.hu\/blog\/5-tipp-fenykepes-ajandekok-karacsonyra\/\" \/>\n<meta property=\"og:site_name\" content=\"T\u00f6r\u00f6kFot\u00f3 Blog\" \/>\n<meta property=\"article:publisher\" content=\"https:\/\/www.facebook.com\/torokfoto\" \/>\n<meta property=\"article:published_time\" content=\"2015-11-20T12:58:29+00:00\" \/>\n<meta property=\"article:modified_time\" content=\"2020-01-08T11:42:01+00:00\" \/>\n<meta property=\"og:image\" content=\"http:\/\/www.torokfoto.hu\/blog\/wp-content\/uploads\/2015\/11\/k\u00f6nyvjelz\u0151.jpg\" \/>\n<meta name=\"author\" content=\"torokfoto\" \/>\n<meta name=\"twitter:label1\" content=\"Written by\" \/>\n\t<meta name=\"twitter:data1\" content=\"torokfoto\" \/>\n\t<meta name=\"twitter:label2\" content=\"Est. reading time\" \/>\n\t<meta name=\"twitter:data2\" content=\"5 perc\" \/>\n<script type=\"application\/ld+json\" class=\"yoast-schema-graph\">{\"@context\":\"https:\\\/\\\/schema.org\",\"@graph\":[{\"@type\":\"Article\",\"@id\":\"http:\\\/\\\/www.torokfoto.hu\\\/blog\\\/5-tipp-fenykepes-ajandekok-karacsonyra\\\/#article\",\"isPartOf\":{\"@id\":\"http:\\\/\\\/www.torokfoto.hu\\\/blog\\\/5-tipp-fenykepes-ajandekok-karacsonyra\\\/\"},\"author\":{\"name\":\"torokfoto\",\"@id\":\"http:\\\/\\\/www.torokfoto.hu\\\/blog\\\/#\\\/schema\\\/person\\\/15db174b0b57e6cb37c4b90725399434\"},\"headline\":\"5 tipp: F\u00e9nyk\u00e9pes aj\u00e1nd\u00e9kok Kar\u00e1csonyra!\",\"datePublished\":\"2015-11-20T12:58:29+00:00\",\"dateModified\":\"2020-01-08T11:42:01+00:00\",\"mainEntityOfPage\":{\"@id\":\"http:\\\/\\\/www.torokfoto.hu\\\/blog\\\/5-tipp-fenykepes-ajandekok-karacsonyra\\\/\"},\"wordCount\":1100,\"image\":{\"@id\":\"http:\\\/\\\/www.torokfoto.hu\\\/blog\\\/5-tipp-fenykepes-ajandekok-karacsonyra\\\/#primaryimage\"},\"thumbnailUrl\":\"http:\\\/\\\/www.torokfoto.hu\\\/blog\\\/wp-content\\\/uploads\\\/2015\\\/11\\\/DIY-polaroid.jpg\",\"keywords\":[\"DIY\",\"fot\u00f3z\u00e1s\"],\"articleSection\":[\"Egy\u00e9b\"],\"inLanguage\":\"hu\"},{\"@type\":\"WebPage\",\"@id\":\"http:\\\/\\\/www.torokfoto.hu\\\/blog\\\/5-tipp-fenykepes-ajandekok-karacsonyra\\\/\",\"url\":\"http:\\\/\\\/www.torokfoto.hu\\\/blog\\\/5-tipp-fenykepes-ajandekok-karacsonyra\\\/\",\"name\":\"5 tipp: F\u00e9nyk\u00e9pes aj\u00e1nd\u00e9kok Kar\u00e1csonyra! - T\u00f6r\u00f6kFot\u00f3 Blog\",\"isPartOf\":{\"@id\":\"http:\\\/\\\/www.torokfoto.hu\\\/blog\\\/#website\"},\"primaryImageOfPage\":{\"@id\":\"http:\\\/\\\/www.torokfoto.hu\\\/blog\\\/5-tipp-fenykepes-ajandekok-karacsonyra\\\/#primaryimage\"},\"image\":{\"@id\":\"http:\\\/\\\/www.torokfoto.hu\\\/blog\\\/5-tipp-fenykepes-ajandekok-karacsonyra\\\/#primaryimage\"},\"thumbnailUrl\":\"http:\\\/\\\/www.torokfoto.hu\\\/blog\\\/wp-content\\\/uploads\\\/2015\\\/11\\\/DIY-polaroid.jpg\",\"datePublished\":\"2015-11-20T12:58:29+00:00\",\"dateModified\":\"2020-01-08T11:42:01+00:00\",\"author\":{\"@id\":\"http:\\\/\\\/www.torokfoto.hu\\\/blog\\\/#\\\/schema\\\/person\\\/15db174b0b57e6cb37c4b90725399434\"},\"breadcrumb\":{\"@id\":\"http:\\\/\\\/www.torokfoto.hu\\\/blog\\\/5-tipp-fenykepes-ajandekok-karacsonyra\\\/#breadcrumb\"},\"inLanguage\":\"hu\",\"potentialAction\":[{\"@type\":\"ReadAction\",\"target\":[\"http:\\\/\\\/www.torokfoto.hu\\\/blog\\\/5-tipp-fenykepes-ajandekok-karacsonyra\\\/\"]}]},{\"@type\":\"ImageObject\",\"inLanguage\":\"hu\",\"@id\":\"http:\\\/\\\/www.torokfoto.hu\\\/blog\\\/5-tipp-fenykepes-ajandekok-karacsonyra\\\/#primaryimage\",\"url\":\"http:\\\/\\\/www.torokfoto.hu\\\/blog\\\/wp-content\\\/uploads\\\/2015\\\/11\\\/DIY-polaroid.jpg\",\"contentUrl\":\"http:\\\/\\\/www.torokfoto.hu\\\/blog\\\/wp-content\\\/uploads\\\/2015\\\/11\\\/DIY-polaroid.jpg\",\"width\":540,\"height\":810},{\"@type\":\"BreadcrumbList\",\"@id\":\"http:\\\/\\\/www.torokfoto.hu\\\/blog\\\/5-tipp-fenykepes-ajandekok-karacsonyra\\\/#breadcrumb\",\"itemListElement\":[{\"@type\":\"ListItem\",\"position\":1,\"name\":\"Home\",\"item\":\"http:\\\/\\\/www.torokfoto.hu\\\/blog\\\/\"},{\"@type\":\"ListItem\",\"position\":2,\"name\":\"5 tipp: F\u00e9nyk\u00e9pes aj\u00e1nd\u00e9kok Kar\u00e1csonyra!\"}]},{\"@type\":\"WebSite\",\"@id\":\"http:\\\/\\\/www.torokfoto.hu\\\/blog\\\/#website\",\"url\":\"http:\\\/\\\/www.torokfoto.hu\\\/blog\\\/\",\"name\":\"T\u00f6r\u00f6kFot\u00f3 Blog\",\"description\":\"T\u00f6r\u00f6kFot\u00f3 Blog\",\"potentialAction\":[{\"@type\":\"SearchAction\",\"target\":{\"@type\":\"EntryPoint\",\"urlTemplate\":\"http:\\\/\\\/www.torokfoto.hu\\\/blog\\\/?s={search_term_string}\"},\"query-input\":{\"@type\":\"PropertyValueSpecification\",\"valueRequired\":true,\"valueName\":\"search_term_string\"}}],\"inLanguage\":\"hu\"},{\"@type\":\"Person\",\"@id\":\"http:\\\/\\\/www.torokfoto.hu\\\/blog\\\/#\\\/schema\\\/person\\\/15db174b0b57e6cb37c4b90725399434\",\"name\":\"torokfoto\",\"image\":{\"@type\":\"ImageObject\",\"inLanguage\":\"hu\",\"@id\":\"https:\\\/\\\/secure.gravatar.com\\\/avatar\\\/84a893069261eb70289981cdfa31eafab34feeb3148b57a67c28f3f3d8bc3a30?s=96&d=mm&r=g\",\"url\":\"https:\\\/\\\/secure.gravatar.com\\\/avatar\\\/84a893069261eb70289981cdfa31eafab34feeb3148b57a67c28f3f3d8bc3a30?s=96&d=mm&r=g\",\"contentUrl\":\"https:\\\/\\\/secure.gravatar.com\\\/avatar\\\/84a893069261eb70289981cdfa31eafab34feeb3148b57a67c28f3f3d8bc3a30?s=96&d=mm&r=g\",\"caption\":\"torokfoto\"},\"url\":\"http:\\\/\\\/www.torokfoto.hu\\\/blog\\\/author\\\/torokfoto\\\/\"}]}<\/script>\n<!-- \/ Yoast SEO plugin. -->","yoast_head_json":{"title":"5 tipp: F\u00e9nyk\u00e9pes aj\u00e1nd\u00e9kok Kar\u00e1csonyra! - T\u00f6r\u00f6kFot\u00f3 Blog","robots":{"index":"index","follow":"follow","max-snippet":"max-snippet:-1","max-image-preview":"max-image-preview:large","max-video-preview":"max-video-preview:-1"},"canonical":"http:\/\/www.torokfoto.hu\/blog\/5-tipp-fenykepes-ajandekok-karacsonyra\/","og_locale":"hu_HU","og_type":"article","og_title":"5 tipp: F\u00e9nyk\u00e9pes aj\u00e1nd\u00e9kok Kar\u00e1csonyra! - T\u00f6r\u00f6kFot\u00f3 Blog","og_description":"Mindig probl\u00e9m\u00e1t okoz, hogy kinek mit adj Kar\u00e1csonyra? A gyerekeknek m\u00e9g csak-csak tudja az ember, hogy mit adjon, de sz\u00fcl\u0151knek, a p\u00e1runknak m\u00e1r sokkal nehezebb. Tartsd szem el\u0151tt, hogy ne az aj\u00e1nd\u00e9k anyagi \u00e9rt\u00e9ke legyen az els\u0151dleges szempont. A k\u00f6vetkez\u0151kben igyeksz\u00fcnk olyan tippeket bemutatni, amiket ak\u00e1r te is elk\u00e9sz\u00edthetsz otthon vagy k\u00e9rheted a T\u00f6r\u00f6kfot\u00f3\u00a0seg\u00edts\u00e9g\u00e9t hozz\u00e1! [&hellip;]","og_url":"http:\/\/www.torokfoto.hu\/blog\/5-tipp-fenykepes-ajandekok-karacsonyra\/","og_site_name":"T\u00f6r\u00f6kFot\u00f3 Blog","article_publisher":"https:\/\/www.facebook.com\/torokfoto","article_published_time":"2015-11-20T12:58:29+00:00","article_modified_time":"2020-01-08T11:42:01+00:00","og_image":[{"url":"http:\/\/www.torokfoto.hu\/blog\/wp-content\/uploads\/2015\/11\/k\u00f6nyvjelz\u0151.jpg","type":"","width":"","height":""}],"author":"torokfoto","twitter_misc":{"Written by":"torokfoto","Est. reading time":"5 perc"},"schema":{"@context":"https:\/\/schema.org","@graph":[{"@type":"Article","@id":"http:\/\/www.torokfoto.hu\/blog\/5-tipp-fenykepes-ajandekok-karacsonyra\/#article","isPartOf":{"@id":"http:\/\/www.torokfoto.hu\/blog\/5-tipp-fenykepes-ajandekok-karacsonyra\/"},"author":{"name":"torokfoto","@id":"http:\/\/www.torokfoto.hu\/blog\/#\/schema\/person\/15db174b0b57e6cb37c4b90725399434"},"headline":"5 tipp: F\u00e9nyk\u00e9pes aj\u00e1nd\u00e9kok Kar\u00e1csonyra!","datePublished":"2015-11-20T12:58:29+00:00","dateModified":"2020-01-08T11:42:01+00:00","mainEntityOfPage":{"@id":"http:\/\/www.torokfoto.hu\/blog\/5-tipp-fenykepes-ajandekok-karacsonyra\/"},"wordCount":1100,"image":{"@id":"http:\/\/www.torokfoto.hu\/blog\/5-tipp-fenykepes-ajandekok-karacsonyra\/#primaryimage"},"thumbnailUrl":"http:\/\/www.torokfoto.hu\/blog\/wp-content\/uploads\/2015\/11\/DIY-polaroid.jpg","keywords":["DIY","fot\u00f3z\u00e1s"],"articleSection":["Egy\u00e9b"],"inLanguage":"hu"},{"@type":"WebPage","@id":"http:\/\/www.torokfoto.hu\/blog\/5-tipp-fenykepes-ajandekok-karacsonyra\/","url":"http:\/\/www.torokfoto.hu\/blog\/5-tipp-fenykepes-ajandekok-karacsonyra\/","name":"5 tipp: F\u00e9nyk\u00e9pes aj\u00e1nd\u00e9kok Kar\u00e1csonyra! - T\u00f6r\u00f6kFot\u00f3 Blog","isPartOf":{"@id":"http:\/\/www.torokfoto.hu\/blog\/#website"},"primaryImageOfPage":{"@id":"http:\/\/www.torokfoto.hu\/blog\/5-tipp-fenykepes-ajandekok-karacsonyra\/#primaryimage"},"image":{"@id":"http:\/\/www.torokfoto.hu\/blog\/5-tipp-fenykepes-ajandekok-karacsonyra\/#primaryimage"},"thumbnailUrl":"http:\/\/www.torokfoto.hu\/blog\/wp-content\/uploads\/2015\/11\/DIY-polaroid.jpg","datePublished":"2015-11-20T12:58:29+00:00","dateModified":"2020-01-08T11:42:01+00:00","author":{"@id":"http:\/\/www.torokfoto.hu\/blog\/#\/schema\/person\/15db174b0b57e6cb37c4b90725399434"},"breadcrumb":{"@id":"http:\/\/www.torokfoto.hu\/blog\/5-tipp-fenykepes-ajandekok-karacsonyra\/#breadcrumb"},"inLanguage":"hu","potentialAction":[{"@type":"ReadAction","target":["http:\/\/www.torokfoto.hu\/blog\/5-tipp-fenykepes-ajandekok-karacsonyra\/"]}]},{"@type":"ImageObject","inLanguage":"hu","@id":"http:\/\/www.torokfoto.hu\/blog\/5-tipp-fenykepes-ajandekok-karacsonyra\/#primaryimage","url":"http:\/\/www.torokfoto.hu\/blog\/wp-content\/uploads\/2015\/11\/DIY-polaroid.jpg","contentUrl":"http:\/\/www.torokfoto.hu\/blog\/wp-content\/uploads\/2015\/11\/DIY-polaroid.jpg","width":540,"height":810},{"@type":"BreadcrumbList","@id":"http:\/\/www.torokfoto.hu\/blog\/5-tipp-fenykepes-ajandekok-karacsonyra\/#breadcrumb","itemListElement":[{"@type":"ListItem","position":1,"name":"Home","item":"http:\/\/www.torokfoto.hu\/blog\/"},{"@type":"ListItem","position":2,"name":"5 tipp: F\u00e9nyk\u00e9pes aj\u00e1nd\u00e9kok Kar\u00e1csonyra!"}]},{"@type":"WebSite","@id":"http:\/\/www.torokfoto.hu\/blog\/#website","url":"http:\/\/www.torokfoto.hu\/blog\/","name":"T\u00f6r\u00f6kFot\u00f3 Blog","description":"T\u00f6r\u00f6kFot\u00f3 Blog","potentialAction":[{"@type":"SearchAction","target":{"@type":"EntryPoint","urlTemplate":"http:\/\/www.torokfoto.hu\/blog\/?s={search_term_string}"},"query-input":{"@type":"PropertyValueSpecification","valueRequired":true,"valueName":"search_term_string"}}],"inLanguage":"hu"},{"@type":"Person","@id":"http:\/\/www.torokfoto.hu\/blog\/#\/schema\/person\/15db174b0b57e6cb37c4b90725399434","name":"torokfoto","image":{"@type":"ImageObject","inLanguage":"hu","@id":"https:\/\/secure.gravatar.com\/avatar\/84a893069261eb70289981cdfa31eafab34feeb3148b57a67c28f3f3d8bc3a30?s=96&d=mm&r=g","url":"https:\/\/secure.gravatar.com\/avatar\/84a893069261eb70289981cdfa31eafab34feeb3148b57a67c28f3f3d8bc3a30?s=96&d=mm&r=g","contentUrl":"https:\/\/secure.gravatar.com\/avatar\/84a893069261eb70289981cdfa31eafab34feeb3148b57a67c28f3f3d8bc3a30?s=96&d=mm&r=g","caption":"torokfoto"},"url":"http:\/\/www.torokfoto.hu\/blog\/author\/torokfoto\/"}]}},"_links":{"self":[{"href":"http:\/\/www.torokfoto.hu\/blog\/wp-json\/wp\/v2\/posts\/860","targetHints":{"allow":["GET"]}}],"collection":[{"href":"http:\/\/www.torokfoto.hu\/blog\/wp-json\/wp\/v2\/posts"}],"about":[{"href":"http:\/\/www.torokfoto.hu\/blog\/wp-json\/wp\/v2\/types\/post"}],"author":[{"embeddable":true,"href":"http:\/\/www.torokfoto.hu\/blog\/wp-json\/wp\/v2\/users\/1"}],"replies":[{"embeddable":true,"href":"http:\/\/www.torokfoto.hu\/blog\/wp-json\/wp\/v2\/comments?post=860"}],"version-history":[{"count":15,"href":"http:\/\/www.torokfoto.hu\/blog\/wp-json\/wp\/v2\/posts\/860\/revisions"}],"predecessor-version":[{"id":1945,"href":"http:\/\/www.torokfoto.hu\/blog\/wp-json\/wp\/v2\/posts\/860\/revisions\/1945"}],"wp:attachment":[{"href":"http:\/\/www.torokfoto.hu\/blog\/wp-json\/wp\/v2\/media?parent=860"}],"wp:term":[{"taxonomy":"category","embeddable":true,"href":"http:\/\/www.torokfoto.hu\/blog\/wp-json\/wp\/v2\/categories?post=860"},{"taxonomy":"post_tag","embeddable":true,"href":"http:\/\/www.torokfoto.hu\/blog\/wp-json\/wp\/v2\/tags?post=860"}],"curies":[{"name":"wp","href":"https:\/\/api.w.org\/{rel}","templated":true}]}}