{"id":708,"date":"2015-10-22T00:33:22","date_gmt":"2015-10-21T22:33:22","guid":{"rendered":"http:\/\/www.torokfoto.hu\/blog\/?p=708"},"modified":"2020-01-08T12:42:03","modified_gmt":"2020-01-08T11:42:03","slug":"1-tipp-egyszeru-praktikak-fotozashoz","status":"publish","type":"post","link":"http:\/\/www.torokfoto.hu\/blog\/1-tipp-egyszeru-praktikak-fotozashoz\/","title":{"rendered":"1. tipp: Egyszer\u0171 praktik\u00e1k fot\u00f3z\u00e1shoz?"},"content":{"rendered":"<p><a href=\"http:\/\/www.torokfoto.hu\/blog\/1-tipp-egyszeru-praktikak-fotozashoz\/\"><img loading=\"lazy\" decoding=\"async\" class=\"aligncenter wp-image-725 size-full\" src=\"http:\/\/www.torokfoto.hu\/blog\/wp-content\/uploads\/2015\/10\/sz\u00edv.jpg\" alt=\"1. tipp: Egyszer\u0171 praktik\u00e1k fot\u00f3z\u00e1shoz?\" width=\"570\" height=\"450\" srcset=\"http:\/\/www.torokfoto.hu\/blog\/wp-content\/uploads\/2015\/10\/sz\u00edv.jpg 570w, http:\/\/www.torokfoto.hu\/blog\/wp-content\/uploads\/2015\/10\/sz\u00edv-300x237.jpg 300w\" sizes=\"auto, (max-width: 570px) 100vw, 570px\" \/><\/a><\/p>\n<p>&nbsp;<\/p>\n<p>Az <strong>\u0151szi\/t\u00e9li szezon<\/strong>nak megfelel\u0151en igyeksz\u00fcnk olyan t\u00e9m\u00e1kat hozni, amik hasznosak, \u00e9s m\u00e9g a hideg id\u0151 ellen\u00e9re is meghozz\u00e1k a kedvet a fot\u00f3z\u00e1sra!\u00a0<strong>H\u00e1rom<\/strong> <strong>r\u00e9sz<\/strong>b\u0151l \u00e1ll\u00f3 <strong>sorozatunk<\/strong> els\u0151 cikk\u00e9nek t\u00e9m\u00e1j\u00e1ul egy olyan praktik\u00e1t v\u00e1lasztottunk, amit biztosan ismersz m\u00e1r. Ha n\u00e9vr\u0151l nem is, de a fot\u00f3k alapj\u00e1n biztosan ismer\u0151s lesz a technika. Most le\u00edrjuk, hogy <strong>hogyan tudod m\u00e9g ink\u00e1bb belevinni a szem\u00e9lyis\u00e9ged<\/strong> a fot\u00f3idba. Nem bonyolult, <strong>kreat\u00edv<\/strong> \u00e9s v\u00e1ltozatos m\u00f3don! L\u00e1ssuk, teh\u00e1t&#8230;<\/p>\n<p><!--more--><\/p>\n<p>&nbsp;<\/p>\n<p>&nbsp;<\/p>\n<h2>Mi is az a Bokeh?<\/h2>\n<p>Az els\u0151 <strong>tr\u00fckk<\/strong> DSLR f\u00e9nyk\u00e9pez\u0151g\u00e9pekn\u00e9l haszn\u00e1lhat\u00f3. Kis m\u00e9lys\u00e9g\u00e9less\u00e9g eset\u00e9n apr\u00f3 f\u00e9nyfoltok jelennek meg (az adott f\u00e9nyforr\u00e1s, &#8220;elmos\u00f3dott\u00e1&#8221; v\u00e1lik) a fot\u00f3kon.<\/p>\n<p>&nbsp;<\/p>\n<figure id=\"attachment_715\" class=\"thumbnail wp-caption aligncenter\" style=\"width: 810px\"><a href=\"http:\/\/www.torokfoto.hu\/blog\/wp-content\/uploads\/2015\/10\/A f\u00e9nyfoltok megjelen\u00e9se...\"><img loading=\"lazy\" decoding=\"async\" class=\"wp-image-715 size-full\" src=\"http:\/\/www.torokfoto.hu\/blog\/wp-content\/uploads\/2015\/10\/bokeh-foltok.jpg\" alt=\"A f\u00e9nyfoltok megjelen\u00e9se...\" width=\"800\" height=\"533\" srcset=\"http:\/\/www.torokfoto.hu\/blog\/wp-content\/uploads\/2015\/10\/bokeh-foltok.jpg 800w, http:\/\/www.torokfoto.hu\/blog\/wp-content\/uploads\/2015\/10\/bokeh-foltok-300x200.jpg 300w\" sizes=\"auto, (max-width: 800px) 100vw, 800px\" \/><\/a><figcaption class=\"caption wp-caption-text\">A f\u00e9nyfoltok megjelen\u00e9se&#8230; (fot\u00f3: http:\/\/www.abeautifulmess.com\/)<\/figcaption><\/figure>\n<p>&nbsp;<\/p>\n<p>Az <strong>alacsony m\u00e9lys\u00e9g\u00e9less\u00e9g<\/strong>nek k\u00f6sz\u00f6nhet\u0151en a k\u00e9p\u00a0el\u0151ter\u00e9ben \u00e9less\u00e9\u00a0v\u00e1lnak az alakok\/t\u00e1rgyak, m\u00edg a h\u00e1tter\u00e9ben elmos\u00f3dnak \u00e9s \u00f6sszeolvadnak. De l\u00e9tezik egy technika, amivel ezt a jelens\u00e9get megford\u00edthatod.\u00a0Ennek a neve &#8216;<strong>bokeh<\/strong>&#8216;. A &#8216;bokeh-nek&#8217; k\u00f6sz\u00f6nhet\u0151en <strong>k\u00fcl\u00f6nleges\u00a0<\/strong>fot\u00f3kat k\u00e9sz\u00edthetsz. Ez a kis tr\u00fckk lehet\u0151v\u00e9 teszi, hogy olyan fot\u00f3kat k\u00e9sz\u00edts, ahol a h\u00e1tt\u00e9r kivehet\u0151 \u00e9s \u00e9les lesz, az el\u0151t\u00e9r pedig elmos\u00f3dott.<\/p>\n<p>&nbsp;<\/p>\n<figure id=\"attachment_720\" class=\"thumbnail wp-caption aligncenter\" style=\"width: 810px\"><a href=\"http:\/\/www.torokfoto.hu\/blog\/wp-content\/uploads\/2015\/10\/... a sablon alkalmaz\u00e1sa ut\u00e1n.\"><img loading=\"lazy\" decoding=\"async\" class=\"wp-image-720 size-full\" src=\"http:\/\/www.torokfoto.hu\/blog\/wp-content\/uploads\/2015\/10\/bokeh-csillagokkal.jpg\" alt=\"... a sablon alkalmaz\u00e1sa ut\u00e1n.\" width=\"800\" height=\"533\" srcset=\"http:\/\/www.torokfoto.hu\/blog\/wp-content\/uploads\/2015\/10\/bokeh-csillagokkal.jpg 800w, http:\/\/www.torokfoto.hu\/blog\/wp-content\/uploads\/2015\/10\/bokeh-csillagokkal-300x200.jpg 300w\" sizes=\"auto, (max-width: 800px) 100vw, 800px\" \/><\/a><figcaption class=\"caption wp-caption-text\">&#8230; a sablon alkalmaz\u00e1sa ut\u00e1n. (fot\u00f3: http:\/\/www.abeautifulmess.com\/)<\/figcaption><\/figure>\n<p>&nbsp;<\/p>\n<p>A tr\u00fckk megval\u00f3s\u00edt\u00e1s\u00e1hoz nem kell m\u00e1st tenned, mint a f\u00e9nyk\u00e9pez\u0151g\u00e9ped lencs\u00e9j\u00e9re r\u00f6gz\u00edtened egy <strong>fekete<\/strong> pap\u00edr k\u00f6rt (ami akkora, mint a lencse), amin egy<strong> neked tetsz\u0151 form\u00e1t<\/strong> v\u00e1gt\u00e1l ki. A fot\u00f3z\u00e1sn\u00e1l majd megl\u00e1tod, hogy a <strong>h\u00e1tt\u00e9r f\u00e9nyfoltjai felveszik azt a form\u00e1t<\/strong>, amit a fekete pap\u00edron kiv\u00e1gt\u00e1l (a kiv\u00e1g\u00e1s ne legyen t\u00fal nagy).<\/p>\n<p>&nbsp;<\/p>\n<div class=\"su-box su-box-style-default\" id=\"\" style=\"border-color:#360f0f;border-radius:3px;max-width:none\"><div class=\"su-box-title\" style=\"background-color:#694242;color:#FFFFFF;border-top-left-radius:1px;border-top-right-radius:1px\">Digit\u00e1lis Fot\u00f3kidolgoz\u00e1s a T\u00f6r\u00f6kFot\u00f3n\u00e1l<\/div><div class=\"su-box-content su-u-clearfix su-u-trim\" style=\"border-bottom-left-radius:1px;border-bottom-right-radius:1px\">\n<p>M\u00e1r megvannak a legjobb \u0151szi fot\u00f3id, de nincs \u00f6tleted hol h\u00edvasd el\u0151 \u0151ket?<\/p>\n<p><a href=\"http:\/\/www.torokfoto.hu\/termekek\/fotokidolgozas\" target=\"_blank\">H\u00edvasd el\u0151 k\u00e9peidet a T\u00f6r\u00f6kFot\u00f3n\u00e1l!<\/a><\/p>\n<ul>\n<li>Online felt\u00f6lt\u00e9s (mobilr\u00f3l is!)<\/li>\n<li>Orsz\u00e1gos kisz\u00e1ll\u00edt\u00e1s<\/li>\n<li>Cs\u00facsmin\u0151s\u00e9g<\/li>\n<\/ul>\n<\/div><\/div>\n<p>&nbsp;<\/p>\n<h3>Mikre lesz sz\u00fcks\u00e9ged?<\/h3>\n<ul>\n<li>DSLR f\u00e9nyk\u00e9pez\u0151g\u00e9pre fix objekt\u00edvvel<\/li>\n<li>fekete rajzlapra, feh\u00e9r ceruza<\/li>\n<li>sniccerre, formalyukaszt\u00f3ra (Kreat\u00edv Hobby boltokban beszerezhet\u0151) vagy kisoll\u00f3ra<\/li>\n<li>celluxra (de a biztons\u00e1g kedv\u00e9\u00e9rt bef\u0151ttes gumival is r\u00f6gz\u00edtheted a pap\u00edrt a f\u00e9nyk\u00e9pez\u0151g\u00e9pre)<\/li>\n<\/ul>\n<p>&nbsp;<\/p>\n<figure id=\"attachment_721\" class=\"thumbnail wp-caption aligncenter\" style=\"width: 810px\"><a href=\"http:\/\/www.torokfoto.hu\/blog\/wp-content\/uploads\/2015\/10\/Hogyan k\u00e9sz\u00fcl?\"><img loading=\"lazy\" decoding=\"async\" class=\"wp-image-721 size-full\" src=\"http:\/\/www.torokfoto.hu\/blog\/wp-content\/uploads\/2015\/10\/bokeh-k\u00e9sz\u00edt\u00e9se.jpg\" alt=\"Hogyan k\u00e9sz\u00fcl?\" width=\"800\" height=\"849\" srcset=\"http:\/\/www.torokfoto.hu\/blog\/wp-content\/uploads\/2015\/10\/bokeh-k\u00e9sz\u00edt\u00e9se.jpg 800w, http:\/\/www.torokfoto.hu\/blog\/wp-content\/uploads\/2015\/10\/bokeh-k\u00e9sz\u00edt\u00e9se-283x300.jpg 283w\" sizes=\"auto, (max-width: 800px) 100vw, 800px\" \/><\/a><figcaption class=\"caption wp-caption-text\">Hogyan k\u00e9sz\u00fcl? (fot\u00f3: http:\/\/www.abeautifulmess.com\/)<\/figcaption><\/figure>\n<p>&nbsp;<\/p>\n<p>A<strong> lencsev\u00e9d\u0151 sapk\u00e1t<\/strong> tedd a fekete rajzlapra \u00e9s rajzold k\u00f6rbe (nem kell t\u00f6k\u00e9letesnek lennie a k\u00f6rnek). Ne k\u00f6rben v\u00e1gd ki, hanem plusz h\u00e1romsz\u00f6geket, sugarakat toldva a k\u00f6rh\u00f6z (ak\u00e1r a\u00a0<strong>Nap<\/strong>). Egy kisebb k\u00f6rt rajzolj az eg\u00e9sz k\u00f6zep\u00e9re, ott lesz a k\u00edv\u00e1nt mint\u00e1d helye. V\u00e1gd ki a mint\u00e1d \u00e9s m\u00e1r <strong>r\u00f6gz\u00edtheted<\/strong> is a lencs\u00e9dre, bef\u0151ttes gumival vagy celluxszal!<\/p>\n<p>&nbsp;<\/p>\n<div class=\"su-box su-box-style-default\" id=\"\" style=\"border-color:#360f0f;border-radius:3px;max-width:none\"><div class=\"su-box-title\" style=\"background-color:#694242;color:#FFFFFF;border-top-left-radius:1px;border-top-right-radius:1px\">Polaroid fot\u00f3k\/Digit\u00e1lis Fot\u00f3kidolgoz\u00e1s a T\u00f6r\u00f6kFot\u00f3n\u00e1l<\/div><div class=\"su-box-content su-u-clearfix su-u-trim\" style=\"border-bottom-left-radius:1px;border-bottom-right-radius:1px\">\n<p>Szeretn\u00e9d \u0150SZI FOT\u00d3idat polaroid form\u00e1ban el\u0151h\u00edvatni? N\u00e1lunk <a href=\"http:\/\/www.torokfoto.hu\/termekek\/fotokidolgozas\" target=\"_blank\">megteheted<\/a>!<\/p>\n<ul>\n<li>Online felt\u00f6lt\u00e9s (mobilr\u00f3l is!)<\/li>\n<li>Orsz\u00e1gos kisz\u00e1ll\u00edt\u00e1s<\/li>\n<li>Cs\u00facsmin\u0151s\u00e9g<\/li>\n<\/ul>\n<p>A &#8220;Rendel\u00e9s megjegyz\u00e9sek&#8221;-hez ne felejtsd el oda\u00edrni a &#8220;POLAROID&#8221; jelig\u00e9t.<\/p>\n<\/div><\/div>\n<p>&nbsp;<\/p>\n<h3>Tippek a t\u00f6k\u00e9letes &#8216;bokeh&#8217; fot\u00f3khoz:<\/h3>\n<ul>\n<li>mindig gy\u0151z\u0151dj meg r\u00f3la, hogy van <strong>el\u00e9g f\u00e9ny<\/strong> a h\u00e1tt\u00e9rben<\/li>\n<li>ha<strong> sok form\u00e1t<\/strong> szeretn\u00e9l a fot\u00f3dra akkor <strong>t\u00f6bb f\u00e9nyt<\/strong> (f\u00e9nypontot) kell biztos\u00edtanod<\/li>\n<li>min\u00e9l<strong> nagyobb a f\u00e9ny<\/strong>, ann\u00e1l <strong>nagyobbak<\/strong> lesznek a <strong>form\u00e1k<\/strong> is<\/li>\n<\/ul>\n<p>&nbsp;<\/p>\n<div id='gallery-1' class='gallery galleryid-708 gallery-columns-2 gallery-size-medium'><figure class='gallery-item'>\n\t\t\t<div class='gallery-icon landscape'>\n\t\t\t\t<img loading=\"lazy\" decoding=\"async\" width=\"300\" height=\"290\" src=\"http:\/\/www.torokfoto.hu\/blog\/wp-content\/uploads\/2015\/10\/bokeh-fecske-300x290.jpg\" class=\"attachment-medium size-medium\" alt=\"\" aria-describedby=\"gallery-1-722\" srcset=\"http:\/\/www.torokfoto.hu\/blog\/wp-content\/uploads\/2015\/10\/bokeh-fecske-300x290.jpg 300w, http:\/\/www.torokfoto.hu\/blog\/wp-content\/uploads\/2015\/10\/bokeh-fecske.jpg 800w\" sizes=\"auto, (max-width: 300px) 100vw, 300px\" \/>\n\t\t\t<\/div>\n\t\t\t\t<figcaption class='wp-caption-text gallery-caption' id='gallery-1-722'>\n\t\t\t\tB\u00e1rmilyen form\u00e1t kiv\u00e1ghatsz&#8230;\n\t\t\t\t<\/figcaption><\/figure><figure class='gallery-item'>\n\t\t\t<div class='gallery-icon portrait'>\n\t\t\t\t<img loading=\"lazy\" decoding=\"async\" width=\"277\" height=\"300\" src=\"http:\/\/www.torokfoto.hu\/blog\/wp-content\/uploads\/2015\/10\/bokeh-sz\u00edv-277x300.jpg\" class=\"attachment-medium size-medium\" alt=\"\" aria-describedby=\"gallery-1-723\" srcset=\"http:\/\/www.torokfoto.hu\/blog\/wp-content\/uploads\/2015\/10\/bokeh-sz\u00edv-277x300.jpg 277w, http:\/\/www.torokfoto.hu\/blog\/wp-content\/uploads\/2015\/10\/bokeh-sz\u00edv.jpg 800w\" sizes=\"auto, (max-width: 277px) 100vw, 277px\" \/>\n\t\t\t<\/div>\n\t\t\t\t<figcaption class='wp-caption-text gallery-caption' id='gallery-1-723'>\n\t\t\t\t&#8230;\u00e9s egyediv\u00e9 teheted a fot\u00f3d!\n\t\t\t\t<\/figcaption><\/figure>\n\t\t<\/div>\n\n<p>&nbsp;<\/p>\n<p>Haszn\u00e1lhatod a <strong>v\u00e1ros<\/strong> f\u00e9nyeit, a f\u00e9kl\u00e1mp\u00e1kat, <strong>utcai<\/strong> l\u00e1mp\u00e1kat, gyerty\u00e1t, <strong>belt\u00e9ri<\/strong> <strong>vil\u00e1g\u00edt\u00e1st<\/strong> is&#8230;. a lehet\u0151s\u00e9gek sz\u00e1ma v\u00e9gtelen!<\/p>\n<p>&nbsp;<\/p>\n<p>Te milyen technik\u00e1k\u00e9rt, tippek\u00e9rt vagy oda? \u00c9rdekelnek tov\u00e1bbi tippek? Akkor k\u00f6vess minket <a href=\"https:\/\/www.facebook.com\/torokfoto?fref=ts\" target=\"_blank\">Facebookon <\/a>vagy <a href=\"http:\/\/www.torokfoto.hu\/blog\/\" target=\"_blank\">itt<\/a>! \ud83d\ude42<\/p>\n<p>&nbsp;<\/p>\n<p>&nbsp;<\/p>\n","protected":false},"excerpt":{"rendered":"<p>&nbsp; Az \u0151szi\/t\u00e9li szezonnak megfelel\u0151en igyeksz\u00fcnk olyan t\u00e9m\u00e1kat hozni, amik hasznosak, \u00e9s m\u00e9g a hideg id\u0151 ellen\u00e9re is meghozz\u00e1k a kedvet a fot\u00f3z\u00e1sra!\u00a0H\u00e1rom r\u00e9szb\u0151l \u00e1ll\u00f3 sorozatunk els\u0151 cikk\u00e9nek t\u00e9m\u00e1j\u00e1ul egy olyan praktik\u00e1t v\u00e1lasztottunk, amit biztosan ismersz m\u00e1r. Ha n\u00e9vr\u0151l nem is, de a fot\u00f3k alapj\u00e1n biztosan ismer\u0151s lesz a technika. Most le\u00edrjuk, hogy hogyan tudod [&hellip;]<\/p>\n","protected":false},"author":1,"featured_media":0,"comment_status":"closed","ping_status":"closed","sticky":false,"template":"","format":"standard","meta":{"footnotes":""},"categories":[1],"tags":[6],"class_list":["post-708","post","type-post","status-publish","format-standard","hentry","category-egyeb","tag-fotozas"],"yoast_head":"<!-- This site is optimized with the Yoast SEO plugin v27.4 - https:\/\/yoast.com\/product\/yoast-seo-wordpress\/ -->\n<title>1. tipp: Egyszer\u0171 praktik\u00e1k fot\u00f3z\u00e1shoz? - T\u00f6r\u00f6kFot\u00f3 Blog<\/title>\n<meta name=\"robots\" content=\"index, follow, max-snippet:-1, max-image-preview:large, max-video-preview:-1\" \/>\n<link rel=\"canonical\" href=\"http:\/\/www.torokfoto.hu\/blog\/1-tipp-egyszeru-praktikak-fotozashoz\/\" \/>\n<meta property=\"og:locale\" content=\"hu_HU\" \/>\n<meta property=\"og:type\" content=\"article\" \/>\n<meta property=\"og:title\" content=\"1. tipp: Egyszer\u0171 praktik\u00e1k fot\u00f3z\u00e1shoz? - T\u00f6r\u00f6kFot\u00f3 Blog\" \/>\n<meta property=\"og:description\" content=\"&nbsp; Az \u0151szi\/t\u00e9li szezonnak megfelel\u0151en igyeksz\u00fcnk olyan t\u00e9m\u00e1kat hozni, amik hasznosak, \u00e9s m\u00e9g a hideg id\u0151 ellen\u00e9re is meghozz\u00e1k a kedvet a fot\u00f3z\u00e1sra!\u00a0H\u00e1rom r\u00e9szb\u0151l \u00e1ll\u00f3 sorozatunk els\u0151 cikk\u00e9nek t\u00e9m\u00e1j\u00e1ul egy olyan praktik\u00e1t v\u00e1lasztottunk, amit biztosan ismersz m\u00e1r. Ha n\u00e9vr\u0151l nem is, de a fot\u00f3k alapj\u00e1n biztosan ismer\u0151s lesz a technika. Most le\u00edrjuk, hogy hogyan tudod [&hellip;]\" \/>\n<meta property=\"og:url\" content=\"http:\/\/www.torokfoto.hu\/blog\/1-tipp-egyszeru-praktikak-fotozashoz\/\" \/>\n<meta property=\"og:site_name\" content=\"T\u00f6r\u00f6kFot\u00f3 Blog\" \/>\n<meta property=\"article:publisher\" content=\"https:\/\/www.facebook.com\/torokfoto\" \/>\n<meta property=\"article:published_time\" content=\"2015-10-21T22:33:22+00:00\" \/>\n<meta property=\"article:modified_time\" content=\"2020-01-08T11:42:03+00:00\" \/>\n<meta property=\"og:image\" content=\"http:\/\/www.torokfoto.hu\/blog\/wp-content\/uploads\/2015\/10\/bokeh-fecske-300x290.jpg\" \/>\n<meta name=\"author\" content=\"torokfoto\" \/>\n<meta name=\"twitter:label1\" content=\"Written by\" \/>\n\t<meta name=\"twitter:data1\" content=\"torokfoto\" \/>\n\t<meta name=\"twitter:label2\" content=\"Est. reading time\" \/>\n\t<meta name=\"twitter:data2\" content=\"4 perc\" \/>\n<script type=\"application\/ld+json\" class=\"yoast-schema-graph\">{\"@context\":\"https:\\\/\\\/schema.org\",\"@graph\":[{\"@type\":\"Article\",\"@id\":\"http:\\\/\\\/www.torokfoto.hu\\\/blog\\\/1-tipp-egyszeru-praktikak-fotozashoz\\\/#article\",\"isPartOf\":{\"@id\":\"http:\\\/\\\/www.torokfoto.hu\\\/blog\\\/1-tipp-egyszeru-praktikak-fotozashoz\\\/\"},\"author\":{\"name\":\"torokfoto\",\"@id\":\"http:\\\/\\\/www.torokfoto.hu\\\/blog\\\/#\\\/schema\\\/person\\\/15db174b0b57e6cb37c4b90725399434\"},\"headline\":\"1. tipp: Egyszer\u0171 praktik\u00e1k fot\u00f3z\u00e1shoz?\",\"datePublished\":\"2015-10-21T22:33:22+00:00\",\"dateModified\":\"2020-01-08T11:42:03+00:00\",\"mainEntityOfPage\":{\"@id\":\"http:\\\/\\\/www.torokfoto.hu\\\/blog\\\/1-tipp-egyszeru-praktikak-fotozashoz\\\/\"},\"wordCount\":789,\"image\":{\"@id\":\"http:\\\/\\\/www.torokfoto.hu\\\/blog\\\/1-tipp-egyszeru-praktikak-fotozashoz\\\/#primaryimage\"},\"thumbnailUrl\":\"http:\\\/\\\/www.torokfoto.hu\\\/blog\\\/wp-content\\\/uploads\\\/2015\\\/10\\\/bokeh-foltok.jpg\",\"keywords\":[\"fot\u00f3z\u00e1s\"],\"articleSection\":[\"Egy\u00e9b\"],\"inLanguage\":\"hu\"},{\"@type\":\"WebPage\",\"@id\":\"http:\\\/\\\/www.torokfoto.hu\\\/blog\\\/1-tipp-egyszeru-praktikak-fotozashoz\\\/\",\"url\":\"http:\\\/\\\/www.torokfoto.hu\\\/blog\\\/1-tipp-egyszeru-praktikak-fotozashoz\\\/\",\"name\":\"1. tipp: Egyszer\u0171 praktik\u00e1k fot\u00f3z\u00e1shoz? - T\u00f6r\u00f6kFot\u00f3 Blog\",\"isPartOf\":{\"@id\":\"http:\\\/\\\/www.torokfoto.hu\\\/blog\\\/#website\"},\"primaryImageOfPage\":{\"@id\":\"http:\\\/\\\/www.torokfoto.hu\\\/blog\\\/1-tipp-egyszeru-praktikak-fotozashoz\\\/#primaryimage\"},\"image\":{\"@id\":\"http:\\\/\\\/www.torokfoto.hu\\\/blog\\\/1-tipp-egyszeru-praktikak-fotozashoz\\\/#primaryimage\"},\"thumbnailUrl\":\"http:\\\/\\\/www.torokfoto.hu\\\/blog\\\/wp-content\\\/uploads\\\/2015\\\/10\\\/bokeh-foltok.jpg\",\"datePublished\":\"2015-10-21T22:33:22+00:00\",\"dateModified\":\"2020-01-08T11:42:03+00:00\",\"author\":{\"@id\":\"http:\\\/\\\/www.torokfoto.hu\\\/blog\\\/#\\\/schema\\\/person\\\/15db174b0b57e6cb37c4b90725399434\"},\"breadcrumb\":{\"@id\":\"http:\\\/\\\/www.torokfoto.hu\\\/blog\\\/1-tipp-egyszeru-praktikak-fotozashoz\\\/#breadcrumb\"},\"inLanguage\":\"hu\",\"potentialAction\":[{\"@type\":\"ReadAction\",\"target\":[\"http:\\\/\\\/www.torokfoto.hu\\\/blog\\\/1-tipp-egyszeru-praktikak-fotozashoz\\\/\"]}]},{\"@type\":\"ImageObject\",\"inLanguage\":\"hu\",\"@id\":\"http:\\\/\\\/www.torokfoto.hu\\\/blog\\\/1-tipp-egyszeru-praktikak-fotozashoz\\\/#primaryimage\",\"url\":\"http:\\\/\\\/www.torokfoto.hu\\\/blog\\\/wp-content\\\/uploads\\\/2015\\\/10\\\/bokeh-foltok.jpg\",\"contentUrl\":\"http:\\\/\\\/www.torokfoto.hu\\\/blog\\\/wp-content\\\/uploads\\\/2015\\\/10\\\/bokeh-foltok.jpg\",\"width\":800,\"height\":533},{\"@type\":\"BreadcrumbList\",\"@id\":\"http:\\\/\\\/www.torokfoto.hu\\\/blog\\\/1-tipp-egyszeru-praktikak-fotozashoz\\\/#breadcrumb\",\"itemListElement\":[{\"@type\":\"ListItem\",\"position\":1,\"name\":\"Home\",\"item\":\"http:\\\/\\\/www.torokfoto.hu\\\/blog\\\/\"},{\"@type\":\"ListItem\",\"position\":2,\"name\":\"1. tipp: Egyszer\u0171 praktik\u00e1k fot\u00f3z\u00e1shoz?\"}]},{\"@type\":\"WebSite\",\"@id\":\"http:\\\/\\\/www.torokfoto.hu\\\/blog\\\/#website\",\"url\":\"http:\\\/\\\/www.torokfoto.hu\\\/blog\\\/\",\"name\":\"T\u00f6r\u00f6kFot\u00f3 Blog\",\"description\":\"T\u00f6r\u00f6kFot\u00f3 Blog\",\"potentialAction\":[{\"@type\":\"SearchAction\",\"target\":{\"@type\":\"EntryPoint\",\"urlTemplate\":\"http:\\\/\\\/www.torokfoto.hu\\\/blog\\\/?s={search_term_string}\"},\"query-input\":{\"@type\":\"PropertyValueSpecification\",\"valueRequired\":true,\"valueName\":\"search_term_string\"}}],\"inLanguage\":\"hu\"},{\"@type\":\"Person\",\"@id\":\"http:\\\/\\\/www.torokfoto.hu\\\/blog\\\/#\\\/schema\\\/person\\\/15db174b0b57e6cb37c4b90725399434\",\"name\":\"torokfoto\",\"image\":{\"@type\":\"ImageObject\",\"inLanguage\":\"hu\",\"@id\":\"https:\\\/\\\/secure.gravatar.com\\\/avatar\\\/84a893069261eb70289981cdfa31eafab34feeb3148b57a67c28f3f3d8bc3a30?s=96&d=mm&r=g\",\"url\":\"https:\\\/\\\/secure.gravatar.com\\\/avatar\\\/84a893069261eb70289981cdfa31eafab34feeb3148b57a67c28f3f3d8bc3a30?s=96&d=mm&r=g\",\"contentUrl\":\"https:\\\/\\\/secure.gravatar.com\\\/avatar\\\/84a893069261eb70289981cdfa31eafab34feeb3148b57a67c28f3f3d8bc3a30?s=96&d=mm&r=g\",\"caption\":\"torokfoto\"},\"url\":\"http:\\\/\\\/www.torokfoto.hu\\\/blog\\\/author\\\/torokfoto\\\/\"}]}<\/script>\n<!-- \/ Yoast SEO plugin. -->","yoast_head_json":{"title":"1. tipp: Egyszer\u0171 praktik\u00e1k fot\u00f3z\u00e1shoz? - T\u00f6r\u00f6kFot\u00f3 Blog","robots":{"index":"index","follow":"follow","max-snippet":"max-snippet:-1","max-image-preview":"max-image-preview:large","max-video-preview":"max-video-preview:-1"},"canonical":"http:\/\/www.torokfoto.hu\/blog\/1-tipp-egyszeru-praktikak-fotozashoz\/","og_locale":"hu_HU","og_type":"article","og_title":"1. tipp: Egyszer\u0171 praktik\u00e1k fot\u00f3z\u00e1shoz? - T\u00f6r\u00f6kFot\u00f3 Blog","og_description":"&nbsp; Az \u0151szi\/t\u00e9li szezonnak megfelel\u0151en igyeksz\u00fcnk olyan t\u00e9m\u00e1kat hozni, amik hasznosak, \u00e9s m\u00e9g a hideg id\u0151 ellen\u00e9re is meghozz\u00e1k a kedvet a fot\u00f3z\u00e1sra!\u00a0H\u00e1rom r\u00e9szb\u0151l \u00e1ll\u00f3 sorozatunk els\u0151 cikk\u00e9nek t\u00e9m\u00e1j\u00e1ul egy olyan praktik\u00e1t v\u00e1lasztottunk, amit biztosan ismersz m\u00e1r. Ha n\u00e9vr\u0151l nem is, de a fot\u00f3k alapj\u00e1n biztosan ismer\u0151s lesz a technika. Most le\u00edrjuk, hogy hogyan tudod [&hellip;]","og_url":"http:\/\/www.torokfoto.hu\/blog\/1-tipp-egyszeru-praktikak-fotozashoz\/","og_site_name":"T\u00f6r\u00f6kFot\u00f3 Blog","article_publisher":"https:\/\/www.facebook.com\/torokfoto","article_published_time":"2015-10-21T22:33:22+00:00","article_modified_time":"2020-01-08T11:42:03+00:00","og_image":[{"url":"http:\/\/www.torokfoto.hu\/blog\/wp-content\/uploads\/2015\/10\/bokeh-fecske-300x290.jpg","type":"","width":"","height":""}],"author":"torokfoto","twitter_misc":{"Written by":"torokfoto","Est. reading time":"4 perc"},"schema":{"@context":"https:\/\/schema.org","@graph":[{"@type":"Article","@id":"http:\/\/www.torokfoto.hu\/blog\/1-tipp-egyszeru-praktikak-fotozashoz\/#article","isPartOf":{"@id":"http:\/\/www.torokfoto.hu\/blog\/1-tipp-egyszeru-praktikak-fotozashoz\/"},"author":{"name":"torokfoto","@id":"http:\/\/www.torokfoto.hu\/blog\/#\/schema\/person\/15db174b0b57e6cb37c4b90725399434"},"headline":"1. tipp: Egyszer\u0171 praktik\u00e1k fot\u00f3z\u00e1shoz?","datePublished":"2015-10-21T22:33:22+00:00","dateModified":"2020-01-08T11:42:03+00:00","mainEntityOfPage":{"@id":"http:\/\/www.torokfoto.hu\/blog\/1-tipp-egyszeru-praktikak-fotozashoz\/"},"wordCount":789,"image":{"@id":"http:\/\/www.torokfoto.hu\/blog\/1-tipp-egyszeru-praktikak-fotozashoz\/#primaryimage"},"thumbnailUrl":"http:\/\/www.torokfoto.hu\/blog\/wp-content\/uploads\/2015\/10\/bokeh-foltok.jpg","keywords":["fot\u00f3z\u00e1s"],"articleSection":["Egy\u00e9b"],"inLanguage":"hu"},{"@type":"WebPage","@id":"http:\/\/www.torokfoto.hu\/blog\/1-tipp-egyszeru-praktikak-fotozashoz\/","url":"http:\/\/www.torokfoto.hu\/blog\/1-tipp-egyszeru-praktikak-fotozashoz\/","name":"1. tipp: Egyszer\u0171 praktik\u00e1k fot\u00f3z\u00e1shoz? - T\u00f6r\u00f6kFot\u00f3 Blog","isPartOf":{"@id":"http:\/\/www.torokfoto.hu\/blog\/#website"},"primaryImageOfPage":{"@id":"http:\/\/www.torokfoto.hu\/blog\/1-tipp-egyszeru-praktikak-fotozashoz\/#primaryimage"},"image":{"@id":"http:\/\/www.torokfoto.hu\/blog\/1-tipp-egyszeru-praktikak-fotozashoz\/#primaryimage"},"thumbnailUrl":"http:\/\/www.torokfoto.hu\/blog\/wp-content\/uploads\/2015\/10\/bokeh-foltok.jpg","datePublished":"2015-10-21T22:33:22+00:00","dateModified":"2020-01-08T11:42:03+00:00","author":{"@id":"http:\/\/www.torokfoto.hu\/blog\/#\/schema\/person\/15db174b0b57e6cb37c4b90725399434"},"breadcrumb":{"@id":"http:\/\/www.torokfoto.hu\/blog\/1-tipp-egyszeru-praktikak-fotozashoz\/#breadcrumb"},"inLanguage":"hu","potentialAction":[{"@type":"ReadAction","target":["http:\/\/www.torokfoto.hu\/blog\/1-tipp-egyszeru-praktikak-fotozashoz\/"]}]},{"@type":"ImageObject","inLanguage":"hu","@id":"http:\/\/www.torokfoto.hu\/blog\/1-tipp-egyszeru-praktikak-fotozashoz\/#primaryimage","url":"http:\/\/www.torokfoto.hu\/blog\/wp-content\/uploads\/2015\/10\/bokeh-foltok.jpg","contentUrl":"http:\/\/www.torokfoto.hu\/blog\/wp-content\/uploads\/2015\/10\/bokeh-foltok.jpg","width":800,"height":533},{"@type":"BreadcrumbList","@id":"http:\/\/www.torokfoto.hu\/blog\/1-tipp-egyszeru-praktikak-fotozashoz\/#breadcrumb","itemListElement":[{"@type":"ListItem","position":1,"name":"Home","item":"http:\/\/www.torokfoto.hu\/blog\/"},{"@type":"ListItem","position":2,"name":"1. tipp: Egyszer\u0171 praktik\u00e1k fot\u00f3z\u00e1shoz?"}]},{"@type":"WebSite","@id":"http:\/\/www.torokfoto.hu\/blog\/#website","url":"http:\/\/www.torokfoto.hu\/blog\/","name":"T\u00f6r\u00f6kFot\u00f3 Blog","description":"T\u00f6r\u00f6kFot\u00f3 Blog","potentialAction":[{"@type":"SearchAction","target":{"@type":"EntryPoint","urlTemplate":"http:\/\/www.torokfoto.hu\/blog\/?s={search_term_string}"},"query-input":{"@type":"PropertyValueSpecification","valueRequired":true,"valueName":"search_term_string"}}],"inLanguage":"hu"},{"@type":"Person","@id":"http:\/\/www.torokfoto.hu\/blog\/#\/schema\/person\/15db174b0b57e6cb37c4b90725399434","name":"torokfoto","image":{"@type":"ImageObject","inLanguage":"hu","@id":"https:\/\/secure.gravatar.com\/avatar\/84a893069261eb70289981cdfa31eafab34feeb3148b57a67c28f3f3d8bc3a30?s=96&d=mm&r=g","url":"https:\/\/secure.gravatar.com\/avatar\/84a893069261eb70289981cdfa31eafab34feeb3148b57a67c28f3f3d8bc3a30?s=96&d=mm&r=g","contentUrl":"https:\/\/secure.gravatar.com\/avatar\/84a893069261eb70289981cdfa31eafab34feeb3148b57a67c28f3f3d8bc3a30?s=96&d=mm&r=g","caption":"torokfoto"},"url":"http:\/\/www.torokfoto.hu\/blog\/author\/torokfoto\/"}]}},"_links":{"self":[{"href":"http:\/\/www.torokfoto.hu\/blog\/wp-json\/wp\/v2\/posts\/708","targetHints":{"allow":["GET"]}}],"collection":[{"href":"http:\/\/www.torokfoto.hu\/blog\/wp-json\/wp\/v2\/posts"}],"about":[{"href":"http:\/\/www.torokfoto.hu\/blog\/wp-json\/wp\/v2\/types\/post"}],"author":[{"embeddable":true,"href":"http:\/\/www.torokfoto.hu\/blog\/wp-json\/wp\/v2\/users\/1"}],"replies":[{"embeddable":true,"href":"http:\/\/www.torokfoto.hu\/blog\/wp-json\/wp\/v2\/comments?post=708"}],"version-history":[{"count":13,"href":"http:\/\/www.torokfoto.hu\/blog\/wp-json\/wp\/v2\/posts\/708\/revisions"}],"predecessor-version":[{"id":732,"href":"http:\/\/www.torokfoto.hu\/blog\/wp-json\/wp\/v2\/posts\/708\/revisions\/732"}],"wp:attachment":[{"href":"http:\/\/www.torokfoto.hu\/blog\/wp-json\/wp\/v2\/media?parent=708"}],"wp:term":[{"taxonomy":"category","embeddable":true,"href":"http:\/\/www.torokfoto.hu\/blog\/wp-json\/wp\/v2\/categories?post=708"},{"taxonomy":"post_tag","embeddable":true,"href":"http:\/\/www.torokfoto.hu\/blog\/wp-json\/wp\/v2\/tags?post=708"}],"curies":[{"name":"wp","href":"https:\/\/api.w.org\/{rel}","templated":true}]}}