{"id":67,"date":"2015-07-18T17:16:39","date_gmt":"2015-07-18T15:16:39","guid":{"rendered":"http:\/\/www.torokfoto.hu\/blog\/?p=67"},"modified":"2020-01-08T12:42:05","modified_gmt":"2020-01-08T11:42:05","slug":"tippek-hogyan-dekorald-a-lakasod-a-fotoiddal","status":"publish","type":"post","link":"http:\/\/www.torokfoto.hu\/blog\/tippek-hogyan-dekorald-a-lakasod-a-fotoiddal\/","title":{"rendered":"Tippek: Hogyan dekor\u00e1ld a lak\u00e1sod a fot\u00f3iddal?"},"content":{"rendered":"<p style=\"text-align: center;\"><a href=\"http:\/\/www.torokfoto.hu\/blog\/tippek-hogyan-dekorald-a-lakasod-a-fotoiddal\"><img loading=\"lazy\" decoding=\"async\" class=\"aligncenter wp-image-85 size-full\" src=\"http:\/\/www.torokfoto.hu\/blog\/wp-content\/uploads\/2015\/07\/b\u00e9zs-otthon.jpg\" alt=\"Lak\u00e1sdekor\u00e1ci\u00f3 fot\u00f3kkal\" width=\"736\" height=\"552\" srcset=\"http:\/\/www.torokfoto.hu\/blog\/wp-content\/uploads\/2015\/07\/b\u00e9zs-otthon.jpg 736w, http:\/\/www.torokfoto.hu\/blog\/wp-content\/uploads\/2015\/07\/b\u00e9zs-otthon-300x225.jpg 300w\" sizes=\"auto, (max-width: 736px) 100vw, 736px\" \/><\/a><\/p>\n<p>A mostani, digit\u00e1lis vil\u00e1gban m\u00e1r sokkal egyszer\u0171bb megosztani a f\u00e9nyk\u00e9peidet. Ez nyilv\u00e1n nem \u00fajdons\u00e1g. Facebookon vagy e-mailben b\u00e1rkinek, b\u00e1rmikor tov\u00e1bb\u00edthatod \u0151ket, egyetlen kattint\u00e1ssal! Ugyanakkor, ennek a digit\u00e1lis vil\u00e1gnak k\u00f6sz\u00f6nhet\u0151en, ak\u00e1r <strong>online is el\u0151h\u00edvathatod fot\u00f3idat<\/strong>. \u00a0Milyen egyszer\u0171 nem igaz?\u00a0Az viszont kor\u00e1ntsem az, hogy <strong>hogyan helyezd el \u0151ket a lak\u00e1sodban<\/strong>.<\/p>\n<p>&nbsp;<\/p>\n<div class=\"su-box su-box-style-default\" id=\"\" style=\"border-color:#360f0f;border-radius:3px;max-width:none\"><div class=\"su-box-title\" style=\"background-color:#694242;color:#FFFFFF;border-top-left-radius:1px;border-top-right-radius:1px\">Tipp<\/div><div class=\"su-box-content su-u-clearfix su-u-trim\" style=\"border-bottom-left-radius:1px;border-bottom-right-radius:1px\">\n<p>Digit\u00e1lis fot\u00f3kidolgoz\u00e1s \u2013\u00a0<a href=\"http:\/\/www.torokfoto.hu\/termekek\/fotokidolgozas\" target=\"_blank\">H\u00edvasd el\u0151 k\u00e9peidet Te is a T\u00f6r\u00f6kFot\u00f3n\u00e1l!<\/a><\/p>\n<ul style=\"list-style-type: square;\">\n<li>Online felt\u00f6lt\u00e9s (mobilr\u00f3l is!)<\/li>\n<li>Orsz\u00e1gos kisz\u00e1ll\u00edt\u00e1s<\/li>\n<li>Cs\u00facsmin\u0151s\u00e9g<\/li>\n<\/ul>\n<\/div><\/div>\n<p>&nbsp;<\/p>\n<p>A lak\u00e1sod ne csak egy hely legyen ahov\u00e1 haza m\u00e9sz, hanem az otthonod, ami <strong>t\u00fckr\u00f6zi a szem\u00e9lyis\u00e9ged<\/strong> \u00e9s felt\u00f6lt pozit\u00edv energi\u00e1val.\u00a0A k\u00f6vetkez\u0151 <strong>tippek<\/strong> seg\u00edthetnek neked abban, hogy min\u00e9l kreat\u00edvabban \u00e9s egyedibben \u00f6lt\u00f6ztesd fel az otthonod falait f\u00e9nyk\u00e9peiddel.<\/p>\n<p><!--more--><\/p>\n<h2><\/h2>\n<p>&nbsp;<\/p>\n<h2>Tipp: Hogyan helyezd el a fot\u00f3idat?<\/h2>\n<p><strong>Rengeteg<\/strong> lehet\u0151s\u00e9ged van arra, hogy hogyan helyezd el a fot\u00f3kat\u00a0a lak\u00e1sodban. Ez a feladat ez\u00e9rt is ilyen neh\u00e9z, hiszen a sok <strong>m\u00f3dszer<\/strong>, <strong>tr\u00fckk<\/strong> \u00e9s <strong>\u00f6tlet<\/strong> k\u00f6z\u00fcl meg kell tal\u00e1lnod a sz\u00e1modra legszuperebbet. Olyat, amit \u00e9vekig sz\u00edvesen n\u00e9zegetsz, \u00e9s t\u00fckr\u00f6zi azt a szellemet, ami az otthonodon kereszt\u00fcl t\u00e9ged k\u00e9pvisel.<\/p>\n<p>&nbsp;<\/p>\n<figure id=\"attachment_120\" class=\"thumbnail wp-caption aligncenter\" style=\"width: 490px\"><a href=\"http:\/\/www.torokfoto.hu\/blog\/wp-content\/uploads\/2015\/07\/elrendez\u00e9s-keret-tippek.jpg\"><img loading=\"lazy\" decoding=\"async\" class=\"wp-image-120 size-full\" src=\"http:\/\/www.torokfoto.hu\/blog\/wp-content\/uploads\/2015\/07\/elrendez\u00e9s-keret-tippek.jpg\" alt=\"Lak\u00e1sdekor\u00e1ci\u00f3 fot\u00f3kkal\" width=\"480\" height=\"960\" srcset=\"http:\/\/www.torokfoto.hu\/blog\/wp-content\/uploads\/2015\/07\/elrendez\u00e9s-keret-tippek.jpg 480w, http:\/\/www.torokfoto.hu\/blog\/wp-content\/uploads\/2015\/07\/elrendez\u00e9s-keret-tippek-150x300.jpg 150w\" sizes=\"auto, (max-width: 480px) 100vw, 480px\" \/><\/a><figcaption class=\"caption wp-caption-text\">8 tipp a fot\u00f3k elhelyez\u00e9s\u00e9re. Neked melyik tetszik a legjobban?<\/figcaption><\/figure>\n<p>&nbsp;<\/p>\n<p>Nem szabad elkapkodni, meg kell fontolnod, hogy milyen st\u00edlus\u00fa k\u00e9peket szeretn\u00e9l egym\u00e1s mellett l\u00e1tni. Azokat hogyan szeretn\u00e9d elhelyezni, de<strong> tematiz\u00e1lhatod is \u0151ket<\/strong>. Nyaral\u00e1sr\u00f3l k\u00e9sz\u00fclt fot\u00f3k, kir\u00e1ndul\u00e1sok, sz\u00fclet\u00e9snapok, eljegyz\u00e9sek \u00e9s esk\u00fcv\u0151k, esetleg n\u00e1sz\u00fat, ezek k\u00f6z\u00fcl kiv\u00e1lasztod a kedvenceidet \u00e9s m\u00e1r meg is vannak a t\u00e9mak\u00f6r\u00f6k.<\/p>\n<p><strong>M\u00e9rlegelj, azt\u00e1n d\u00f6nts!<\/strong> Ne ess neki csak \u00fagy kalap\u00e1ccsal \u00e9s sz\u00f6ggel a falnak, mert ha v\u00e9g\u00fcl nem tetszik a v\u00e9geredm\u00e9ny nehezebb korrig\u00e1lni.\u00a0A folytat\u00e1sban olyan m\u00f3dszerekkel, \u00f6tletekkel \u00e9s tippekkel tal\u00e1lkozhatsz, amik garant\u00e1ltan megk\u00f6nny\u00edtik a feladatod a fot\u00f3k elhelyez\u00e9s\u00e9vel kapcsolatban. Teh\u00e1t, l\u00e1ssuk&#8230;<\/p>\n<p>&nbsp;<\/p>\n<h2>\u00datmutat\u00f3 a t\u00f6k\u00e9letes munk\u00e1hoz!<\/h2>\n<p>Az els\u0151 \u00e9s legfontosabb, hogy kigondold mekkora falfel\u00fcletre, <em>h\u00e1ny darab<\/em> \u00e9s milyen <strong>m\u00e9ret\u0171 fot\u00f3t<\/strong> szeretn\u00e9l kitenni.<\/p>\n<p><em>A k\u00f6vetkez\u0151kre lesz sz\u00fcks\u00e9ged:<\/em> 1. kartonlap (vagy olyan merevebb anyag\u00fa\u00a0csomagol\u00f3pap\u00edr, amit m\u00e1r nem haszn\u00e1ln\u00e1l fel), 2. ceruza, 3. oll\u00f3, 4. ragaszt\u00f3szalag (a pontoss\u00e1g \u00e9rdek\u00e9ben 5. v\u00edzm\u00e9rt\u00e9k), \u00e9s 6. sz\u00f6g \u00e9s kalap\u00e1cs.<\/p>\n<p>&nbsp;<\/p>\n<p><strong>Hogy is kell csin\u00e1lni?<\/strong><\/p>\n<ul>\n<li>kereteidet helyezd a csomagol\u00f3pap\u00edrra \u00e9s rajzold k\u00f6rbe \u0151ket<\/li>\n<li>ezut\u00e1n v\u00e1gd ki a sziluetteket<\/li>\n<li>a keretek sziluettjeit helyezd el \u00fagy a falon, ahogy majd a fot\u00f3kat szeretn\u00e9d<\/li>\n<li>hogy egyenesek legyenek a sziluettek haszn\u00e1lhatsz v\u00edzm\u00e9rt\u00e9ket<\/li>\n<li>ragaszt\u00f3szalaggal r\u00f6gz\u00edtsd a csomagol\u00f3pap\u00edr sablonokat<\/li>\n<li>ha ezzel megvagy, j\u00f6het a kalap\u00e1cs \u00e9s a sz\u00f6g<\/li>\n<li>sz\u00f6gel\u00e9st k\u00f6vet\u0151en nem kell m\u00e1st tenned, mint elt\u00e1vol\u00edtani a sablonokat<\/li>\n<li>m\u00e1r akaszthatod is a fot\u00f3idat!<\/li>\n<\/ul>\n<p>&nbsp;<\/p>\n<p>Ez a m\u00f3dszer sokat <strong>seg\u00edt<\/strong> abban, hogy <strong>pontos munk\u00e1t<\/strong> v\u00e9gezz \u00e9s kedved szerint vari\u00e1lhatod a sablonokat, hogy megtal\u00e1ld a megfelel\u0151 elhelyez\u00e9st.<\/p>\n<p>&nbsp;<\/p>\n<figure id=\"attachment_91\" class=\"thumbnail wp-caption aligncenter\" style=\"width: 530px\"><a href=\"http:\/\/www.torokfoto.hu\/blog\/wp-content\/uploads\/2015\/07\/elhelyez\u00e9s-lapok.jpg\"><img loading=\"lazy\" decoding=\"async\" class=\"wp-image-91 size-full\" src=\"http:\/\/www.torokfoto.hu\/blog\/wp-content\/uploads\/2015\/07\/elhelyez\u00e9s-lapok.jpg\" alt=\"Lak\u00e1sdekor\u00e1ci\u00f3 fot\u00f3kkal\" width=\"520\" height=\"477\" srcset=\"http:\/\/www.torokfoto.hu\/blog\/wp-content\/uploads\/2015\/07\/elhelyez\u00e9s-lapok.jpg 520w, http:\/\/www.torokfoto.hu\/blog\/wp-content\/uploads\/2015\/07\/elhelyez\u00e9s-lapok-300x275.jpg 300w\" sizes=\"auto, (max-width: 520px) 100vw, 520px\" \/><\/a><figcaption class=\"caption wp-caption-text\">Karton pap\u00edrb\u00f3l kiv\u00e1gott keret sziluettek seg\u00edtenek abban, hogyan helyezd el a k\u00fcl\u00f6nb\u00f6z\u0151 m\u00e9ret\u0171 k\u00e9peidet.<\/figcaption><\/figure>\n<p>&nbsp;<\/p>\n<figure id=\"attachment_92\" class=\"thumbnail wp-caption aligncenter\" style=\"width: 360px\"><a href=\"http:\/\/www.torokfoto.hu\/blog\/wp-content\/uploads\/2015\/07\/lapok-2.jpg\"><img loading=\"lazy\" decoding=\"async\" class=\"wp-image-92 size-full\" src=\"http:\/\/www.torokfoto.hu\/blog\/wp-content\/uploads\/2015\/07\/lapok-2.jpg\" alt=\"Lak\u00e1sdekor\u00e1ci\u00f3 fot\u00f3kkal\" width=\"350\" height=\"522\" srcset=\"http:\/\/www.torokfoto.hu\/blog\/wp-content\/uploads\/2015\/07\/lapok-2.jpg 350w, http:\/\/www.torokfoto.hu\/blog\/wp-content\/uploads\/2015\/07\/lapok-2-201x300.jpg 201w\" sizes=\"auto, (max-width: 350px) 100vw, 350px\" \/><\/a><figcaption class=\"caption wp-caption-text\">A sz\u00f6gel\u00e9s el\u0151tt \u00e9rdemes ragaszt\u00f3szalaggal r\u00f6gz\u00edteni a karton lapokat. Ha minden stimmel kezdhetj\u00fck a sz\u00f6gel\u00e9st, \u00e9s a fot\u00f3k felakaszt\u00e1s\u00e1t. (fot\u00f3: www.decozilla.com)<\/figcaption><\/figure>\n<p>&nbsp;<\/p>\n<figure id=\"attachment_102\" class=\"thumbnail wp-caption aligncenter\" style=\"width: 610px\"><a href=\"http:\/\/www.torokfoto.hu\/blog\/wp-content\/uploads\/2015\/07\/elhelyez\u00e9si-tipp.jpg\"><img loading=\"lazy\" decoding=\"async\" class=\"wp-image-102 size-full\" src=\"http:\/\/www.torokfoto.hu\/blog\/wp-content\/uploads\/2015\/07\/elhelyez\u00e9si-tipp.jpg\" alt=\"Lak\u00e1sdekor\u00e1ci\u00f3 fot\u00f3kkal\" width=\"600\" height=\"426\" srcset=\"http:\/\/www.torokfoto.hu\/blog\/wp-content\/uploads\/2015\/07\/elhelyez\u00e9si-tipp.jpg 600w, http:\/\/www.torokfoto.hu\/blog\/wp-content\/uploads\/2015\/07\/elhelyez\u00e9si-tipp-300x213.jpg 300w\" sizes=\"auto, (max-width: 600px) 100vw, 600px\" \/><\/a><figcaption class=\"caption wp-caption-text\">Kezd\u00e9sk\u00e9nt, Paintben vagy Photoshopban, ak\u00e1r fel is skiccelheted magadnak, melyik k\u00e9p hova ker\u00fclj\u00f6n.<\/figcaption><\/figure>\n<p>&nbsp;<\/p>\n<p>Ha csak egyszer\u0171en egym\u00e1s mell\u00e9 szeretn\u00e9d tenni a k\u00e9peket, akkor nincs m\u00e1s dolgod, mint <strong>ragaszt\u00f3szalaggal<\/strong> (amit fest\u00e9sn\u00e9l haszn\u00e1lnak a szeg\u00e9lyek leragaszt\u00e1s\u00e1hoz, az nem s\u00e9rti a falat) felragasztani azt a vonalat, ami ment\u00e9n haladni szeretn\u00e9l. \u00cdgy biztosan egy s\u00edkba ker\u00fclnek a fot\u00f3k\u00a0\u00e9s nem kell \u00f3r\u00e1kat pepecselned azzal, hogy t\u00f6k\u00e9letesen <strong>egy vonalba<\/strong> legyenek.<\/p>\n<p>&nbsp;<\/p>\n<figure id=\"attachment_115\" class=\"thumbnail wp-caption aligncenter\" style=\"width: 437px\"><a href=\"http:\/\/www.torokfoto.hu\/blog\/wp-content\/uploads\/2015\/07\/vonalban.jpg\"><img loading=\"lazy\" decoding=\"async\" class=\"wp-image-115 size-full\" src=\"http:\/\/www.torokfoto.hu\/blog\/wp-content\/uploads\/2015\/07\/vonalban.jpg\" alt=\"Lak\u00e1sdekor\u00e1ci\u00f3 fot\u00f3kkal\" width=\"427\" height=\"640\" srcset=\"http:\/\/www.torokfoto.hu\/blog\/wp-content\/uploads\/2015\/07\/vonalban.jpg 427w, http:\/\/www.torokfoto.hu\/blog\/wp-content\/uploads\/2015\/07\/vonalban-200x300.jpg 200w\" sizes=\"auto, (max-width: 427px) 100vw, 427px\" \/><\/a><figcaption class=\"caption wp-caption-text\">A ragaszt\u00f3szalagot v\u00edzm\u00e9rt\u00e9k seg\u00edts\u00e9g\u00e9vel hozhatod egyenesbe, \u00e9s \u00edgy a fot\u00f3idat is. (fot\u00f3: Pinterest)<\/figcaption><\/figure>\n<p>&nbsp;<\/p>\n<h2>A fot\u00f3id tematiz\u00e1l\u00e1sa!<\/h2>\n<p>Term\u00e9szetesen mindegyik szob\u00e1ban lehet <em>m\u00e1s \u00e9s m\u00e1s st\u00edlus\u00fa<\/em> \u00e9s t\u00e9m\u00e1j\u00fa f\u00e9nyk\u00e9p. \u00cdgy <em>meghat\u00e1rozhatod<\/em>, hogy milyen <em>hangulat\u00fa<\/em> legyen az adott <em>szoba<\/em>. A l\u00e9nyeg, hogy az\u00e9rt nem \u00e1rt t\u00f6rekedni arra, hogy a k\u00e9pek harmoniz\u00e1ljanak egym\u00e1ssal. A konyh\u00e1ba tehetsz ki k\u00e9peket arr\u00f3l, hogy merre j\u00e1rt\u00e1l a nagyvil\u00e1gban \u00e9s ott milyen \u00e9telekkel ismerkedt\u00e9l meg. De ez a t\u00e9ma ak\u00e1r az \u00e9tkez\u0151be is ker\u00fclhet.<\/p>\n<p>A <strong>nappali <\/strong>\u00e1ltal\u00e1ban a <strong>csal\u00e1d t\u00f6rzshelye<\/strong>, ez\u00e9rt \u00e9rdemes a csal\u00e1di k\u00e9peket ott kitenned. M\u00e1ra m\u00e1r ez is v\u00e1ltoz\u00f3ban van,\u00a0a modern felfog\u00e1s teret h\u00f3d\u00edtott a nappalikban is. Csal\u00e1di k\u00e9pek mellett\u00a0el\u0151fordul, hogy <strong>inspir\u00e1l\u00f3 sz\u00f6vegek<\/strong> \u00e9s fot\u00f3k\u00a0ker\u00fclnek a falakra. Ezeket vegy\u00edtve is sz\u00e9p v\u00e9geredm\u00e9ny sz\u00fclethet. Pr\u00f3b\u00e1ld ki!<\/p>\n<p>&nbsp;<\/p>\n<figure id=\"attachment_103\" class=\"thumbnail wp-caption aligncenter\" style=\"width: 564px\"><a href=\"http:\/\/www.torokfoto.hu\/blog\/wp-content\/uploads\/2015\/07\/family.jpg\"><img loading=\"lazy\" decoding=\"async\" class=\"wp-image-103 size-full\" src=\"http:\/\/www.torokfoto.hu\/blog\/wp-content\/uploads\/2015\/07\/family.jpg\" alt=\"Lak\u00e1sdekor\u00e1ci\u00f3 fot\u00f3kkal\" width=\"554\" height=\"831\" srcset=\"http:\/\/www.torokfoto.hu\/blog\/wp-content\/uploads\/2015\/07\/family.jpg 554w, http:\/\/www.torokfoto.hu\/blog\/wp-content\/uploads\/2015\/07\/family-200x300.jpg 200w\" sizes=\"auto, (max-width: 554px) 100vw, 554px\" \/><\/a><figcaption class=\"caption wp-caption-text\">Csal\u00e1dias kuck\u00f3<\/figcaption><\/figure>\n<p>&nbsp;<\/p>\n<h2>Formabont\u00f3 megold\u00e1sok!<\/h2>\n<p>Mostan\u00e1ban a l<strong>ak\u00e1sdekor\u00e1l\u00e1s\u00e1ra<\/strong> egyre <strong>&#8220;extr\u00e9mebb&#8221; m\u00f3dszerek<\/strong>et tal\u00e1lnak ki. \u00cdgy j\u00f6tt a k\u00e9pbe az is, hogy a fot\u00f3kat <strong>k\u00fcl\u00f6nb\u00f6z\u0151 form\u00e1ci\u00f3k<\/strong>ban helyezik a falakra. Ennek pedig nagyon \u00f6r\u00fcl\u00fcnk, mert \u00edgy <strong>m\u00e9g t\u00f6bb \u00f6tlet<\/strong> birtok\u00e1ba jutunk, mindezek pedig <strong>inspir\u00e1l\u00f3ak<\/strong> is lehetnek. Ak\u00e1r tov\u00e1bb is lehet \u0151ket fejleszteni, hogy m\u00e9g jobban megfeleljenek az \u00edzl\u00e9sednek. <em>Csak b\u00e1tran vesd bele magad!<\/em><\/p>\n<p>&nbsp;<\/p>\n<figure id=\"attachment_112\" class=\"thumbnail wp-caption aligncenter\" style=\"width: 434px\"><a href=\"http:\/\/www.torokfoto.hu\/blog\/wp-content\/uploads\/2015\/07\/sz\u00edvk\u00e9p.jpg\"><img loading=\"lazy\" decoding=\"async\" class=\"wp-image-112 size-full\" src=\"http:\/\/www.torokfoto.hu\/blog\/wp-content\/uploads\/2015\/07\/sz\u00edvk\u00e9p.jpg\" alt=\"sz\u00edvk\u00e9p\" width=\"424\" height=\"640\" srcset=\"http:\/\/www.torokfoto.hu\/blog\/wp-content\/uploads\/2015\/07\/sz\u00edvk\u00e9p.jpg 424w, http:\/\/www.torokfoto.hu\/blog\/wp-content\/uploads\/2015\/07\/sz\u00edvk\u00e9p-199x300.jpg 199w\" sizes=\"auto, (max-width: 424px) 100vw, 424px\" \/><\/a><figcaption class=\"caption wp-caption-text\">B\u00e1rmilyen form\u00e1t kirakhatsz a k\u00e9peidb\u0151l&#8230; ak\u00e1r egy sz\u00edvet is!<\/figcaption><\/figure>\n<p>&nbsp;<\/p>\n<figure id=\"attachment_153\" class=\"thumbnail wp-caption aligncenter\" style=\"width: 510px\"><a href=\"http:\/\/www.torokfoto.hu\/blog\/wp-content\/uploads\/2015\/07\/\u00f3ra2.jpg\"><img loading=\"lazy\" decoding=\"async\" class=\"wp-image-153 size-full\" src=\"http:\/\/www.torokfoto.hu\/blog\/wp-content\/uploads\/2015\/07\/\u00f3ra2.jpg\" alt=\"\u00f3ra2\" width=\"500\" height=\"479\" srcset=\"http:\/\/www.torokfoto.hu\/blog\/wp-content\/uploads\/2015\/07\/\u00f3ra2.jpg 500w, http:\/\/www.torokfoto.hu\/blog\/wp-content\/uploads\/2015\/07\/\u00f3ra2-300x287.jpg 300w\" sizes=\"auto, (max-width: 500px) 100vw, 500px\" \/><\/a><figcaption class=\"caption wp-caption-text\">\u00d3ra helyett&#8230; falra festett keretek.<\/figcaption><\/figure>\n<p>&nbsp;<\/p>\n<figure id=\"attachment_177\" class=\"thumbnail wp-caption aligncenter\" style=\"width: 810px\"><a href=\"http:\/\/www.torokfoto.hu\/blog\/wp-content\/uploads\/2015\/07\/k\u00f6nyvespolc.jpg\"><img loading=\"lazy\" decoding=\"async\" class=\"wp-image-177 size-full\" src=\"http:\/\/www.torokfoto.hu\/blog\/wp-content\/uploads\/2015\/07\/k\u00f6nyvespolc.jpg\" alt=\"k\u00f6nyvespolc\" width=\"800\" height=\"533\" srcset=\"http:\/\/www.torokfoto.hu\/blog\/wp-content\/uploads\/2015\/07\/k\u00f6nyvespolc.jpg 800w, http:\/\/www.torokfoto.hu\/blog\/wp-content\/uploads\/2015\/07\/k\u00f6nyvespolc-300x200.jpg 300w\" sizes=\"auto, (max-width: 800px) 100vw, 800px\" \/><\/a><figcaption class=\"caption wp-caption-text\">Kett\u0151 az egyben: &#8220;csal\u00e1di album&#8221; \u00e9s k\u00f6nyvespolc (fot\u00f3: www.abeautifulmess.com)<\/figcaption><\/figure>\n<p>&nbsp;<\/p>\n<h2>Polc vagy sz\u00f6g?<\/h2>\n<p>El\u0151fordulhat olyan helyzet is, mikor <strong>nem f\u00farhatunk<\/strong> fel vagy 20 akaszt\u00f3t a falra. R\u00e9gi \u00e9p\u00fcletekn\u00e9l m\u00e1r a fal\/vakolat, nem b\u00edrj\u00e1k el a sok sz\u00f6gel\u00e9st vagy f\u00far\u00e1st. Ilyen esetben \u00e9rdemes a <strong>polcos megold\u00e1s<\/strong>hoz fordulnotok. Higgy\u00e9tek el, ez is van annyira<strong> sz\u00e9p \u00e9s egyedi<\/strong>, mint a kor\u00e1bban bemutatott p\u00e9ld\u00e1k, tal\u00e1n m\u00e9g szuperebb \u00e9s designosabb is.<\/p>\n<p>&nbsp;<\/p>\n<figure id=\"attachment_122\" class=\"thumbnail wp-caption aligncenter\" style=\"width: 746px\"><a href=\"http:\/\/www.torokfoto.hu\/blog\/wp-content\/uploads\/2015\/07\/n\u00e1szutas-nappali1.jpg\"><img loading=\"lazy\" decoding=\"async\" class=\"wp-image-122 size-full\" src=\"http:\/\/www.torokfoto.hu\/blog\/wp-content\/uploads\/2015\/07\/n\u00e1szutas-nappali1.jpg\" alt=\"Lak\u00e1sdekor\u00e1ci\u00f3 fot\u00f3kkal\" width=\"736\" height=\"1105\" srcset=\"http:\/\/www.torokfoto.hu\/blog\/wp-content\/uploads\/2015\/07\/n\u00e1szutas-nappali1.jpg 736w, http:\/\/www.torokfoto.hu\/blog\/wp-content\/uploads\/2015\/07\/n\u00e1szutas-nappali1-200x300.jpg 200w, http:\/\/www.torokfoto.hu\/blog\/wp-content\/uploads\/2015\/07\/n\u00e1szutas-nappali1-682x1024.jpg 682w\" sizes=\"auto, (max-width: 736px) 100vw, 736px\" \/><\/a><figcaption class=\"caption wp-caption-text\">Am\u00edg ketten vagytok, a n\u00e1sz\u00fat romantikus pillanataival d\u00edsz\u00edthetitek a nappalit.<\/figcaption><\/figure>\n<p>&nbsp;<\/p>\n<figure id=\"attachment_130\" class=\"thumbnail wp-caption aligncenter\" style=\"width: 440px\"><a href=\"http:\/\/www.torokfoto.hu\/blog\/wp-content\/uploads\/2015\/07\/kispolc1.jpg\"><img loading=\"lazy\" decoding=\"async\" class=\"wp-image-130 size-full\" src=\"http:\/\/www.torokfoto.hu\/blog\/wp-content\/uploads\/2015\/07\/kispolc1.jpg\" alt=\"kispolc\" width=\"430\" height=\"640\" srcset=\"http:\/\/www.torokfoto.hu\/blog\/wp-content\/uploads\/2015\/07\/kispolc1.jpg 430w, http:\/\/www.torokfoto.hu\/blog\/wp-content\/uploads\/2015\/07\/kispolc1-202x300.jpg 202w\" sizes=\"auto, (max-width: 430px) 100vw, 430px\" \/><\/a><figcaption class=\"caption wp-caption-text\">Egyszer\u0171 \u00e9s b\u00e1rmikor v\u00e1ltoztathatod a k\u00e9pek sorrendj\u00e9t.<\/figcaption><\/figure>\n<p>&nbsp;<\/p>\n<figure id=\"attachment_108\" class=\"thumbnail wp-caption aligncenter\" style=\"width: 610px\"><a href=\"http:\/\/www.torokfoto.hu\/blog\/wp-content\/uploads\/2015\/07\/k\u00f6nyvespolc.jpg\"><img loading=\"lazy\" decoding=\"async\" class=\"wp-image-108 size-full\" src=\"http:\/\/www.torokfoto.hu\/blog\/wp-content\/uploads\/2015\/07\/olvas\u00f3sarok.jpg\" alt=\"Lak\u00e1sdekor\u00e1ci\u00f3 fot\u00f3kkal\" width=\"600\" height=\"899\" srcset=\"http:\/\/www.torokfoto.hu\/blog\/wp-content\/uploads\/2015\/07\/olvas\u00f3sarok.jpg 600w, http:\/\/www.torokfoto.hu\/blog\/wp-content\/uploads\/2015\/07\/olvas\u00f3sarok-200x300.jpg 200w\" sizes=\"auto, (max-width: 600px) 100vw, 600px\" \/><\/a><figcaption class=\"caption wp-caption-text\">Az olvas\u00f3sarok is eg\u00e9szen meg\u00fajul&#8230;<\/figcaption><\/figure>\n<p>&nbsp;<\/p>\n<h2>Fekete-feh\u00e9r, igen-nem?<\/h2>\n<p>Mindenk\u00e9ppen <strong>IGEN<\/strong>! A fekete-feh\u00e9r k\u00e9pek mindig is\u00a0<strong>divatosak<\/strong> voltak \u00e9s meglehet\u0151sen <strong>m\u0171v\u00e9szi hat\u00e1s\u00faak<\/strong>. Van benn\u00fck valamif\u00e9le titokzatoss\u00e1g \u00e9s b\u00e1j. Eleg\u00e1ns hat\u00e1suk miatt nagyon n\u00e9pszer\u0171ek \u00e9s kortalanok. P\u00e1r ilyen jelleg\u0171 fot\u00f3 csod\u00e1kra k\u00e9pes. Manaps\u00e1g pedig m\u00e1r b\u00e1rmelyik <strong>sz\u00ednes f\u00e9nyk\u00e9pedb\u0151l<\/strong> var\u00e1zsolhatsz nosztalgikus <strong>fekete-feh\u00e9r<\/strong> fot\u00f3t.<\/p>\n<p>&nbsp;<\/p>\n<figure id=\"attachment_104\" class=\"thumbnail wp-caption aligncenter\" style=\"width: 746px\"><a href=\"http:\/\/www.torokfoto.hu\/blog\/wp-content\/uploads\/2015\/07\/fekete-feh\u00e9r-k\u00e9pek.3.jpg\"><img loading=\"lazy\" decoding=\"async\" class=\"wp-image-104 size-full\" src=\"http:\/\/www.torokfoto.hu\/blog\/wp-content\/uploads\/2015\/07\/fekete-feh\u00e9r-k\u00e9pek.3.jpg\" alt=\"Lak\u00e1sdekor\u00e1ci\u00f3 fot\u00f3kkal\" width=\"736\" height=\"1012\" srcset=\"http:\/\/www.torokfoto.hu\/blog\/wp-content\/uploads\/2015\/07\/fekete-feh\u00e9r-k\u00e9pek.3.jpg 736w, http:\/\/www.torokfoto.hu\/blog\/wp-content\/uploads\/2015\/07\/fekete-feh\u00e9r-k\u00e9pek.3-218x300.jpg 218w\" sizes=\"auto, (max-width: 736px) 100vw, 736px\" \/><\/a><figcaption class=\"caption wp-caption-text\">A fekete-feh\u00e9r fot\u00f3kkal eleg\u00e1ns \u00e9s kifinomult hat\u00e1st \u00e9rhetsz el.<\/figcaption><\/figure>\n<p>&nbsp;<\/p>\n<div class=\"su-box su-box-style-default\" id=\"\" style=\"border-color:#360f0f;border-radius:3px;max-width:none\"><div class=\"su-box-title\" style=\"background-color:#694242;color:#FFFFFF;border-top-left-radius:1px;border-top-right-radius:1px\">Tipp<\/div><div class=\"su-box-content su-u-clearfix su-u-trim\" style=\"border-bottom-left-radius:1px;border-bottom-right-radius:1px\">\n<p style=\"text-align: center;\">Hol tal\u00e1lsz a fot\u00f3idhoz ill\u0151 keretet? Esetleg olyat, ami\u00a0egyedi tervez\u00e9s\u0171 is? H\u00e1t, <a href=\"http:\/\/www.torokfoto.hu\/termekek\/keretek-albumok\" target=\"_blank\">itt!<\/a><\/p>\n<p style=\"text-align: center;\">\u00d6tletek\u00e9rt, tippek\u00e9rt a\u00a0<a href=\"https:\/\/www.facebook.com\/hobbysarok?fref=ts\" target=\"_blank\">Kreat\u00edv \u00e9s Hobby Sarok<\/a>\u00a0\u00fczlet\u00e9ben\u00a0is mazsol\u00e1zgathatsz! A nat\u00far k\u00e9pkereteket saj\u00e1t \u00edzl\u00e9sed szerint d\u00edsz\u00edtheted!<\/p>\n<p style=\"text-align: center;\">Egyedi keretek\u00e9rt felkeresheted a\u00a0<a href=\"http:\/\/kepkeretezes-miskolc-glassgo.hu\/kepkeretezes-miskolc\/\" target=\"_blank\">GLASS-GO<\/a>\u00a0oldal\u00e1t is!<\/p>\n<\/div><\/div>\n<p>&nbsp;<\/p>\n<figure id=\"attachment_105\" class=\"thumbnail wp-caption aligncenter\" style=\"width: 373px\"><a href=\"http:\/\/www.torokfoto.hu\/blog\/wp-content\/uploads\/2015\/07\/l\u00e9pcs\u0151.jpg\"><img loading=\"lazy\" decoding=\"async\" class=\"wp-image-105 size-full\" src=\"http:\/\/www.torokfoto.hu\/blog\/wp-content\/uploads\/2015\/07\/l\u00e9pcs\u0151.jpg2_.jpg\" alt=\"Lak\u00e1sdekor\u00e1ci\u00f3 fot\u00f3kkal\" width=\"363\" height=\"510\" srcset=\"http:\/\/www.torokfoto.hu\/blog\/wp-content\/uploads\/2015\/07\/l\u00e9pcs\u0151.jpg2_.jpg 363w, http:\/\/www.torokfoto.hu\/blog\/wp-content\/uploads\/2015\/07\/l\u00e9pcs\u0151.jpg2_-214x300.jpg 214w\" sizes=\"auto, (max-width: 363px) 100vw, 363px\" \/><\/a><figcaption class=\"caption wp-caption-text\">A l\u00e9pcs\u0151 \u00e9letre kel&#8230;<\/figcaption><\/figure>\n<p>&nbsp;<\/p>\n<figure id=\"attachment_110\" class=\"thumbnail wp-caption aligncenter\" style=\"width: 650px\"><a href=\"http:\/\/www.torokfoto.hu\/blog\/wp-content\/uploads\/2015\/07\/sok-k\u00e9pes-falon-l\u00e9cek.jpg\"><img loading=\"lazy\" decoding=\"async\" class=\"wp-image-110 size-full\" src=\"http:\/\/www.torokfoto.hu\/blog\/wp-content\/uploads\/2015\/07\/sok-k\u00e9pes-falon-l\u00e9cek.jpg\" alt=\"Lak\u00e1sdekor\u00e1ci\u00f3 fot\u00f3kkal\" width=\"640\" height=\"640\" srcset=\"http:\/\/www.torokfoto.hu\/blog\/wp-content\/uploads\/2015\/07\/sok-k\u00e9pes-falon-l\u00e9cek.jpg 640w, http:\/\/www.torokfoto.hu\/blog\/wp-content\/uploads\/2015\/07\/sok-k\u00e9pes-falon-l\u00e9cek-150x150.jpg 150w, http:\/\/www.torokfoto.hu\/blog\/wp-content\/uploads\/2015\/07\/sok-k\u00e9pes-falon-l\u00e9cek-300x300.jpg 300w, http:\/\/www.torokfoto.hu\/blog\/wp-content\/uploads\/2015\/07\/sok-k\u00e9pes-falon-l\u00e9cek-60x60.jpg 60w\" sizes=\"auto, (max-width: 640px) 100vw, 640px\" \/><\/a><figcaption class=\"caption wp-caption-text\">Az eg\u00e9sz nappalid lehet a k\u00e9pgal\u00e9ri\u00e1d!<\/figcaption><\/figure>\n<p>&nbsp;<\/p>\n<h2>Feldobott dolgoz\u00f3sarok!<\/h2>\n<p>B\u00e1r nem minden lak\u00e1sban ad\u00f3dik lehet\u0151s\u00e9g arra, hogy az ember kialak\u00edtson egy <strong>dolgoz\u00f3- vagy kreat\u00edvsark<\/strong>ot, ha m\u00e9gis megteheted akkor ott azt\u00e1n igaz\u00e1n szabadon engedheted a fant\u00e1zi\u00e1dat.<\/p>\n<p>A digit\u00e1lis fot\u00f3kidolgoz\u00e1s ebben is seg\u00edt neked. Csak le\u00fclsz a dolgoz\u00f3sarkodba a g\u00e9pedhez, \u00e9s m\u00e1r meg is rendelheted a kedvenc k\u00e9peidet! Ki sem kell tenned a l\u00e1bad a lak\u00e1sb\u00f3l, mert h\u00e1zhoz is hozz\u00e1k!<\/p>\n<p>&nbsp;<\/p>\n<div class=\"su-box su-box-style-default\" id=\"\" style=\"border-color:#360f0f;border-radius:3px;max-width:none\"><div class=\"su-box-title\" style=\"background-color:#694242;color:#FFFFFF;border-top-left-radius:1px;border-top-right-radius:1px\">Tipp<\/div><div class=\"su-box-content su-u-clearfix su-u-trim\" style=\"border-bottom-left-radius:1px;border-bottom-right-radius:1px\">\n<p>Digit\u00e1lis fot\u00f3kidolgoz\u00e1s \u2013\u00a0<a href=\"http:\/\/www.torokfoto.hu\/termekek\/fotokidolgozas\" target=\"_blank\">H\u00edvasd el\u0151 k\u00e9peidet Te is a T\u00f6r\u00f6kFot\u00f3n\u00e1l!<\/a><\/p>\n<ul style=\"list-style-type: square;\">\n<li>Online felt\u00f6lt\u00e9s (mobilr\u00f3l is!)<\/li>\n<li>Orsz\u00e1gos kisz\u00e1ll\u00edt\u00e1s<\/li>\n<li>Cs\u00facsmin\u0151s\u00e9g<\/li>\n<\/ul>\n<\/div><\/div>\n<p>&nbsp;<\/p>\n<figure id=\"attachment_136\" class=\"thumbnail wp-caption aligncenter\" style=\"width: 510px\"><a href=\"http:\/\/www.torokfoto.hu\/blog\/wp-content\/uploads\/2015\/07\/csipesz1.jpg\"><img loading=\"lazy\" decoding=\"async\" class=\"wp-image-136 size-full\" src=\"http:\/\/www.torokfoto.hu\/blog\/wp-content\/uploads\/2015\/07\/csipesz1.jpg\" alt=\"csipesz\" width=\"500\" height=\"750\" srcset=\"http:\/\/www.torokfoto.hu\/blog\/wp-content\/uploads\/2015\/07\/csipesz1.jpg 500w, http:\/\/www.torokfoto.hu\/blog\/wp-content\/uploads\/2015\/07\/csipesz1-200x300.jpg 200w\" sizes=\"auto, (max-width: 500px) 100vw, 500px\" \/><\/a><figcaption class=\"caption wp-caption-text\">Cs\u00edptesd fel!<\/figcaption><\/figure>\n<p>&nbsp;<\/p>\n<p>Ezut\u00e1n pedig nincs m\u00e1s dolgod, mint kital\u00e1lni hogyan helyezd el \u0151ket. A dolgoz\u00f3sarokba ak\u00e1r <strong>csipesszel<\/strong>\u00a0 felcs\u00edptetve, ak\u00e1r <strong>parafat\u00e1bl\u00e1ra<\/strong>\u00a0is teheted a fot\u00f3kat.<\/p>\n<p><strong>Hol tal\u00e1lod meg ezeket a kieg\u00e9sz\u00edt\u0151ket?\u00a0<\/strong><\/p>\n<ul>\n<li>csipesz: b\u00e1rmelyik h\u00e1ztart\u00e1si boltban el\u00e9rhet\u0151 vagy a\u00a0<a href=\"https:\/\/www.facebook.com\/hobbysarok?fref=ts\" target=\"_blank\">Kreat\u00edv \u00e9s Hobby Sarok<\/a>ban beszerezhet\u0151<\/li>\n<li>parafat\u00e1bla: ebben az <a href=\"https:\/\/www.facebook.com\/hobbysarok?fref=ts\" target=\"_blank\">\u00fczletben<\/a>\u00a0megv\u00e1s\u00e1rolhat\u00f3<\/li>\n<\/ul>\n<p>&nbsp;<\/p>\n<p>Ez nyilv\u00e1n gyorsabb \u00e9s olcs\u00f3bb megold\u00e1s is, mintha keretbe tenn\u00e9d \u0151ket. Ilyenkor \u00e9rdemes az\u00e9rt szem el\u0151tt tartani <em>milyen st\u00edlust szeretn\u00e9l \u00e9rv\u00e9nyes\u00edteni<\/em> az adott szob\u00e1ban, jelen esetben a <strong>dolgoz\u00f3- \u00e9s kreat\u00edvsarkodban<\/strong>. Ha laz\u00e1bbat, akkor a csipeszes tr\u00fckk neked val\u00f3. Ha pedig mindent katon\u00e1s rendben szeretsz tartani akkor a <strong>keret<\/strong> az, ami passzol hozz\u00e1d. De persze a szem\u00e9lyis\u00e9gedt\u0151l f\u00fcgg, hogy mit prefer\u00e1lsz \u00e9s att\u00f3l, hogyan, milyen k\u00f6rnyezetben szeretsz dolgozni.<\/p>\n<p>&nbsp;<\/p>\n<div class=\"su-box su-box-style-default\" id=\"\" style=\"border-color:#360f0f;border-radius:3px;max-width:none\"><div class=\"su-box-title\" style=\"background-color:#694242;color:#FFFFFF;border-top-left-radius:1px;border-top-right-radius:1px\">Tipp<\/div><div class=\"su-box-content su-u-clearfix su-u-trim\" style=\"border-bottom-left-radius:1px;border-bottom-right-radius:1px\">\n<p>Egyedi tervez\u00e9s\u0171 keretre van sz\u00fcks\u00e9ged? \u2013\u00a0<a href=\"http:\/\/www.torokfoto.hu\/termekek\/keretek-albumok\" target=\"_blank\">Itt megrendelheted!<\/a><\/p>\n<ul style=\"list-style-type: square;\">\n<li>Fa k\u00e9pkeretek<\/li>\n<li>F\u00e9m k\u00e9pkeretek<\/li>\n<li>Clipfix k\u00e9pkeretek<\/li>\n<\/ul>\n<\/div><\/div>\n<p>&nbsp;<\/p>\n<figure id=\"attachment_137\" class=\"thumbnail wp-caption aligncenter\" style=\"width: 650px\"><a href=\"http:\/\/www.torokfoto.hu\/blog\/wp-content\/uploads\/2015\/07\/dolgoz\u00f31.jpg\"><img loading=\"lazy\" decoding=\"async\" class=\"wp-image-137 size-full\" src=\"http:\/\/www.torokfoto.hu\/blog\/wp-content\/uploads\/2015\/07\/dolgoz\u00f31.jpg\" alt=\"dolgoz\u00f3sarok\" width=\"640\" height=\"640\" srcset=\"http:\/\/www.torokfoto.hu\/blog\/wp-content\/uploads\/2015\/07\/dolgoz\u00f31.jpg 640w, http:\/\/www.torokfoto.hu\/blog\/wp-content\/uploads\/2015\/07\/dolgoz\u00f31-150x150.jpg 150w, http:\/\/www.torokfoto.hu\/blog\/wp-content\/uploads\/2015\/07\/dolgoz\u00f31-300x300.jpg 300w, http:\/\/www.torokfoto.hu\/blog\/wp-content\/uploads\/2015\/07\/dolgoz\u00f31-60x60.jpg 60w\" sizes=\"auto, (max-width: 640px) 100vw, 640px\" \/><\/a><figcaption class=\"caption wp-caption-text\">Egyedi tervez\u00e9s\u0171 keretekkel st\u00edlusosabb a v\u00e9geredm\u00e9ny.<\/figcaption><\/figure>\n<p>&nbsp;<\/p>\n<h2>\u00a0Ha nincs el\u00e9g helyed&#8230;<\/h2>\n<p>Sajnos, van \u00fagy, hogy nincs el\u00e9g hely a lak\u00e1sban, hogy megval\u00f3s\u00edtsd a k\u00e9pgal\u00e9ri\u00e1dat. De erre is <strong>van megold\u00e1s!<\/strong> A <strong>f\u00e9nyk\u00e9pes napt\u00e1r<\/strong>ak p\u00e9ld\u00e1ul t\u00f6k\u00e9letesek erre a c\u00e9lra. Csal\u00e1dtagjaid, szeretteid mellett <strong>magadat is meglepheted vele<\/strong>, \u00e9s t\u00f6k\u00e9letes kieg\u00e9sz\u00edt\u00e9se lehet a lak\u00e1s b\u00e1rmely pontj\u00e1nak, legyen sz\u00f3 dolgoz\u00f3sarokr\u00f3l, konyh\u00e1r\u00f3l vagy nappalir\u00f3l. Az\u00e9rt is szuper egy ilyen fajta napt\u00e1rat beszerez\u00e9se, mert amellett hogy <strong>hasznos<\/strong>, nagyon <strong>egyedi<\/strong>. (Egy\u00e9bk\u00e9nt pedig nem t\u00f6rv\u00e9nyszer\u0171, hogy csak kar\u00e1csonykor lehet ilyesmit aj\u00e1nd\u00e9kozni.) B\u00e1rmikor elk\u00e9sz\u00edthet\u0151!<\/p>\n<p>&nbsp;<\/p>\n<p><a href=\"http:\/\/www.torokfoto.hu\/termekek\/fenykepes-naptar\" target=\"_blank\"><img loading=\"lazy\" decoding=\"async\" class=\"aligncenter wp-image-259 size-full\" src=\"http:\/\/www.torokfoto.hu\/blog\/wp-content\/uploads\/2015\/07\/asdasdasdasd.png\" alt=\"F\u00e9nyk\u00e9pes napt\u00e1r\" width=\"616\" height=\"384\" srcset=\"http:\/\/www.torokfoto.hu\/blog\/wp-content\/uploads\/2015\/07\/asdasdasdasd.png 616w, http:\/\/www.torokfoto.hu\/blog\/wp-content\/uploads\/2015\/07\/asdasdasdasd-300x187.png 300w\" sizes=\"auto, (max-width: 616px) 100vw, 616px\" \/><\/a><\/p>\n<p>&nbsp;<\/p>\n<div class=\"su-box su-box-style-default\" id=\"\" style=\"border-color:#360f0f;border-radius:3px;max-width:none\"><div class=\"su-box-title\" style=\"background-color:#694242;color:#FFFFFF;border-top-left-radius:1px;border-top-right-radius:1px\">Tipp<\/div><div class=\"su-box-content su-u-clearfix su-u-trim\" style=\"border-bottom-left-radius:1px;border-bottom-right-radius:1px\">\n<p>F\u00e9nyk\u00e9pes napt\u00e1rat szeretn\u00e9l? \u2013\u00a0<a href=\"http:\/\/www.torokfoto.hu\/termekek\/fenykepes-naptar\" target=\"_blank\">A T\u00f6r\u00f6kFot\u00f3n\u00e1l ezt is megrendelheted!<\/a><\/p>\n<ul style=\"list-style-type: square;\">\n<li>Pr\u00e9mium min\u0151s\u00e9g\u0171 kidolgoz\u00e1s<\/li>\n<li>H\u00f3napos vagy \u00e9ves elrendez\u00e9s\u0171 napt\u00e1rak<\/li>\n<li>Fali \u00e9s asztali kivitelben<\/li>\n<\/ul>\n<\/div><\/div>\n<p>&nbsp;<\/p>\n<p>&nbsp;<\/p>\n<p>Te hogyan dekor\u00e1lod a fot\u00f3iddal a lak\u00e1sod? K\u00fcldj k\u00e9pet \u00e9s mutasd meg Te is az \u00f6tleteidet!<\/p>\n<p>Tov\u00e1bbi \u00f6tletek\u00e9rt keress fel minket\u00a0<a href=\"https:\/\/www.facebook.com\/torokfoto?fref=ts\" target=\"_blank\">Facebookon<\/a>!<\/p>\n<p>&nbsp;<\/p>\n<p>&nbsp;<\/p>\n","protected":false},"excerpt":{"rendered":"<p>A mostani, digit\u00e1lis vil\u00e1gban m\u00e1r sokkal egyszer\u0171bb megosztani a f\u00e9nyk\u00e9peidet. Ez nyilv\u00e1n nem \u00fajdons\u00e1g. Facebookon vagy e-mailben b\u00e1rkinek, b\u00e1rmikor tov\u00e1bb\u00edthatod \u0151ket, egyetlen kattint\u00e1ssal! Ugyanakkor, ennek a digit\u00e1lis vil\u00e1gnak k\u00f6sz\u00f6nhet\u0151en, ak\u00e1r online is el\u0151h\u00edvathatod fot\u00f3idat. \u00a0Milyen egyszer\u0171 nem igaz?\u00a0Az viszont kor\u00e1ntsem az, hogy hogyan helyezd el \u0151ket a lak\u00e1sodban. &nbsp; &nbsp; A lak\u00e1sod ne csak egy [&hellip;]<\/p>\n","protected":false},"author":1,"featured_media":0,"comment_status":"closed","ping_status":"closed","sticky":false,"template":"","format":"standard","meta":{"footnotes":""},"categories":[1],"tags":[4],"class_list":["post-67","post","type-post","status-publish","format-standard","hentry","category-egyeb","tag-lakasdekor"],"yoast_head":"<!-- This site is optimized with the Yoast SEO plugin v27.5 - https:\/\/yoast.com\/product\/yoast-seo-wordpress\/ -->\n<title>Tippek: Hogyan dekor\u00e1ld a lak\u00e1sod a fot\u00f3iddal? - T\u00f6r\u00f6kFot\u00f3 Blog<\/title>\n<meta name=\"robots\" content=\"index, follow, max-snippet:-1, max-image-preview:large, max-video-preview:-1\" \/>\n<link rel=\"canonical\" href=\"http:\/\/www.torokfoto.hu\/blog\/tippek-hogyan-dekorald-a-lakasod-a-fotoiddal\/\" \/>\n<meta property=\"og:locale\" content=\"hu_HU\" \/>\n<meta property=\"og:type\" content=\"article\" \/>\n<meta property=\"og:title\" content=\"Tippek: Hogyan dekor\u00e1ld a lak\u00e1sod a fot\u00f3iddal? - T\u00f6r\u00f6kFot\u00f3 Blog\" \/>\n<meta property=\"og:description\" content=\"A mostani, digit\u00e1lis vil\u00e1gban m\u00e1r sokkal egyszer\u0171bb megosztani a f\u00e9nyk\u00e9peidet. Ez nyilv\u00e1n nem \u00fajdons\u00e1g. Facebookon vagy e-mailben b\u00e1rkinek, b\u00e1rmikor tov\u00e1bb\u00edthatod \u0151ket, egyetlen kattint\u00e1ssal! Ugyanakkor, ennek a digit\u00e1lis vil\u00e1gnak k\u00f6sz\u00f6nhet\u0151en, ak\u00e1r online is el\u0151h\u00edvathatod fot\u00f3idat. \u00a0Milyen egyszer\u0171 nem igaz?\u00a0Az viszont kor\u00e1ntsem az, hogy hogyan helyezd el \u0151ket a lak\u00e1sodban. &nbsp; &nbsp; A lak\u00e1sod ne csak egy [&hellip;]\" \/>\n<meta property=\"og:url\" content=\"http:\/\/www.torokfoto.hu\/blog\/tippek-hogyan-dekorald-a-lakasod-a-fotoiddal\/\" \/>\n<meta property=\"og:site_name\" content=\"T\u00f6r\u00f6kFot\u00f3 Blog\" \/>\n<meta property=\"article:publisher\" content=\"https:\/\/www.facebook.com\/torokfoto\" \/>\n<meta property=\"article:published_time\" content=\"2015-07-18T15:16:39+00:00\" \/>\n<meta property=\"article:modified_time\" content=\"2020-01-08T11:42:05+00:00\" \/>\n<meta property=\"og:image\" content=\"http:\/\/www.torokfoto.hu\/blog\/wp-content\/uploads\/2015\/07\/lapok-2.jpg\" \/>\n<meta name=\"author\" content=\"torokfoto\" \/>\n<meta name=\"twitter:label1\" content=\"Written by\" \/>\n\t<meta name=\"twitter:data1\" content=\"torokfoto\" \/>\n\t<meta name=\"twitter:label2\" content=\"Est. reading time\" \/>\n\t<meta name=\"twitter:data2\" content=\"10 perc\" \/>\n<script type=\"application\/ld+json\" class=\"yoast-schema-graph\">{\"@context\":\"https:\\\/\\\/schema.org\",\"@graph\":[{\"@type\":\"Article\",\"@id\":\"http:\\\/\\\/www.torokfoto.hu\\\/blog\\\/tippek-hogyan-dekorald-a-lakasod-a-fotoiddal\\\/#article\",\"isPartOf\":{\"@id\":\"http:\\\/\\\/www.torokfoto.hu\\\/blog\\\/tippek-hogyan-dekorald-a-lakasod-a-fotoiddal\\\/\"},\"author\":{\"name\":\"torokfoto\",\"@id\":\"http:\\\/\\\/www.torokfoto.hu\\\/blog\\\/#\\\/schema\\\/person\\\/15db174b0b57e6cb37c4b90725399434\"},\"headline\":\"Tippek: Hogyan dekor\u00e1ld a lak\u00e1sod a fot\u00f3iddal?\",\"datePublished\":\"2015-07-18T15:16:39+00:00\",\"dateModified\":\"2020-01-08T11:42:05+00:00\",\"mainEntityOfPage\":{\"@id\":\"http:\\\/\\\/www.torokfoto.hu\\\/blog\\\/tippek-hogyan-dekorald-a-lakasod-a-fotoiddal\\\/\"},\"wordCount\":2016,\"image\":{\"@id\":\"http:\\\/\\\/www.torokfoto.hu\\\/blog\\\/tippek-hogyan-dekorald-a-lakasod-a-fotoiddal\\\/#primaryimage\"},\"thumbnailUrl\":\"http:\\\/\\\/www.torokfoto.hu\\\/blog\\\/wp-content\\\/uploads\\\/2015\\\/07\\\/lapok-2.jpg\",\"keywords\":[\"lak\u00e1sdekor\"],\"articleSection\":[\"Egy\u00e9b\"],\"inLanguage\":\"hu\"},{\"@type\":\"WebPage\",\"@id\":\"http:\\\/\\\/www.torokfoto.hu\\\/blog\\\/tippek-hogyan-dekorald-a-lakasod-a-fotoiddal\\\/\",\"url\":\"http:\\\/\\\/www.torokfoto.hu\\\/blog\\\/tippek-hogyan-dekorald-a-lakasod-a-fotoiddal\\\/\",\"name\":\"Tippek: Hogyan dekor\u00e1ld a lak\u00e1sod a fot\u00f3iddal? - T\u00f6r\u00f6kFot\u00f3 Blog\",\"isPartOf\":{\"@id\":\"http:\\\/\\\/www.torokfoto.hu\\\/blog\\\/#website\"},\"primaryImageOfPage\":{\"@id\":\"http:\\\/\\\/www.torokfoto.hu\\\/blog\\\/tippek-hogyan-dekorald-a-lakasod-a-fotoiddal\\\/#primaryimage\"},\"image\":{\"@id\":\"http:\\\/\\\/www.torokfoto.hu\\\/blog\\\/tippek-hogyan-dekorald-a-lakasod-a-fotoiddal\\\/#primaryimage\"},\"thumbnailUrl\":\"http:\\\/\\\/www.torokfoto.hu\\\/blog\\\/wp-content\\\/uploads\\\/2015\\\/07\\\/lapok-2.jpg\",\"datePublished\":\"2015-07-18T15:16:39+00:00\",\"dateModified\":\"2020-01-08T11:42:05+00:00\",\"author\":{\"@id\":\"http:\\\/\\\/www.torokfoto.hu\\\/blog\\\/#\\\/schema\\\/person\\\/15db174b0b57e6cb37c4b90725399434\"},\"breadcrumb\":{\"@id\":\"http:\\\/\\\/www.torokfoto.hu\\\/blog\\\/tippek-hogyan-dekorald-a-lakasod-a-fotoiddal\\\/#breadcrumb\"},\"inLanguage\":\"hu\",\"potentialAction\":[{\"@type\":\"ReadAction\",\"target\":[\"http:\\\/\\\/www.torokfoto.hu\\\/blog\\\/tippek-hogyan-dekorald-a-lakasod-a-fotoiddal\\\/\"]}]},{\"@type\":\"ImageObject\",\"inLanguage\":\"hu\",\"@id\":\"http:\\\/\\\/www.torokfoto.hu\\\/blog\\\/tippek-hogyan-dekorald-a-lakasod-a-fotoiddal\\\/#primaryimage\",\"url\":\"http:\\\/\\\/www.torokfoto.hu\\\/blog\\\/wp-content\\\/uploads\\\/2015\\\/07\\\/lapok-2.jpg\",\"contentUrl\":\"http:\\\/\\\/www.torokfoto.hu\\\/blog\\\/wp-content\\\/uploads\\\/2015\\\/07\\\/lapok-2.jpg\",\"width\":350,\"height\":522},{\"@type\":\"BreadcrumbList\",\"@id\":\"http:\\\/\\\/www.torokfoto.hu\\\/blog\\\/tippek-hogyan-dekorald-a-lakasod-a-fotoiddal\\\/#breadcrumb\",\"itemListElement\":[{\"@type\":\"ListItem\",\"position\":1,\"name\":\"Home\",\"item\":\"http:\\\/\\\/www.torokfoto.hu\\\/blog\\\/\"},{\"@type\":\"ListItem\",\"position\":2,\"name\":\"Tippek: Hogyan dekor\u00e1ld a lak\u00e1sod a fot\u00f3iddal?\"}]},{\"@type\":\"WebSite\",\"@id\":\"http:\\\/\\\/www.torokfoto.hu\\\/blog\\\/#website\",\"url\":\"http:\\\/\\\/www.torokfoto.hu\\\/blog\\\/\",\"name\":\"T\u00f6r\u00f6kFot\u00f3 Blog\",\"description\":\"T\u00f6r\u00f6kFot\u00f3 Blog\",\"potentialAction\":[{\"@type\":\"SearchAction\",\"target\":{\"@type\":\"EntryPoint\",\"urlTemplate\":\"http:\\\/\\\/www.torokfoto.hu\\\/blog\\\/?s={search_term_string}\"},\"query-input\":{\"@type\":\"PropertyValueSpecification\",\"valueRequired\":true,\"valueName\":\"search_term_string\"}}],\"inLanguage\":\"hu\"},{\"@type\":\"Person\",\"@id\":\"http:\\\/\\\/www.torokfoto.hu\\\/blog\\\/#\\\/schema\\\/person\\\/15db174b0b57e6cb37c4b90725399434\",\"name\":\"torokfoto\",\"image\":{\"@type\":\"ImageObject\",\"inLanguage\":\"hu\",\"@id\":\"https:\\\/\\\/secure.gravatar.com\\\/avatar\\\/84a893069261eb70289981cdfa31eafab34feeb3148b57a67c28f3f3d8bc3a30?s=96&d=mm&r=g\",\"url\":\"https:\\\/\\\/secure.gravatar.com\\\/avatar\\\/84a893069261eb70289981cdfa31eafab34feeb3148b57a67c28f3f3d8bc3a30?s=96&d=mm&r=g\",\"contentUrl\":\"https:\\\/\\\/secure.gravatar.com\\\/avatar\\\/84a893069261eb70289981cdfa31eafab34feeb3148b57a67c28f3f3d8bc3a30?s=96&d=mm&r=g\",\"caption\":\"torokfoto\"},\"url\":\"http:\\\/\\\/www.torokfoto.hu\\\/blog\\\/author\\\/torokfoto\\\/\"}]}<\/script>\n<!-- \/ Yoast SEO plugin. -->","yoast_head_json":{"title":"Tippek: Hogyan dekor\u00e1ld a lak\u00e1sod a fot\u00f3iddal? - T\u00f6r\u00f6kFot\u00f3 Blog","robots":{"index":"index","follow":"follow","max-snippet":"max-snippet:-1","max-image-preview":"max-image-preview:large","max-video-preview":"max-video-preview:-1"},"canonical":"http:\/\/www.torokfoto.hu\/blog\/tippek-hogyan-dekorald-a-lakasod-a-fotoiddal\/","og_locale":"hu_HU","og_type":"article","og_title":"Tippek: Hogyan dekor\u00e1ld a lak\u00e1sod a fot\u00f3iddal? - T\u00f6r\u00f6kFot\u00f3 Blog","og_description":"A mostani, digit\u00e1lis vil\u00e1gban m\u00e1r sokkal egyszer\u0171bb megosztani a f\u00e9nyk\u00e9peidet. Ez nyilv\u00e1n nem \u00fajdons\u00e1g. Facebookon vagy e-mailben b\u00e1rkinek, b\u00e1rmikor tov\u00e1bb\u00edthatod \u0151ket, egyetlen kattint\u00e1ssal! Ugyanakkor, ennek a digit\u00e1lis vil\u00e1gnak k\u00f6sz\u00f6nhet\u0151en, ak\u00e1r online is el\u0151h\u00edvathatod fot\u00f3idat. \u00a0Milyen egyszer\u0171 nem igaz?\u00a0Az viszont kor\u00e1ntsem az, hogy hogyan helyezd el \u0151ket a lak\u00e1sodban. &nbsp; &nbsp; A lak\u00e1sod ne csak egy [&hellip;]","og_url":"http:\/\/www.torokfoto.hu\/blog\/tippek-hogyan-dekorald-a-lakasod-a-fotoiddal\/","og_site_name":"T\u00f6r\u00f6kFot\u00f3 Blog","article_publisher":"https:\/\/www.facebook.com\/torokfoto","article_published_time":"2015-07-18T15:16:39+00:00","article_modified_time":"2020-01-08T11:42:05+00:00","og_image":[{"url":"http:\/\/www.torokfoto.hu\/blog\/wp-content\/uploads\/2015\/07\/lapok-2.jpg","type":"","width":"","height":""}],"author":"torokfoto","twitter_misc":{"Written by":"torokfoto","Est. reading time":"10 perc"},"schema":{"@context":"https:\/\/schema.org","@graph":[{"@type":"Article","@id":"http:\/\/www.torokfoto.hu\/blog\/tippek-hogyan-dekorald-a-lakasod-a-fotoiddal\/#article","isPartOf":{"@id":"http:\/\/www.torokfoto.hu\/blog\/tippek-hogyan-dekorald-a-lakasod-a-fotoiddal\/"},"author":{"name":"torokfoto","@id":"http:\/\/www.torokfoto.hu\/blog\/#\/schema\/person\/15db174b0b57e6cb37c4b90725399434"},"headline":"Tippek: Hogyan dekor\u00e1ld a lak\u00e1sod a fot\u00f3iddal?","datePublished":"2015-07-18T15:16:39+00:00","dateModified":"2020-01-08T11:42:05+00:00","mainEntityOfPage":{"@id":"http:\/\/www.torokfoto.hu\/blog\/tippek-hogyan-dekorald-a-lakasod-a-fotoiddal\/"},"wordCount":2016,"image":{"@id":"http:\/\/www.torokfoto.hu\/blog\/tippek-hogyan-dekorald-a-lakasod-a-fotoiddal\/#primaryimage"},"thumbnailUrl":"http:\/\/www.torokfoto.hu\/blog\/wp-content\/uploads\/2015\/07\/lapok-2.jpg","keywords":["lak\u00e1sdekor"],"articleSection":["Egy\u00e9b"],"inLanguage":"hu"},{"@type":"WebPage","@id":"http:\/\/www.torokfoto.hu\/blog\/tippek-hogyan-dekorald-a-lakasod-a-fotoiddal\/","url":"http:\/\/www.torokfoto.hu\/blog\/tippek-hogyan-dekorald-a-lakasod-a-fotoiddal\/","name":"Tippek: Hogyan dekor\u00e1ld a lak\u00e1sod a fot\u00f3iddal? - T\u00f6r\u00f6kFot\u00f3 Blog","isPartOf":{"@id":"http:\/\/www.torokfoto.hu\/blog\/#website"},"primaryImageOfPage":{"@id":"http:\/\/www.torokfoto.hu\/blog\/tippek-hogyan-dekorald-a-lakasod-a-fotoiddal\/#primaryimage"},"image":{"@id":"http:\/\/www.torokfoto.hu\/blog\/tippek-hogyan-dekorald-a-lakasod-a-fotoiddal\/#primaryimage"},"thumbnailUrl":"http:\/\/www.torokfoto.hu\/blog\/wp-content\/uploads\/2015\/07\/lapok-2.jpg","datePublished":"2015-07-18T15:16:39+00:00","dateModified":"2020-01-08T11:42:05+00:00","author":{"@id":"http:\/\/www.torokfoto.hu\/blog\/#\/schema\/person\/15db174b0b57e6cb37c4b90725399434"},"breadcrumb":{"@id":"http:\/\/www.torokfoto.hu\/blog\/tippek-hogyan-dekorald-a-lakasod-a-fotoiddal\/#breadcrumb"},"inLanguage":"hu","potentialAction":[{"@type":"ReadAction","target":["http:\/\/www.torokfoto.hu\/blog\/tippek-hogyan-dekorald-a-lakasod-a-fotoiddal\/"]}]},{"@type":"ImageObject","inLanguage":"hu","@id":"http:\/\/www.torokfoto.hu\/blog\/tippek-hogyan-dekorald-a-lakasod-a-fotoiddal\/#primaryimage","url":"http:\/\/www.torokfoto.hu\/blog\/wp-content\/uploads\/2015\/07\/lapok-2.jpg","contentUrl":"http:\/\/www.torokfoto.hu\/blog\/wp-content\/uploads\/2015\/07\/lapok-2.jpg","width":350,"height":522},{"@type":"BreadcrumbList","@id":"http:\/\/www.torokfoto.hu\/blog\/tippek-hogyan-dekorald-a-lakasod-a-fotoiddal\/#breadcrumb","itemListElement":[{"@type":"ListItem","position":1,"name":"Home","item":"http:\/\/www.torokfoto.hu\/blog\/"},{"@type":"ListItem","position":2,"name":"Tippek: Hogyan dekor\u00e1ld a lak\u00e1sod a fot\u00f3iddal?"}]},{"@type":"WebSite","@id":"http:\/\/www.torokfoto.hu\/blog\/#website","url":"http:\/\/www.torokfoto.hu\/blog\/","name":"T\u00f6r\u00f6kFot\u00f3 Blog","description":"T\u00f6r\u00f6kFot\u00f3 Blog","potentialAction":[{"@type":"SearchAction","target":{"@type":"EntryPoint","urlTemplate":"http:\/\/www.torokfoto.hu\/blog\/?s={search_term_string}"},"query-input":{"@type":"PropertyValueSpecification","valueRequired":true,"valueName":"search_term_string"}}],"inLanguage":"hu"},{"@type":"Person","@id":"http:\/\/www.torokfoto.hu\/blog\/#\/schema\/person\/15db174b0b57e6cb37c4b90725399434","name":"torokfoto","image":{"@type":"ImageObject","inLanguage":"hu","@id":"https:\/\/secure.gravatar.com\/avatar\/84a893069261eb70289981cdfa31eafab34feeb3148b57a67c28f3f3d8bc3a30?s=96&d=mm&r=g","url":"https:\/\/secure.gravatar.com\/avatar\/84a893069261eb70289981cdfa31eafab34feeb3148b57a67c28f3f3d8bc3a30?s=96&d=mm&r=g","contentUrl":"https:\/\/secure.gravatar.com\/avatar\/84a893069261eb70289981cdfa31eafab34feeb3148b57a67c28f3f3d8bc3a30?s=96&d=mm&r=g","caption":"torokfoto"},"url":"http:\/\/www.torokfoto.hu\/blog\/author\/torokfoto\/"}]}},"_links":{"self":[{"href":"http:\/\/www.torokfoto.hu\/blog\/wp-json\/wp\/v2\/posts\/67","targetHints":{"allow":["GET"]}}],"collection":[{"href":"http:\/\/www.torokfoto.hu\/blog\/wp-json\/wp\/v2\/posts"}],"about":[{"href":"http:\/\/www.torokfoto.hu\/blog\/wp-json\/wp\/v2\/types\/post"}],"author":[{"embeddable":true,"href":"http:\/\/www.torokfoto.hu\/blog\/wp-json\/wp\/v2\/users\/1"}],"replies":[{"embeddable":true,"href":"http:\/\/www.torokfoto.hu\/blog\/wp-json\/wp\/v2\/comments?post=67"}],"version-history":[{"count":128,"href":"http:\/\/www.torokfoto.hu\/blog\/wp-json\/wp\/v2\/posts\/67\/revisions"}],"predecessor-version":[{"id":493,"href":"http:\/\/www.torokfoto.hu\/blog\/wp-json\/wp\/v2\/posts\/67\/revisions\/493"}],"wp:attachment":[{"href":"http:\/\/www.torokfoto.hu\/blog\/wp-json\/wp\/v2\/media?parent=67"}],"wp:term":[{"taxonomy":"category","embeddable":true,"href":"http:\/\/www.torokfoto.hu\/blog\/wp-json\/wp\/v2\/categories?post=67"},{"taxonomy":"post_tag","embeddable":true,"href":"http:\/\/www.torokfoto.hu\/blog\/wp-json\/wp\/v2\/tags?post=67"}],"curies":[{"name":"wp","href":"https:\/\/api.w.org\/{rel}","templated":true}]}}