{"id":639,"date":"2015-10-05T12:24:32","date_gmt":"2015-10-05T10:24:32","guid":{"rendered":"http:\/\/www.torokfoto.hu\/blog\/?p=639"},"modified":"2020-01-08T12:42:03","modified_gmt":"2020-01-08T11:42:03","slug":"5-tipp-hol-erdemes-fotozni-osszel","status":"publish","type":"post","link":"http:\/\/www.torokfoto.hu\/blog\/5-tipp-hol-erdemes-fotozni-osszel\/","title":{"rendered":"5 tipp: Hol \u00e9rdemes fot\u00f3zni \u0150sszel?"},"content":{"rendered":"<p><a href=\"http:\/\/www.torokfoto.hu\/blog\/5-tipp-hol-erdemes-fotozni-osszel\/\"><img loading=\"lazy\" decoding=\"async\" class=\"aligncenter wp-image-654 size-full\" src=\"http:\/\/www.torokfoto.hu\/blog\/wp-content\/uploads\/2015\/10\/\u0151sz.jpg\" alt=\"Hol \u00e9rdemes fot\u00f3zni \u0151sszel?\" width=\"620\" height=\"830\" srcset=\"http:\/\/www.torokfoto.hu\/blog\/wp-content\/uploads\/2015\/10\/\u0151sz.jpg 620w, http:\/\/www.torokfoto.hu\/blog\/wp-content\/uploads\/2015\/10\/\u0151sz-224x300.jpg 224w\" sizes=\"auto, (max-width: 620px) 100vw, 620px\" \/><\/a><\/p>\n<p>&nbsp;<\/p>\n<p>A k\u00f6vetkez\u0151 cikk\u00fcnkben \u00a0tippeket olvashattok azzal kapcsolatban, hogy hol kir\u00e1nduljatok \u00e9s hol \u00e9rdemes gy\u00f6ny\u00f6r\u0171 <strong>\u0151szi fot\u00f3<\/strong>kat k\u00e9sz\u00edtenetek. Am\u00edg ilyen szuper id\u0151 van \u00e9rdemes kihaszn\u00e1lni a h\u00e9tv\u00e9g\u00e9ket! Csod\u00e1s alkalom arra is, hogy bar\u00e1tokkal vagy csal\u00e1ddal egy\u00fctt kikapcsol\u00f3djatok! Term\u00e9szetesen csak n\u00e9h\u00e1nyat v\u00e1lasztottunk ki, rem\u00e9lj\u00fck el\u00e9gedettek lesztek a list\u00e1nkkal! \ud83d\ude42<\/p>\n<p>&nbsp;<\/p>\n<p><!--more--><\/p>\n<h2>Hol \u00e9rdemes\u00a0fot\u00f3zni \u0151sszel?<\/h2>\n<p><strong>Miskolc<\/strong> k\u00f6zel\u00e9ben k\u00f6nny\u0171 dolgotok van, hiszen az \u00c9szaki-k\u00f6z\u00e9phegys\u00e9g <strong>erd\u0151i<\/strong> rengeteg lehet\u0151s\u00e9ggel kecsegtetnek. Ak\u00e1r <strong>s\u00e1trazni<\/strong> szeretn\u00e9tek, ak\u00e1r a term\u00e9szet mellett az <strong>\u00e9p\u00edt\u00e9szetben<\/strong>\u00a0gy\u00f6ny\u00f6rk\u00f6dni, Miskolchoz k\u00f6zel megtal\u00e1lj\u00e1tok a nektek val\u00f3t!<\/p>\n<p>&nbsp;<\/p>\n<div class=\"su-box su-box-style-default\" id=\"\" style=\"border-color:#360f0f;border-radius:3px;max-width:none\"><div class=\"su-box-title\" style=\"background-color:#694242;color:#FFFFFF;border-top-left-radius:1px;border-top-right-radius:1px\">F\u00e9nyk\u00e9pes \u00fcdv\u00f6zl\u0151k\u00e1rtya a T\u00f6r\u00f6kfot\u00f3n\u00e1l!<\/div><div class=\"su-box-content su-u-clearfix su-u-trim\" style=\"border-bottom-left-radius:1px;border-bottom-right-radius:1px\">\n<ul>\n<li>Online felt\u00f6lt\u00e9s (mobilr\u00f3l is!)<\/li>\n<li>Orsz\u00e1gos kisz\u00e1ll\u00edt\u00e1s<\/li>\n<li>Alkalomhoz ill\u0151 sablonok<\/li>\n<li>Cs\u00facsmin\u0151s\u00e9g<\/li>\n<\/ul>\n<p>Mindezt biztos\u00edtja sz\u00e1modra a <a href=\"http:\/\/www.torokfoto.hu\/termekek\/fenykepes-udvozlokartya\" target=\"_blank\">T\u00f6r\u00f6kfot\u00f3<\/a>\u00a0Miskolcr\u00f3l!<\/p>\n<\/div><\/div>\n<p>&nbsp;<\/p>\n<h2>Lillaf\u00fcred \u00e9s Szilv\u00e1sv\u00e1rad<\/h2>\n<p><strong>Lillaf\u00fcred<\/strong> a B\u00fckk-vid\u00e9ken, a Szinva \u00e9s a Garadna-patak \u00f6sszefoly\u00e1s\u00e1n\u00e1l fekszik. Az <strong>1920<\/strong>-as \u00e9vekben \u00e9p\u00edtett <strong>Palotasz\u00e1ll\u00f3<\/strong> szinte meseszer\u0171en emelkedik ki a k\u00f6r\u00fcl\u00f6tte fekv\u0151 erd\u0151k, \u00e9s a mesters\u00e9gesen kialak\u00edtott tavak k\u00f6rnyezet\u00e9b\u0151l. T\u00f6k\u00e9letes kir\u00e1ndul\u00f3hely, \u00e9s fot\u00f3z\u00e1s szempontj\u00e1b\u00f3l sem utols\u00f3. \ud83d\ude42<\/p>\n<p>&nbsp;<\/p>\n<figure id=\"attachment_648\" class=\"thumbnail wp-caption aligncenter\" style=\"width: 446px\"><a href=\"Lillaf\u00fcred\"><img loading=\"lazy\" decoding=\"async\" class=\"wp-image-648 size-full\" src=\"http:\/\/www.torokfoto.hu\/blog\/wp-content\/uploads\/2015\/10\/lillaf\u00fcred.jpg\" alt=\"Lillaf\u00fcred\" width=\"436\" height=\"500\" srcset=\"http:\/\/www.torokfoto.hu\/blog\/wp-content\/uploads\/2015\/10\/lillaf\u00fcred.jpg 436w, http:\/\/www.torokfoto.hu\/blog\/wp-content\/uploads\/2015\/10\/lillaf\u00fcred-262x300.jpg 262w\" sizes=\"auto, (max-width: 436px) 100vw, 436px\" \/><\/a><figcaption class=\"caption wp-caption-text\">A Palotasz\u00e1ll\u00f3 \u0151sszel (Lux K\u00e1lm\u00e1n tervei alapj\u00e1n k\u00e9sz\u00fclt)<\/figcaption><\/figure>\n<p>&nbsp;<\/p>\n<p>Lillaf\u00fcredt\u0151l nem messze tal\u00e1lhat\u00f3 <strong>Szilv\u00e1sv\u00e1rad<\/strong>. A Szalajka-v\u00f6lgy \u00e9s a B\u00fckki Nemzeti Park r\u00e9sze. <strong>1952<\/strong>-ben erre a sz\u00e9p ter\u00fcletre telep\u00edtett\u00e9k a <strong>lipicai<\/strong> <strong>m\u00e9nest<\/strong>, mai napig itt teny\u00e9sztik \u0151ket. Csal\u00e1dosoknak t\u00f6k\u00e9letes kir\u00e1ndul\u00f3hely, hiszen kir\u00e1ndul\u00f3vonat is j\u00e1r.<\/p>\n<p>&nbsp;<\/p>\n<figure id=\"attachment_662\" class=\"thumbnail wp-caption aligncenter\" style=\"width: 746px\"><a href=\"http:\/\/www.torokfoto.hu\/blog\/wp-content\/uploads\/2015\/10\/F\u00e1tyol-v\u00edzes\u00e9s a Szalajka-v\u00f6lgyben\"><img loading=\"lazy\" decoding=\"async\" class=\"wp-image-662 size-full\" src=\"http:\/\/www.torokfoto.hu\/blog\/wp-content\/uploads\/2015\/10\/f\u00e1tyol-j\u00f3.jpg\" alt=\"F\u00e1tyol-v\u00edzes\u00e9s a Szalajka-v\u00f6lgyben\" width=\"736\" height=\"550\" srcset=\"http:\/\/www.torokfoto.hu\/blog\/wp-content\/uploads\/2015\/10\/f\u00e1tyol-j\u00f3.jpg 736w, http:\/\/www.torokfoto.hu\/blog\/wp-content\/uploads\/2015\/10\/f\u00e1tyol-j\u00f3-300x224.jpg 300w\" sizes=\"auto, (max-width: 736px) 100vw, 736px\" \/><\/a><figcaption class=\"caption wp-caption-text\">F\u00e1tyol-v\u00edzes\u00e9s a Szalajka-v\u00f6lgyben<\/figcaption><\/figure>\n<p>&nbsp;<\/p>\n<p><strong>Fot\u00f3z\u00e1s<\/strong> szempontj\u00e1b\u00f3l <strong>kiemelked\u0151en<\/strong> ide\u00e1lis, mert annyi sz\u00e9p l\u00e1tnival\u00f3 van (<strong>F\u00e1tyol-v\u00edzes\u00e9s<\/strong>), hogy az ember nem gy\u0151zi fot\u00f3zni. Most \u0151sszel pedig kifejezetten v\u00e1ltozatos sz\u00ednekkel gy\u00f6ny\u00f6rk\u00f6dtet az erd\u0151.<\/p>\n<p>&nbsp;<\/p>\n<h2>B\u00fckki Nemzeti Park<\/h2>\n<p>Nagyon szuper <a href=\"http:\/\/www.kektura.click.hu\/hattertar\/Taj_terkepek\/orszagos_kektura_terkep_2009.jpg\" target=\"_blank\">K\u00e9kt\u00fara <\/a>\u00fatvonalak vannak, ak\u00e1r m\u00e9g <strong>s\u00e1trazhattok<\/strong> is. Term\u00e9szetesen ez j\u00f3val nagyobb szervez\u00e9st ig\u00e9nyel, de meg\u00e9ri. Ha t\u00f6bb napot is a kir\u00e1ndul\u00e1ssal t\u00f6lt\u00f6t\u00f6k\u00a0m\u00e9g t\u00f6bb lehet\u0151s\u00e9getek ny\u00edlik, hogy <strong>k\u00fcl\u00f6nleges<\/strong> <strong>f\u00e9nyk\u00e9peket<\/strong> k\u00e9sz\u00edtsetek. R\u00e1ad\u00e1sul az, hogy kicsit visszavonultok a term\u00e9szetbe <strong>lelkileg<\/strong> is <strong>felt\u00f6lt<\/strong> majd Titeket!<\/p>\n<p>&nbsp;<\/p>\n<figure id=\"attachment_667\" class=\"thumbnail wp-caption aligncenter\" style=\"width: 610px\"><a href=\"http:\/\/www.torokfoto.hu\/blog\/wp-content\/uploads\/2015\/10\/A B\u00fckk \u0151sszel\"><img loading=\"lazy\" decoding=\"async\" class=\"wp-image-667 size-full\" src=\"http:\/\/www.torokfoto.hu\/blog\/wp-content\/uploads\/2015\/10\/b\u00fckk-j\u00f3.jpg\" alt=\"A B\u00fckk \u0151sszel\" width=\"600\" height=\"900\" srcset=\"http:\/\/www.torokfoto.hu\/blog\/wp-content\/uploads\/2015\/10\/b\u00fckk-j\u00f3.jpg 600w, http:\/\/www.torokfoto.hu\/blog\/wp-content\/uploads\/2015\/10\/b\u00fckk-j\u00f3-200x300.jpg 200w\" sizes=\"auto, (max-width: 600px) 100vw, 600px\" \/><\/a><figcaption class=\"caption wp-caption-text\">A B\u00fckk \u0151sszel<\/figcaption><\/figure>\n<p>&nbsp;<\/p>\n<div class=\"su-box su-box-style-default\" id=\"\" style=\"border-color:#360f0f;border-radius:3px;max-width:none\"><div class=\"su-box-title\" style=\"background-color:#694242;color:#FFFFFF;border-top-left-radius:1px;border-top-right-radius:1px\">Polaroid fot\u00f3k\/Digit\u00e1lis Fot\u00f3kidolgoz\u00e1s a T\u00f6r\u00f6kFot\u00f3n\u00e1l<\/div><div class=\"su-box-content su-u-clearfix su-u-trim\" style=\"border-bottom-left-radius:1px;border-bottom-right-radius:1px\">\n<p>Szeretn\u00e9d \u0150SZI FOT\u00d3idat polaroid form\u00e1ban el\u0151h\u00edvatni? N\u00e1lunk <a href=\"http:\/\/www.torokfoto.hu\/termekek\/fotokidolgozas\" target=\"_blank\">megteheted<\/a>!<\/p>\n<ul>\n<li>Online felt\u00f6lt\u00e9s (mobilr\u00f3l is!)<\/li>\n<li>Orsz\u00e1gos kisz\u00e1ll\u00edt\u00e1s<\/li>\n<li>Cs\u00facsmin\u0151s\u00e9g<\/li>\n<\/ul>\n<p>A &#8220;Rendel\u00e9s megjegyz\u00e9sek&#8221;-hez ne felejtsd el oda\u00edrni a &#8220;POLAROID&#8221; jelig\u00e9t.<\/p>\n<\/div><\/div>\n<p>&nbsp;<\/p>\n<h2>Magyarorsz\u00e1g \u00e9szaki vid\u00e9ke<\/h2>\n<p>Hogy kicsit kedvezz\u00fcnk az orsz\u00e1g \u00e9szaki ter\u00fclet\u00e9n \u00e9l\u0151knek, illetve azoknak, akik Budapesten \u00e9lnek a k\u00f6vetkez\u0151 &#8220;c\u00e9lpontot&#8221; aj\u00e1nljuk, ez pedig a <strong>Pilis<\/strong>. A Pilis hatalmas <strong>barlangrendszerekkel<\/strong> b\u00fcszk\u00e9lkedhet. \u00a0A <strong>Pilis-tet\u0151<\/strong> megm\u00e1sz\u00e1sa mellett \u00e9rdemes felmenni a <strong>Nagy-Kev\u00e9ly<\/strong> magaslataira is, csod\u00e1latos <strong>kil\u00e1t\u00e1s<\/strong> ny\u00edlik innen a v\u00f6lgyre. Meg\u00e9ri, mert innen t\u00e9nyleg gy\u00f6ny\u00f6r\u0171 k\u00e9peket k\u00e9sz\u00edthetsz a t\u00e1jr\u00f3l.<\/p>\n<p>&nbsp;<\/p>\n<figure id=\"attachment_669\" class=\"thumbnail wp-caption aligncenter\" style=\"width: 610px\"><a href=\"http:\/\/www.torokfoto.hu\/blog\/wp-content\/uploads\/2015\/10\/Pilis-tet\u0151, Vaskapu\"><img loading=\"lazy\" decoding=\"async\" class=\"wp-image-669 size-full\" src=\"http:\/\/www.torokfoto.hu\/blog\/wp-content\/uploads\/2015\/10\/pilis_teto1.jpg-vaskapu1.jpg\" alt=\"Pilis-tet\u0151, Vaskapu\" width=\"600\" height=\"450\" srcset=\"http:\/\/www.torokfoto.hu\/blog\/wp-content\/uploads\/2015\/10\/pilis_teto1.jpg-vaskapu1.jpg 600w, http:\/\/www.torokfoto.hu\/blog\/wp-content\/uploads\/2015\/10\/pilis_teto1.jpg-vaskapu1-300x225.jpg 300w\" sizes=\"auto, (max-width: 600px) 100vw, 600px\" \/><\/a><figcaption class=\"caption wp-caption-text\">Pilis-tet\u0151, Vaskapu<\/figcaption><\/figure>\n<p>&nbsp;<\/p>\n<h2>Magyarorsz\u00e1g nyugati vid\u00e9ke<\/h2>\n<p>Az <strong>\u0150rs\u00e9g<\/strong> m\u00e1r \u00f6nmag\u00e1ban nagyon <strong>k\u00fcl\u00f6nleges<\/strong>, nem csak term\u00e9szeti sz\u00e9ps\u00e9ge miatt. A <strong>t\u00f6rt\u00e9nelm\u00e9t<\/strong> tekintve is kiemelked\u0151, mivel m\u00e1r a <strong>Honfoglal\u00e1s<\/strong> idej\u00e9n <strong>\u0151rhelyeket<\/strong> \u00e1ll\u00edtottak fel itt \u0151seink. <strong>Kultur\u00e1lisan<\/strong> \u00e9s <strong>szakr\u00e1lisan<\/strong> is <strong>gazdag<\/strong> ter\u00fclete haz\u00e1nknak. Ezek miatt a tulajdons\u00e1gai miatt,\u00a0<strong>fot\u00f3z\u00e1s<\/strong> szempontj\u00e1b\u00f3l is sok lehet\u0151s\u00e9get ny\u00fajt (az \u0151szi erd\u0151, skanzen, templomok, vadles \u00e9s a T\u00f6kfesztiv\u00e1l szeptemberben).<\/p>\n<p>&nbsp;<\/p>\n<figure id=\"attachment_670\" class=\"thumbnail wp-caption aligncenter\" style=\"width: 810px\"><a href=\"http:\/\/www.torokfoto.hu\/blog\/wp-content\/uploads\/2015\/10\/Az \u0150rs\u00e9g\"><img loading=\"lazy\" decoding=\"async\" class=\"wp-image-670 size-full\" src=\"http:\/\/www.torokfoto.hu\/blog\/wp-content\/uploads\/2015\/10\/\u0151rs\u00e9g.jpg\" alt=\"Az \u0150rs\u00e9g\" width=\"800\" height=\"600\" srcset=\"http:\/\/www.torokfoto.hu\/blog\/wp-content\/uploads\/2015\/10\/\u0151rs\u00e9g.jpg 800w, http:\/\/www.torokfoto.hu\/blog\/wp-content\/uploads\/2015\/10\/\u0151rs\u00e9g-300x225.jpg 300w\" sizes=\"auto, (max-width: 800px) 100vw, 800px\" \/><\/a><figcaption class=\"caption wp-caption-text\">Az \u0150rs\u00e9g<\/figcaption><\/figure>\n<p>&nbsp;<\/p>\n<p>Ti hol szerettek fot\u00f3zni \u00e9s kir\u00e1ndulni? Van kedvenc helyetek? \u00cdrj\u00e1tok meg! \ud83d\ude42<\/p>\n<p>K\u00f6vessetek minket <a href=\"https:\/\/www.facebook.com\/torokfoto?fref=ts\" target=\"_blank\">Facebookon <\/a>vagy itt az \u00fajabb cikkek\u00e9rt!<\/p>\n<p>&nbsp;<\/p>\n","protected":false},"excerpt":{"rendered":"<p>&nbsp; A k\u00f6vetkez\u0151 cikk\u00fcnkben \u00a0tippeket olvashattok azzal kapcsolatban, hogy hol kir\u00e1nduljatok \u00e9s hol \u00e9rdemes gy\u00f6ny\u00f6r\u0171 \u0151szi fot\u00f3kat k\u00e9sz\u00edtenetek. Am\u00edg ilyen szuper id\u0151 van \u00e9rdemes kihaszn\u00e1lni a h\u00e9tv\u00e9g\u00e9ket! Csod\u00e1s alkalom arra is, hogy bar\u00e1tokkal vagy csal\u00e1ddal egy\u00fctt kikapcsol\u00f3djatok! Term\u00e9szetesen csak n\u00e9h\u00e1nyat v\u00e1lasztottunk ki, rem\u00e9lj\u00fck el\u00e9gedettek lesztek a list\u00e1nkkal! \ud83d\ude42 &nbsp;<\/p>\n","protected":false},"author":1,"featured_media":0,"comment_status":"closed","ping_status":"closed","sticky":false,"template":"","format":"standard","meta":{"footnotes":""},"categories":[1],"tags":[9,11],"class_list":["post-639","post","type-post","status-publish","format-standard","hentry","category-egyeb","tag-tippek","tag-utazas"],"yoast_head":"<!-- This site is optimized with the Yoast SEO plugin v27.5 - https:\/\/yoast.com\/product\/yoast-seo-wordpress\/ -->\n<title>5 tipp: Hol \u00e9rdemes fot\u00f3zni \u0150sszel? - T\u00f6r\u00f6kFot\u00f3 Blog<\/title>\n<meta name=\"robots\" content=\"index, follow, max-snippet:-1, max-image-preview:large, max-video-preview:-1\" \/>\n<link rel=\"canonical\" href=\"http:\/\/www.torokfoto.hu\/blog\/5-tipp-hol-erdemes-fotozni-osszel\/\" \/>\n<meta property=\"og:locale\" content=\"hu_HU\" \/>\n<meta property=\"og:type\" content=\"article\" \/>\n<meta property=\"og:title\" content=\"5 tipp: Hol \u00e9rdemes fot\u00f3zni \u0150sszel? - T\u00f6r\u00f6kFot\u00f3 Blog\" \/>\n<meta property=\"og:description\" content=\"&nbsp; A k\u00f6vetkez\u0151 cikk\u00fcnkben \u00a0tippeket olvashattok azzal kapcsolatban, hogy hol kir\u00e1nduljatok \u00e9s hol \u00e9rdemes gy\u00f6ny\u00f6r\u0171 \u0151szi fot\u00f3kat k\u00e9sz\u00edtenetek. Am\u00edg ilyen szuper id\u0151 van \u00e9rdemes kihaszn\u00e1lni a h\u00e9tv\u00e9g\u00e9ket! Csod\u00e1s alkalom arra is, hogy bar\u00e1tokkal vagy csal\u00e1ddal egy\u00fctt kikapcsol\u00f3djatok! Term\u00e9szetesen csak n\u00e9h\u00e1nyat v\u00e1lasztottunk ki, rem\u00e9lj\u00fck el\u00e9gedettek lesztek a list\u00e1nkkal! \ud83d\ude42 &nbsp;\" \/>\n<meta property=\"og:url\" content=\"http:\/\/www.torokfoto.hu\/blog\/5-tipp-hol-erdemes-fotozni-osszel\/\" \/>\n<meta property=\"og:site_name\" content=\"T\u00f6r\u00f6kFot\u00f3 Blog\" \/>\n<meta property=\"article:publisher\" content=\"https:\/\/www.facebook.com\/torokfoto\" \/>\n<meta property=\"article:published_time\" content=\"2015-10-05T10:24:32+00:00\" \/>\n<meta property=\"article:modified_time\" content=\"2020-01-08T11:42:03+00:00\" \/>\n<meta property=\"og:image\" content=\"http:\/\/www.torokfoto.hu\/blog\/wp-content\/uploads\/2015\/10\/pilis_teto1.jpg-vaskapu1.jpg\" \/>\n<meta name=\"author\" content=\"torokfoto\" \/>\n<meta name=\"twitter:label1\" content=\"Written by\" \/>\n\t<meta name=\"twitter:data1\" content=\"torokfoto\" \/>\n\t<meta name=\"twitter:label2\" content=\"Est. reading time\" \/>\n\t<meta name=\"twitter:data2\" content=\"4 perc\" \/>\n<script type=\"application\/ld+json\" class=\"yoast-schema-graph\">{\"@context\":\"https:\\\/\\\/schema.org\",\"@graph\":[{\"@type\":\"Article\",\"@id\":\"http:\\\/\\\/www.torokfoto.hu\\\/blog\\\/5-tipp-hol-erdemes-fotozni-osszel\\\/#article\",\"isPartOf\":{\"@id\":\"http:\\\/\\\/www.torokfoto.hu\\\/blog\\\/5-tipp-hol-erdemes-fotozni-osszel\\\/\"},\"author\":{\"name\":\"torokfoto\",\"@id\":\"http:\\\/\\\/www.torokfoto.hu\\\/blog\\\/#\\\/schema\\\/person\\\/15db174b0b57e6cb37c4b90725399434\"},\"headline\":\"5 tipp: Hol \u00e9rdemes fot\u00f3zni \u0150sszel?\",\"datePublished\":\"2015-10-05T10:24:32+00:00\",\"dateModified\":\"2020-01-08T11:42:03+00:00\",\"mainEntityOfPage\":{\"@id\":\"http:\\\/\\\/www.torokfoto.hu\\\/blog\\\/5-tipp-hol-erdemes-fotozni-osszel\\\/\"},\"wordCount\":775,\"image\":{\"@id\":\"http:\\\/\\\/www.torokfoto.hu\\\/blog\\\/5-tipp-hol-erdemes-fotozni-osszel\\\/#primaryimage\"},\"thumbnailUrl\":\"http:\\\/\\\/www.torokfoto.hu\\\/blog\\\/wp-content\\\/uploads\\\/2015\\\/10\\\/pilis_teto1.jpg-vaskapu1.jpg\",\"keywords\":[\"tippek\",\"utaz\u00e1s\"],\"articleSection\":[\"Egy\u00e9b\"],\"inLanguage\":\"hu\"},{\"@type\":\"WebPage\",\"@id\":\"http:\\\/\\\/www.torokfoto.hu\\\/blog\\\/5-tipp-hol-erdemes-fotozni-osszel\\\/\",\"url\":\"http:\\\/\\\/www.torokfoto.hu\\\/blog\\\/5-tipp-hol-erdemes-fotozni-osszel\\\/\",\"name\":\"5 tipp: Hol \u00e9rdemes fot\u00f3zni \u0150sszel? - T\u00f6r\u00f6kFot\u00f3 Blog\",\"isPartOf\":{\"@id\":\"http:\\\/\\\/www.torokfoto.hu\\\/blog\\\/#website\"},\"primaryImageOfPage\":{\"@id\":\"http:\\\/\\\/www.torokfoto.hu\\\/blog\\\/5-tipp-hol-erdemes-fotozni-osszel\\\/#primaryimage\"},\"image\":{\"@id\":\"http:\\\/\\\/www.torokfoto.hu\\\/blog\\\/5-tipp-hol-erdemes-fotozni-osszel\\\/#primaryimage\"},\"thumbnailUrl\":\"http:\\\/\\\/www.torokfoto.hu\\\/blog\\\/wp-content\\\/uploads\\\/2015\\\/10\\\/pilis_teto1.jpg-vaskapu1.jpg\",\"datePublished\":\"2015-10-05T10:24:32+00:00\",\"dateModified\":\"2020-01-08T11:42:03+00:00\",\"author\":{\"@id\":\"http:\\\/\\\/www.torokfoto.hu\\\/blog\\\/#\\\/schema\\\/person\\\/15db174b0b57e6cb37c4b90725399434\"},\"breadcrumb\":{\"@id\":\"http:\\\/\\\/www.torokfoto.hu\\\/blog\\\/5-tipp-hol-erdemes-fotozni-osszel\\\/#breadcrumb\"},\"inLanguage\":\"hu\",\"potentialAction\":[{\"@type\":\"ReadAction\",\"target\":[\"http:\\\/\\\/www.torokfoto.hu\\\/blog\\\/5-tipp-hol-erdemes-fotozni-osszel\\\/\"]}]},{\"@type\":\"ImageObject\",\"inLanguage\":\"hu\",\"@id\":\"http:\\\/\\\/www.torokfoto.hu\\\/blog\\\/5-tipp-hol-erdemes-fotozni-osszel\\\/#primaryimage\",\"url\":\"http:\\\/\\\/www.torokfoto.hu\\\/blog\\\/wp-content\\\/uploads\\\/2015\\\/10\\\/pilis_teto1.jpg-vaskapu1.jpg\",\"contentUrl\":\"http:\\\/\\\/www.torokfoto.hu\\\/blog\\\/wp-content\\\/uploads\\\/2015\\\/10\\\/pilis_teto1.jpg-vaskapu1.jpg\",\"width\":600,\"height\":450},{\"@type\":\"BreadcrumbList\",\"@id\":\"http:\\\/\\\/www.torokfoto.hu\\\/blog\\\/5-tipp-hol-erdemes-fotozni-osszel\\\/#breadcrumb\",\"itemListElement\":[{\"@type\":\"ListItem\",\"position\":1,\"name\":\"Home\",\"item\":\"http:\\\/\\\/www.torokfoto.hu\\\/blog\\\/\"},{\"@type\":\"ListItem\",\"position\":2,\"name\":\"5 tipp: Hol \u00e9rdemes fot\u00f3zni \u0150sszel?\"}]},{\"@type\":\"WebSite\",\"@id\":\"http:\\\/\\\/www.torokfoto.hu\\\/blog\\\/#website\",\"url\":\"http:\\\/\\\/www.torokfoto.hu\\\/blog\\\/\",\"name\":\"T\u00f6r\u00f6kFot\u00f3 Blog\",\"description\":\"T\u00f6r\u00f6kFot\u00f3 Blog\",\"potentialAction\":[{\"@type\":\"SearchAction\",\"target\":{\"@type\":\"EntryPoint\",\"urlTemplate\":\"http:\\\/\\\/www.torokfoto.hu\\\/blog\\\/?s={search_term_string}\"},\"query-input\":{\"@type\":\"PropertyValueSpecification\",\"valueRequired\":true,\"valueName\":\"search_term_string\"}}],\"inLanguage\":\"hu\"},{\"@type\":\"Person\",\"@id\":\"http:\\\/\\\/www.torokfoto.hu\\\/blog\\\/#\\\/schema\\\/person\\\/15db174b0b57e6cb37c4b90725399434\",\"name\":\"torokfoto\",\"image\":{\"@type\":\"ImageObject\",\"inLanguage\":\"hu\",\"@id\":\"https:\\\/\\\/secure.gravatar.com\\\/avatar\\\/84a893069261eb70289981cdfa31eafab34feeb3148b57a67c28f3f3d8bc3a30?s=96&d=mm&r=g\",\"url\":\"https:\\\/\\\/secure.gravatar.com\\\/avatar\\\/84a893069261eb70289981cdfa31eafab34feeb3148b57a67c28f3f3d8bc3a30?s=96&d=mm&r=g\",\"contentUrl\":\"https:\\\/\\\/secure.gravatar.com\\\/avatar\\\/84a893069261eb70289981cdfa31eafab34feeb3148b57a67c28f3f3d8bc3a30?s=96&d=mm&r=g\",\"caption\":\"torokfoto\"},\"url\":\"http:\\\/\\\/www.torokfoto.hu\\\/blog\\\/author\\\/torokfoto\\\/\"}]}<\/script>\n<!-- \/ Yoast SEO plugin. -->","yoast_head_json":{"title":"5 tipp: Hol \u00e9rdemes fot\u00f3zni \u0150sszel? - T\u00f6r\u00f6kFot\u00f3 Blog","robots":{"index":"index","follow":"follow","max-snippet":"max-snippet:-1","max-image-preview":"max-image-preview:large","max-video-preview":"max-video-preview:-1"},"canonical":"http:\/\/www.torokfoto.hu\/blog\/5-tipp-hol-erdemes-fotozni-osszel\/","og_locale":"hu_HU","og_type":"article","og_title":"5 tipp: Hol \u00e9rdemes fot\u00f3zni \u0150sszel? - T\u00f6r\u00f6kFot\u00f3 Blog","og_description":"&nbsp; A k\u00f6vetkez\u0151 cikk\u00fcnkben \u00a0tippeket olvashattok azzal kapcsolatban, hogy hol kir\u00e1nduljatok \u00e9s hol \u00e9rdemes gy\u00f6ny\u00f6r\u0171 \u0151szi fot\u00f3kat k\u00e9sz\u00edtenetek. Am\u00edg ilyen szuper id\u0151 van \u00e9rdemes kihaszn\u00e1lni a h\u00e9tv\u00e9g\u00e9ket! Csod\u00e1s alkalom arra is, hogy bar\u00e1tokkal vagy csal\u00e1ddal egy\u00fctt kikapcsol\u00f3djatok! Term\u00e9szetesen csak n\u00e9h\u00e1nyat v\u00e1lasztottunk ki, rem\u00e9lj\u00fck el\u00e9gedettek lesztek a list\u00e1nkkal! \ud83d\ude42 &nbsp;","og_url":"http:\/\/www.torokfoto.hu\/blog\/5-tipp-hol-erdemes-fotozni-osszel\/","og_site_name":"T\u00f6r\u00f6kFot\u00f3 Blog","article_publisher":"https:\/\/www.facebook.com\/torokfoto","article_published_time":"2015-10-05T10:24:32+00:00","article_modified_time":"2020-01-08T11:42:03+00:00","og_image":[{"url":"http:\/\/www.torokfoto.hu\/blog\/wp-content\/uploads\/2015\/10\/pilis_teto1.jpg-vaskapu1.jpg","type":"","width":"","height":""}],"author":"torokfoto","twitter_misc":{"Written by":"torokfoto","Est. reading time":"4 perc"},"schema":{"@context":"https:\/\/schema.org","@graph":[{"@type":"Article","@id":"http:\/\/www.torokfoto.hu\/blog\/5-tipp-hol-erdemes-fotozni-osszel\/#article","isPartOf":{"@id":"http:\/\/www.torokfoto.hu\/blog\/5-tipp-hol-erdemes-fotozni-osszel\/"},"author":{"name":"torokfoto","@id":"http:\/\/www.torokfoto.hu\/blog\/#\/schema\/person\/15db174b0b57e6cb37c4b90725399434"},"headline":"5 tipp: Hol \u00e9rdemes fot\u00f3zni \u0150sszel?","datePublished":"2015-10-05T10:24:32+00:00","dateModified":"2020-01-08T11:42:03+00:00","mainEntityOfPage":{"@id":"http:\/\/www.torokfoto.hu\/blog\/5-tipp-hol-erdemes-fotozni-osszel\/"},"wordCount":775,"image":{"@id":"http:\/\/www.torokfoto.hu\/blog\/5-tipp-hol-erdemes-fotozni-osszel\/#primaryimage"},"thumbnailUrl":"http:\/\/www.torokfoto.hu\/blog\/wp-content\/uploads\/2015\/10\/pilis_teto1.jpg-vaskapu1.jpg","keywords":["tippek","utaz\u00e1s"],"articleSection":["Egy\u00e9b"],"inLanguage":"hu"},{"@type":"WebPage","@id":"http:\/\/www.torokfoto.hu\/blog\/5-tipp-hol-erdemes-fotozni-osszel\/","url":"http:\/\/www.torokfoto.hu\/blog\/5-tipp-hol-erdemes-fotozni-osszel\/","name":"5 tipp: Hol \u00e9rdemes fot\u00f3zni \u0150sszel? - T\u00f6r\u00f6kFot\u00f3 Blog","isPartOf":{"@id":"http:\/\/www.torokfoto.hu\/blog\/#website"},"primaryImageOfPage":{"@id":"http:\/\/www.torokfoto.hu\/blog\/5-tipp-hol-erdemes-fotozni-osszel\/#primaryimage"},"image":{"@id":"http:\/\/www.torokfoto.hu\/blog\/5-tipp-hol-erdemes-fotozni-osszel\/#primaryimage"},"thumbnailUrl":"http:\/\/www.torokfoto.hu\/blog\/wp-content\/uploads\/2015\/10\/pilis_teto1.jpg-vaskapu1.jpg","datePublished":"2015-10-05T10:24:32+00:00","dateModified":"2020-01-08T11:42:03+00:00","author":{"@id":"http:\/\/www.torokfoto.hu\/blog\/#\/schema\/person\/15db174b0b57e6cb37c4b90725399434"},"breadcrumb":{"@id":"http:\/\/www.torokfoto.hu\/blog\/5-tipp-hol-erdemes-fotozni-osszel\/#breadcrumb"},"inLanguage":"hu","potentialAction":[{"@type":"ReadAction","target":["http:\/\/www.torokfoto.hu\/blog\/5-tipp-hol-erdemes-fotozni-osszel\/"]}]},{"@type":"ImageObject","inLanguage":"hu","@id":"http:\/\/www.torokfoto.hu\/blog\/5-tipp-hol-erdemes-fotozni-osszel\/#primaryimage","url":"http:\/\/www.torokfoto.hu\/blog\/wp-content\/uploads\/2015\/10\/pilis_teto1.jpg-vaskapu1.jpg","contentUrl":"http:\/\/www.torokfoto.hu\/blog\/wp-content\/uploads\/2015\/10\/pilis_teto1.jpg-vaskapu1.jpg","width":600,"height":450},{"@type":"BreadcrumbList","@id":"http:\/\/www.torokfoto.hu\/blog\/5-tipp-hol-erdemes-fotozni-osszel\/#breadcrumb","itemListElement":[{"@type":"ListItem","position":1,"name":"Home","item":"http:\/\/www.torokfoto.hu\/blog\/"},{"@type":"ListItem","position":2,"name":"5 tipp: Hol \u00e9rdemes fot\u00f3zni \u0150sszel?"}]},{"@type":"WebSite","@id":"http:\/\/www.torokfoto.hu\/blog\/#website","url":"http:\/\/www.torokfoto.hu\/blog\/","name":"T\u00f6r\u00f6kFot\u00f3 Blog","description":"T\u00f6r\u00f6kFot\u00f3 Blog","potentialAction":[{"@type":"SearchAction","target":{"@type":"EntryPoint","urlTemplate":"http:\/\/www.torokfoto.hu\/blog\/?s={search_term_string}"},"query-input":{"@type":"PropertyValueSpecification","valueRequired":true,"valueName":"search_term_string"}}],"inLanguage":"hu"},{"@type":"Person","@id":"http:\/\/www.torokfoto.hu\/blog\/#\/schema\/person\/15db174b0b57e6cb37c4b90725399434","name":"torokfoto","image":{"@type":"ImageObject","inLanguage":"hu","@id":"https:\/\/secure.gravatar.com\/avatar\/84a893069261eb70289981cdfa31eafab34feeb3148b57a67c28f3f3d8bc3a30?s=96&d=mm&r=g","url":"https:\/\/secure.gravatar.com\/avatar\/84a893069261eb70289981cdfa31eafab34feeb3148b57a67c28f3f3d8bc3a30?s=96&d=mm&r=g","contentUrl":"https:\/\/secure.gravatar.com\/avatar\/84a893069261eb70289981cdfa31eafab34feeb3148b57a67c28f3f3d8bc3a30?s=96&d=mm&r=g","caption":"torokfoto"},"url":"http:\/\/www.torokfoto.hu\/blog\/author\/torokfoto\/"}]}},"_links":{"self":[{"href":"http:\/\/www.torokfoto.hu\/blog\/wp-json\/wp\/v2\/posts\/639","targetHints":{"allow":["GET"]}}],"collection":[{"href":"http:\/\/www.torokfoto.hu\/blog\/wp-json\/wp\/v2\/posts"}],"about":[{"href":"http:\/\/www.torokfoto.hu\/blog\/wp-json\/wp\/v2\/types\/post"}],"author":[{"embeddable":true,"href":"http:\/\/www.torokfoto.hu\/blog\/wp-json\/wp\/v2\/users\/1"}],"replies":[{"embeddable":true,"href":"http:\/\/www.torokfoto.hu\/blog\/wp-json\/wp\/v2\/comments?post=639"}],"version-history":[{"count":22,"href":"http:\/\/www.torokfoto.hu\/blog\/wp-json\/wp\/v2\/posts\/639\/revisions"}],"predecessor-version":[{"id":840,"href":"http:\/\/www.torokfoto.hu\/blog\/wp-json\/wp\/v2\/posts\/639\/revisions\/840"}],"wp:attachment":[{"href":"http:\/\/www.torokfoto.hu\/blog\/wp-json\/wp\/v2\/media?parent=639"}],"wp:term":[{"taxonomy":"category","embeddable":true,"href":"http:\/\/www.torokfoto.hu\/blog\/wp-json\/wp\/v2\/categories?post=639"},{"taxonomy":"post_tag","embeddable":true,"href":"http:\/\/www.torokfoto.hu\/blog\/wp-json\/wp\/v2\/tags?post=639"}],"curies":[{"name":"wp","href":"https:\/\/api.w.org\/{rel}","templated":true}]}}