{"id":43,"date":"2015-08-12T10:00:47","date_gmt":"2015-08-12T08:00:47","guid":{"rendered":"http:\/\/www.torokfoto.hu\/blog\/?p=43"},"modified":"2020-01-08T12:42:04","modified_gmt":"2020-01-08T11:42:04","slug":"10-tipp-a-fotozas-tedd-ne-tedd-listaja","status":"publish","type":"post","link":"http:\/\/www.torokfoto.hu\/blog\/10-tipp-a-fotozas-tedd-ne-tedd-listaja\/","title":{"rendered":"10 tipp: a fot\u00f3z\u00e1s tedd &#038; ne tedd list\u00e1ja!"},"content":{"rendered":"<p style=\"text-align: center;\"><a href=\"http:\/\/www.torokfoto.hu\/blog\/10-tipp-a-fotozas-tedd-ne-tedd-listaja\"><img loading=\"lazy\" decoding=\"async\" class=\"aligncenter wp-image-509 size-full\" src=\"http:\/\/www.torokfoto.hu\/blog\/wp-content\/uploads\/2015\/07\/fot\u00f3z\u00e1s.jpg\" alt=\"fot\u00f3z\u00e1s\" width=\"640\" height=\"640\" srcset=\"http:\/\/www.torokfoto.hu\/blog\/wp-content\/uploads\/2015\/07\/fot\u00f3z\u00e1s.jpg 640w, http:\/\/www.torokfoto.hu\/blog\/wp-content\/uploads\/2015\/07\/fot\u00f3z\u00e1s-150x150.jpg 150w, http:\/\/www.torokfoto.hu\/blog\/wp-content\/uploads\/2015\/07\/fot\u00f3z\u00e1s-300x300.jpg 300w, http:\/\/www.torokfoto.hu\/blog\/wp-content\/uploads\/2015\/07\/fot\u00f3z\u00e1s-60x60.jpg 60w\" sizes=\"auto, (max-width: 640px) 100vw, 640px\" \/><\/a><\/p>\n<p>&nbsp;<\/p>\n<p>Ahhoz, hogy j\u00f3 <strong>fot\u00f3s<\/strong> v\u00e1ljon bel\u0151led,\u00a0nem el\u00e9g egy nap! Az\u00e9rt nem kell megijedni. Senki sem sz\u00fcletik \u00fagy, hogy m\u00e1r mindent tud a fot\u00f3z\u00e1sr\u00f3l, viszont a k\u00f6vetkez\u0151 <strong>tippek<\/strong> betart\u00e1s\u00e1val gyorsan \u00e9s hat\u00e9konyan elker\u00fclheted a leggyakoribb fot\u00f3s bakikat. \u00a0Csak egy kis id\u0151re \u00e9s n\u00e9mi gyakorl\u00e1sra van sz\u00fcks\u00e9ged. Magad is l\u00e1thatod majd mennyit <strong>fejl\u0151dhetsz<\/strong>, ha bizonyos <strong>alapszab\u00e1lyok<\/strong>at betartasz.<\/p>\n<p>A tov\u00e1bbiakban <strong>10 tipp<\/strong>et olvashattok arr\u00f3l, mit \u00e9rdemes elker\u00fclni vagy megtenni fot\u00f3z\u00e1ssal kapcsolatban. Olyan hib\u00e1kr\u00f3l esik sz\u00f3, amiket ha kezd\u0151 az ember, gyakran elk\u00f6vet. Fot\u00f3z\u00e1sra fel!<\/p>\n<p>&nbsp;<\/p>\n<p><!--more--><\/p>\n<h2><\/h2>\n<h2>1. Ne kapkodj!<\/h2>\n<p>A digit\u00e1lis fot\u00f3z\u00e1s lehet\u0151v\u00e9 teszi, hogy rengeteg k\u00e9pet k\u00e9sz\u00edts r\u00f6vid id\u0151 alatt. Viszont ennek az lehet a k\u00f6vetkezm\u00e9nye, hogy rengeteg rosszul be\u00e1ll\u00edtott k\u00e9p k\u00e9sz\u00fcl. Ez\u00e9rt <strong>\u00e9rdemes<\/strong> figyelned arra, hogy ha m\u00f3dodban \u00e1ll, fejben el\u0151re <strong>megkompon\u00e1lt<\/strong> <strong>koncepci\u00f3<\/strong> szerint dolgozz. Teh\u00e1t, \u00e9rdemes figyelned a f\u00e9nyviszonyok mellett arra is, hogy a k\u00e9p ink\u00e1bb t\u00f6bbet mutasson, mint kevesebbet.<\/p>\n<p>&nbsp;<\/p>\n<span class=\"su-highlight\" style=\"background:#fcf1d5;color:#000000\">&nbsp;P\u00e9ld\u00e1ul t\u00f6bb legyen a h\u00e1tt\u00e9rb\u0151l, mert k\u00e9s\u0151bb k\u00f6nnyebb lev\u00e1gni az oda nem ill\u0151 r\u00e9szleteket!&nbsp;<\/span>\n<p>&nbsp;<\/p>\n<div class=\"su-box su-box-style-default\" id=\"\" style=\"border-color:#360f0f;border-radius:3px;max-width:none\"><div class=\"su-box-title\" style=\"background-color:#694242;color:#FFFFFF;border-top-left-radius:1px;border-top-right-radius:1px\">Digit\u00e1lis Fot\u00f3kidolgoz\u00e1s a T\u00f6r\u00f6kFot\u00f3n\u00e1l<\/div><div class=\"su-box-content su-u-clearfix su-u-trim\" style=\"border-bottom-left-radius:1px;border-bottom-right-radius:1px\">\n<p>Min\u00e9l hamarabb k\u00e9zhez szeretn\u00e9d kapni a fot\u00f3idat? <a href=\"http:\/\/www.torokfoto.hu\/termekek\/fotokidolgozas\" target=\"_blank\">H\u00edvasd el\u0151<\/a>\u00a0\u0151ket\u00a0ak\u00e1r\u00a0egy nap alatt!\u00a0<\/div><\/div>\n<p>&nbsp;<\/p>\n<h2>2. Ne csak fekv\u0151 k\u00e9peket k\u00e9sz\u00edts!<\/h2>\n<p>Ha <strong>nem<\/strong> <strong>mobillal<\/strong> k\u00e9sz\u00edtesz fot\u00f3kat, akkor hajlamos lehetsz elfelejteni, hogy a <strong>g\u00e9pet<\/strong> \u00e9rdemes <strong>forgatni<\/strong> is. Ne csak fekv\u0151 helyzetben k\u00e9sz\u00edts k\u00e9peket, hanem \u00e1ll\u00f3ban is! Pl\u00e1ne, ha csoportk\u00e9pet k\u00e9sz\u00edtesz! Az <strong>eg\u00e9sz<\/strong> <strong>alakos<\/strong> k\u00e9pek sokszor jobban mutatnak, mintha csak der\u00e9kig l\u00e1tsz\u00f3dik a csoport. Csak <strong>p\u00e1r<\/strong> <strong>l\u00e9p\u00e9st<\/strong> kell tenned, hogy t\u00f6k\u00e9letes legyen a be\u00e1ll\u00edt\u00e1s! \ud83d\ude42<\/p>\n<p>&nbsp;<\/p>\n<h2>3. Mikor haszn\u00e1ld a vakut?<\/h2>\n<p>Vannak esetek, amikor mindenk\u00e9ppen haszn\u00e1lni kell, ha s\u00fct a nap akkor is, mert a napf\u00e9ny nem mindig onnan \u00e9rkezik, ahonnan mi szeretn\u00e9nk. A <strong>kem\u00e9ny vetett \u00e1rny\u00e9kok<\/strong>\u00a0elker\u00fcl\u00e9se v\u00e9gett fontos, \u00e9s hasznos. P\u00e9ld\u00e1ul ha naps\u00fct\u00e9sben egy fa al\u00e1 \u00e1llnak akiket fot\u00f3zni szeretn\u00e9tek, haszn\u00e1lnod kell a <strong>vakut<\/strong>, mert k\u00fcl\u00f6nben <strong>m\u00e9ly \u00e1rny\u00e9kokat<\/strong> fog vetni a f\u00e9ny az arcokon.<\/p>\n<p>Ezeket persze, ki kell tapasztalnod, ez\u00e9rt van <strong>sz\u00fcks\u00e9g<\/strong> n\u00e9mi <strong>gyakorl\u00e1sra<\/strong>, \u00e9s persze figyelemre!<\/p>\n<p>&nbsp;<\/p>\n<h2>4. S\u00fcss fel Nap&#8230;<\/h2>\n<p>Emellett fontos, hogy ha lehet ne \u00e1ll\u00edtsd a &#8216;modelljeidet&#8217; k\u00f6zvetlen\u00fcl szembe a napf\u00e9nnyel (a hunyorg\u00e1s senkinek nem \u00e1ll j\u00f3l). \u00c9rdemes olyan helyet keresnetek ilyenkor, ahol a <strong>term\u00e9szetes<\/strong> <strong>napf\u00e9ny<\/strong> tud <strong>t\u00fckr\u00f6z\u0151dni<\/strong>. P\u00e9ld\u00e1ul egy <strong>vil\u00e1gos<\/strong> <strong>\u00e9p\u00fclet<\/strong> is t\u00f6k\u00e9letes lehet erre a c\u00e9lra, ahol m\u00e1r \u00e1rny\u00e9k van. A feh\u00e9r fel\u00fclet <strong>visszaveri<\/strong> a <strong>f\u00e9nysugarakat<\/strong>, \u00edgy term\u00e9szetes der\u00edt\u0151k\u00e9nt m\u0171k\u00f6dik. \u00cdgy ekkor sem lesz sz\u00fcks\u00e9g a vaku haszn\u00e1lat\u00e1ra.<\/p>\n<figure id=\"attachment_62\" class=\"thumbnail wp-caption aligncenter\" style=\"width: 810px\"><a href=\"http:\/\/www.torokfoto.hu\/blog\/wp-content\/uploads\/2015\/07\/SussfelNap\"><img loading=\"lazy\" decoding=\"async\" class=\"wp-image-62 size-full\" src=\"http:\/\/www.torokfoto.hu\/blog\/wp-content\/uploads\/2015\/07\/napos.jpg\" alt=\"napos\" width=\"800\" height=\"641\" srcset=\"http:\/\/www.torokfoto.hu\/blog\/wp-content\/uploads\/2015\/07\/napos.jpg 800w, http:\/\/www.torokfoto.hu\/blog\/wp-content\/uploads\/2015\/07\/napos-300x240.jpg 300w\" sizes=\"auto, (max-width: 800px) 100vw, 800px\" \/><\/a><figcaption class=\"caption wp-caption-text\">S\u00fcss fel Nap&#8230;<\/figcaption><\/figure>\n<p>&nbsp;<\/p>\n<p><strong><span class=\"su-highlight\" style=\"background:#fcf1d5;color:#000000\">&nbsp;TIPP&nbsp;<\/span><\/strong>: Ezeket a kem\u00e9ny, vetett \u00e1rny\u00e9kokat szokt\u00e1k \u00fan. <strong>der\u00edt\u00e9ssel<\/strong> kiegyenl\u00edteni. Pr\u00f3b\u00e1ld ki, hogy egy nagyobb fel\u00fclet\u0171 feh\u00e9r anyagot, f\u00e9nyvisszaver\u0151 f\u00f3li\u00e1t tartasz a f\u00e9ny bees\u00e9s\u00e9vel ellent\u00e9tes ir\u00e1nyb\u00f3l! \u00cdgy a be\u00e9rkez\u0151 f\u00e9nyt visszat\u00fckr\u00f6z\u00f6d \u00e9s l\u00e1gyabb, kev\u00e9sb\u00e9 s\u00f6t\u00e9t \u00e1rny\u00e9kokat fog vetni.<\/p>\n<p>&nbsp;<\/p>\n<h2>5. Nappal szemben&#8230;<\/h2>\n<p>Nappal szemben (ellenf\u00e9nyben) is lehet k\u00e9peket k\u00e9sz\u00edteni, de akkor a k\u00e9p <strong>s\u00f6t\u00e9t<\/strong> <strong>lesz, <\/strong>az alakok pedig feket\u00e9k. Vagy ford\u00edtva, az alakok vil\u00e1gosak \u00e9s a h\u00e1tt\u00e9rb\u0151l m\u00e1r szinte semmi sem l\u00e1tszik, annyira vil\u00e1gos.\u00a0Amennyiben nem ez a c\u00e9lod, \u00fagy \u00e9rdemes a <strong>vakut<\/strong> haszn\u00e1lnod.<\/p>\n<p>Ha a <strong>vaku f\u00e9nye t\u00fal er\u0151s<\/strong> pr\u00f3b\u00e1ld meg cs\u00f6kkenteni a k\u00f6vetkez\u0151 m\u00f3don.\u00a0Extr\u00e9mebb esetben <strong>feh\u00e9r<\/strong> <strong>ruhaanyagot<\/strong> vagy <strong>pap\u00edr zsebkend\u0151t<\/strong> is er\u0151s\u00edthetsz a vaku el\u00e9. Ezzel a m\u00f3dszerrel <strong>l\u00e1gy\u00edthatsz<\/strong> az \u00e1rny\u00e9kokon \u00e9s kellemes hat\u00e1s\u00fa k\u00e9pet kapsz.<\/p>\n<p>A napf\u00e9ny haszn\u00e1lata\u00a0f\u00fcgg att\u00f3l, hogy milyen jelleg\u0171, st\u00edlus\u00fa k\u00e9pet szeretn\u00e9l. Annak megfelel\u0151en kell alkalmazkodni hozz\u00e1. A <strong>napszakok<\/strong> er\u0151sen <strong>meghat\u00e1rozz\u00e1k<\/strong> a f\u00e9nyhat\u00e1sokat is. A d\u00e9lut\u00e1n k\u00f6zep\u00e9n p\u00e9ld\u00e1ul\u00a0a nap \u00e9les \u00e1rny\u00e9kokat vet. Ha er\u0151s\u00a0<strong>\u00e1rny\u00e9kban<\/strong> fot\u00f3ztok akkor \u00e9rdemes <strong>vakut<\/strong> haszn\u00e1lni, <strong>ha<\/strong> a <strong>4. pont<\/strong>ban eml\u00edtett megold\u00e1s <strong>nem<\/strong> <strong>kivitelezhet\u0151<\/strong>. B\u00e1r, vil\u00e1gos van \u00e9s az ember \u00fagy gondoln\u00e1 felesleges vakuzni, az\u00e9rt pr\u00f3b\u00e1lj\u00e1tok ki, megl\u00e1tj\u00e1tok a k\u00fcl\u00f6nbs\u00e9get.<\/p>\n<p>&nbsp;<\/p>\n<h2>6. A term\u00e9szetes f\u00e9ny a bar\u00e1tunk<\/h2>\n<p>El\u0151fordul olyan helyzet is, mikor a <strong>vaku<\/strong> egy\u00e1ltal\u00e1n <strong>nem<\/strong> <strong>sz\u00fcks\u00e9ges<\/strong>, m\u00e9g ha azt is gondoln\u00e1nk, hogy az. Elegend\u0151 term\u00e9szetes f\u00e9ny mellett egy\u00e1ltal\u00e1n nem kell haszn\u00e1lnod.<\/p>\n<p>Teh\u00e1t, a vakuz\u00e1ssal kapcsolatos probl\u00e9ma k\u00f6nnyen orvosolhat\u00f3, csak egy gombnyom\u00e1s kell hozz\u00e1, \u00e9s megl\u00e1tod mekkora k\u00fcl\u00f6nbs\u00e9g van egy vakuval \u00e9s vaku n\u00e9lk\u00fcl k\u00e9sz\u00edtett k\u00e9pen. A vaku bizonyos esetekben laposs\u00e1 \u00e9s \u00e9letlenn\u00e9 teszi a k\u00e9pet. A<strong> term\u00e9szetes f\u00e9ny<\/strong> sokkal <strong>szebb<\/strong> \u00e9s <strong>kellemesebb<\/strong> hat\u00e1st k\u00f6lcs\u00f6n\u00f6z a k\u00e9peknek.<\/p>\n<figure id=\"attachment_54\" class=\"thumbnail wp-caption aligncenter\" style=\"width: 810px\"><a href=\"http:\/\/www.torokfoto.hu\/blog\/wp-content\/uploads\/2015\/07\/with-flash-wirhout-flash.jpg\"><img loading=\"lazy\" decoding=\"async\" class=\"wp-image-54 size-full\" src=\"http:\/\/www.torokfoto.hu\/blog\/wp-content\/uploads\/2015\/07\/with-flash-wirhout-flash.jpg\" alt=\"10 tipp: a fot\u00f3z\u00e1s nagy ne tedd list\u00e1ja!\" width=\"800\" height=\"1267\" srcset=\"http:\/\/www.torokfoto.hu\/blog\/wp-content\/uploads\/2015\/07\/with-flash-wirhout-flash.jpg 800w, http:\/\/www.torokfoto.hu\/blog\/wp-content\/uploads\/2015\/07\/with-flash-wirhout-flash-189x300.jpg 189w, http:\/\/www.torokfoto.hu\/blog\/wp-content\/uploads\/2015\/07\/with-flash-wirhout-flash-647x1024.jpg 647w\" sizes=\"auto, (max-width: 800px) 100vw, 800px\" \/><\/a><figcaption class=\"caption wp-caption-text\">Itt l\u00e1thatod a k\u00fcl\u00f6nbs\u00e9get! Az els\u0151 k\u00e9p vakuval k\u00e9sz\u00fclt, a m\u00e1sodik an\u00e9lk\u00fcl.<\/figcaption><\/figure>\n<p>&nbsp;<\/p>\n<h2>7. Figyelj a r\u00e9szletekre!<\/h2>\n<p>A r\u00e9szletekre is \u00e9rdemes figyelned mikor <strong>fot\u00f3kat<\/strong> k\u00e9sz\u00edtesz. Hiszen, ahogy a mond\u00e1s is tartja: <em>&#8220;Az \u00f6rd\u00f6g a r\u00e9szletekben rejlik.&#8221;<\/em><\/p>\n<p>Ak\u00e1r egy ajt\u00f3kopogtat\u00f3t, egy ruha r\u00e9szlet\u00e9t, <strong>\u00f6sszekulcsol\u00f3d\u00f3<\/strong> <strong>kezeket<\/strong> is meg\u00f6r\u00f6k\u00edthetsz ha <strong>sz\u00e1modra fontos<\/strong> esem\u00e9nyhez\u00a0k\u00f6thet\u0151k. Kellemes eml\u00e9kek lehetnek ezek k\u00e9s\u0151bb, mikor \u00e9vek m\u00falt\u00e1n megn\u00e9zegeted a k\u00e9peidet.\u00a0Szerencs\u00e9re erre egyre fog\u00e9konyabbak az emberek, egyre nagyobb az ig\u00e9ny az ilyen st\u00edlus\u00fa fot\u00f3kra, \u00e9s \u0151szint\u00e9n sz\u00f3lva&#8230; nagyon hangulatosak. \ud83d\ude42<\/p>\n<figure id=\"attachment_512\" class=\"thumbnail wp-caption aligncenter\" style=\"width: 746px\"><a href=\"http:\/\/www.torokfoto.hu\/blog\/wp-content\/uploads\/2015\/07\/r\u00e9szletek\"><img loading=\"lazy\" decoding=\"async\" class=\"wp-image-512 size-full\" src=\"http:\/\/www.torokfoto.hu\/blog\/wp-content\/uploads\/2015\/07\/r\u00e9szletek.jpg\" alt=\"r\u00e9szletek\" width=\"736\" height=\"989\" srcset=\"http:\/\/www.torokfoto.hu\/blog\/wp-content\/uploads\/2015\/07\/r\u00e9szletek.jpg 736w, http:\/\/www.torokfoto.hu\/blog\/wp-content\/uploads\/2015\/07\/r\u00e9szletek-223x300.jpg 223w\" sizes=\"auto, (max-width: 736px) 100vw, 736px\" \/><\/a><figcaption class=\"caption wp-caption-text\">K\u00e9z a k\u00e9zben&#8230;<\/figcaption><\/figure>\n<h2><\/h2>\n<p>&nbsp;<\/p>\n<h2>8. P\u00f3taksid mindig legyen!<\/h2>\n<p>Ha nyaralni m\u00e9sz a legnagyobb hiba, amit elk\u00f6vethetsz az az, hogy ha nem viszel magaddal <strong>p\u00f3takkumul\u00e1tor<\/strong>t. Nincs ann\u00e1l <strong>bosszant\u00f3bb<\/strong> dolog, mint mikor \u00e9ppen arr\u00f3l a helyr\u0151l vagy esem\u00e9nyr\u0151l <strong>nem<\/strong> <strong>tudsz<\/strong> <strong>k\u00e9pet k\u00e9sz\u00edteni<\/strong>, ami sz\u00e1modra a legszebb, legmeghat\u00e1roz\u00f3bb\u00a0lenne.<\/p>\n<p>A p\u00f3taksi mellett fontos kell\u00e9k lehet a <strong>plusz mem\u00f3riak\u00e1rtya<\/strong>. \u00cdgy legal\u00e1bb nem kell azzal vacakolnod, hogy a kev\u00e9sb\u00e9 j\u00f3l siker\u00fclt fot\u00f3k k\u00f6z\u00fcl t\u00f6r\u00f6lgetni kezdj, hogy m\u00e9g p\u00e1r k\u00e9pet l\u0151hess.<\/p>\n<p>Ami pedig a legfontosabb, hogy sose indulj egy \u00fagy kir\u00e1ndulni, hogy nem t\u00f6lt\u00f6tted fel a g\u00e9ped!<\/p>\n<p>&nbsp;<\/p>\n<h2>9. Ne posztolj minden k\u00e9pet, amit aznap k\u00e9sz\u00edtett\u00e9l!<\/h2>\n<p>Biztosan van olyan ismer\u0151s\u00f6d, aki minden k\u00e9p\u00e9t azonnal felteszi valamelyik k\u00f6z\u00f6ss\u00e9gi oldalra, nem foglalkozva azzal, hogy esetleg <strong>nem t\u00fal eszt\u00e9tikus <\/strong>(\u00e9s m\u00e9g finoman fogalmaztunk). Sokan elk\u00f6vetik ezt a hib\u00e1t, hogy minden egyes k\u00e9pet posztolnak Facebook-on, id\u0151nk\u00e9nt megd\u00f6bbent\u0151 mi mindent. Ezzel azt a benyom\u00e1st keltik, hogy nem foglalkoznak azzal sem, hogy kiv\u00e1lassz\u00e1k a legmegfelel\u0151bb k\u00e9pet.<\/p>\n<p><strong>Sz\u00e1nj id\u0151t<\/strong> arra, hogy a sz\u00e1modra legkedvesebb \u00e9s legjobb k\u00e9p ker\u00fclj\u00f6n a k\u00f6z\u00f6ss\u00e9gi oldalakra. Hiszen ma m\u00e1r az internetnek k\u00f6sz\u00f6nhet\u0151en rengeteg fel\u00fcleten meg tudod osztani a k\u00e9peidet, \u00e9s \u00f3hatatlanul is, a <em>k\u00e9pek alapj\u00e1n \u00edt\u00e9lnek<\/em> meg. Az sem mell\u00e9kes szempont, hogy <strong>m\u00e1sok \u00f6r\u00f6m\u00e9re is<\/strong> k\u00e9sz\u00edtheted \u0151ket.<\/p>\n<p>&nbsp;<\/p>\n<div class=\"su-box su-box-style-default\" id=\"\" style=\"border-color:#360f0f;border-radius:3px;max-width:none\"><div class=\"su-box-title\" style=\"background-color:#694242;color:#FFFFFF;border-top-left-radius:1px;border-top-right-radius:1px\">Digit\u00e1lis Fot\u00f3kidolgoz\u00e1s a T\u00f6r\u00f6kFot\u00f3n\u00e1l<\/div><div class=\"su-box-content su-u-clearfix su-u-trim\" style=\"border-bottom-left-radius:1px;border-bottom-right-radius:1px\">\n<p>Min\u00e9l el\u0151bb szeretn\u00e9d bekeretezni a legjobb fot\u00f3idat? Akkor <a href=\"http:\/\/www.torokfoto.hu\/termekek\/fotokidolgozas\" target=\"_blank\">h\u00edvasd el\u0151<\/a>\u00a0\u0151ket a <a href=\"http:\/\/www.torokfoto.hu\/\" target=\"_blank\">T\u00f6r\u00f6kFot\u00f3<\/a>n\u00e1l, ak\u00e1r egy nap alatt!\u00a0<\/div><\/div>\n<p>&nbsp;<\/p>\n<h2>10. Mindig pr\u00f3b\u00e1lj ki \u00faj dolgokat!<\/h2>\n<p>A m\u00e1r <strong>bev\u00e1lt<\/strong> <strong>m\u00f3dszerek<\/strong> term\u00e9szetesen egyfajta magabiztoss\u00e1got is adnak, de <strong>ne ragadj le!<\/strong> <strong>Pr\u00f3b\u00e1lj ki \u00faj tippeket!<\/strong> Az \u00faj kih\u00edv\u00e1s <strong>inspir\u00e1l\u00f3<\/strong> lehet sz\u00e1modra \u00e9s lehet, hogy m\u00e9g jobb fot\u00f3kat k\u00e9sz\u00edtesz, mint el\u0151tte b\u00e1rmikor.<\/p>\n<p>&nbsp;<\/p>\n<h2>+1. Haszn\u00e1ld a fot\u00f3id!<\/h2>\n<p>Amellett, hogy a <strong>digit\u00e1lis<\/strong> <strong>vil\u00e1gunk<\/strong> lehet\u0151v\u00e9 teszi a gyors posztol\u00e1st \u00e9s azt, hogy a k\u00e9peidet azonnal k\u00f6zz\u00e9 tedd, sajnos, egy hatalmas <strong>h\u00e1tr\u00e1nnyal<\/strong> is j\u00e1r. M\u00e9gpedig azzal, hogy egyre kevesebben h\u00edvatj\u00e1k el\u0151 a fot\u00f3ikat. Az emberek t\u00f6bbs\u00e9ge csak megosztja, posztolja a fot\u00f3it\u00a0\u00e9s egy id\u0151 ut\u00e1n azok <strong>elvesznek<\/strong> az \u00e9terben.<\/p>\n<p>Pedig <a href=\"http:\/\/www.torokfoto.hu\/blog\/tippek-hogyan-dekorald-a-lakasod-a-fotoiddal\/\" target=\"_blank\">a fot\u00f3kkal feldobhatod az otthonod<\/a>, kedves eml\u00e9kekkel veheted k\u00f6r\u00fcl magad \u00e9s <strong>otthonos<\/strong> <strong>atmoszf\u00e9r\u00e1t<\/strong> k\u00f6lcs\u00f6n\u00f6zhetsz a <strong>lak\u00e1sodnak<\/strong>.<\/p>\n<p>&nbsp;<\/p>\n<p>&nbsp;<\/p>\n<p>&nbsp;<\/p>\n<p>K\u00f6vess minket tov\u00e1bbi fot\u00f3z\u00e1ssal kapcsolatos \u00f6tletek\u00e9rt ak\u00e1r <a href=\"http:\/\/www.torokfoto.hu\/blog\/\" target=\"_blank\">itt<\/a>, ak\u00e1r\u00a0<a href=\"https:\/\/www.facebook.com\/torokfoto?fref=ts\" target=\"_blank\">Facebookon<\/a>!<\/p>\n<p>&nbsp;<\/p>\n<p>&nbsp;<\/p>\n<p>&nbsp;<\/p>\n<p>&nbsp;<\/p>\n<p>&nbsp;<\/p>\n<p>&nbsp;<\/p>\n<p>&nbsp;<\/p>\n<h2><\/h2>\n<h2><\/h2>\n<h2><\/h2>\n<p>&nbsp;<\/p>\n<h2><\/h2>\n<p>&nbsp;<\/p>\n<p>&nbsp;<\/p>\n<p>&nbsp;<\/p>\n<p>&nbsp;<\/p>\n<p>&nbsp;<\/p>\n<p>&nbsp;<\/p>\n","protected":false},"excerpt":{"rendered":"<p>&nbsp; Ahhoz, hogy j\u00f3 fot\u00f3s v\u00e1ljon bel\u0151led,\u00a0nem el\u00e9g egy nap! Az\u00e9rt nem kell megijedni. Senki sem sz\u00fcletik \u00fagy, hogy m\u00e1r mindent tud a fot\u00f3z\u00e1sr\u00f3l, viszont a k\u00f6vetkez\u0151 tippek betart\u00e1s\u00e1val gyorsan \u00e9s hat\u00e9konyan elker\u00fclheted a leggyakoribb fot\u00f3s bakikat. \u00a0Csak egy kis id\u0151re \u00e9s n\u00e9mi gyakorl\u00e1sra van sz\u00fcks\u00e9ged. Magad is l\u00e1thatod majd mennyit fejl\u0151dhetsz, ha bizonyos alapszab\u00e1lyokat [&hellip;]<\/p>\n","protected":false},"author":1,"featured_media":0,"comment_status":"closed","ping_status":"closed","sticky":false,"template":"","format":"standard","meta":{"footnotes":""},"categories":[1],"tags":[6],"class_list":["post-43","post","type-post","status-publish","format-standard","hentry","category-egyeb","tag-fotozas"],"yoast_head":"<!-- This site is optimized with the Yoast SEO plugin v27.5 - https:\/\/yoast.com\/product\/yoast-seo-wordpress\/ -->\n<title>10 tipp: a fot\u00f3z\u00e1s tedd &amp; ne tedd list\u00e1ja! - T\u00f6r\u00f6kFot\u00f3 Blog<\/title>\n<meta name=\"robots\" content=\"index, follow, max-snippet:-1, max-image-preview:large, max-video-preview:-1\" \/>\n<link rel=\"canonical\" href=\"http:\/\/www.torokfoto.hu\/blog\/10-tipp-a-fotozas-tedd-ne-tedd-listaja\/\" \/>\n<meta property=\"og:locale\" content=\"hu_HU\" \/>\n<meta property=\"og:type\" content=\"article\" \/>\n<meta property=\"og:title\" content=\"10 tipp: a fot\u00f3z\u00e1s tedd &amp; ne tedd list\u00e1ja! - T\u00f6r\u00f6kFot\u00f3 Blog\" \/>\n<meta property=\"og:description\" content=\"&nbsp; Ahhoz, hogy j\u00f3 fot\u00f3s v\u00e1ljon bel\u0151led,\u00a0nem el\u00e9g egy nap! Az\u00e9rt nem kell megijedni. Senki sem sz\u00fcletik \u00fagy, hogy m\u00e1r mindent tud a fot\u00f3z\u00e1sr\u00f3l, viszont a k\u00f6vetkez\u0151 tippek betart\u00e1s\u00e1val gyorsan \u00e9s hat\u00e9konyan elker\u00fclheted a leggyakoribb fot\u00f3s bakikat. \u00a0Csak egy kis id\u0151re \u00e9s n\u00e9mi gyakorl\u00e1sra van sz\u00fcks\u00e9ged. Magad is l\u00e1thatod majd mennyit fejl\u0151dhetsz, ha bizonyos alapszab\u00e1lyokat [&hellip;]\" \/>\n<meta property=\"og:url\" content=\"http:\/\/www.torokfoto.hu\/blog\/10-tipp-a-fotozas-tedd-ne-tedd-listaja\/\" \/>\n<meta property=\"og:site_name\" content=\"T\u00f6r\u00f6kFot\u00f3 Blog\" \/>\n<meta property=\"article:publisher\" content=\"https:\/\/www.facebook.com\/torokfoto\" \/>\n<meta property=\"article:published_time\" content=\"2015-08-12T08:00:47+00:00\" \/>\n<meta property=\"article:modified_time\" content=\"2020-01-08T11:42:04+00:00\" \/>\n<meta property=\"og:image\" content=\"http:\/\/www.torokfoto.hu\/blog\/wp-content\/uploads\/2015\/07\/napos.jpg\" \/>\n<meta name=\"author\" content=\"torokfoto\" \/>\n<meta name=\"twitter:label1\" content=\"Written by\" \/>\n\t<meta name=\"twitter:data1\" content=\"torokfoto\" \/>\n\t<meta name=\"twitter:label2\" content=\"Est. reading time\" \/>\n\t<meta name=\"twitter:data2\" content=\"8 perc\" \/>\n<script type=\"application\/ld+json\" class=\"yoast-schema-graph\">{\"@context\":\"https:\\\/\\\/schema.org\",\"@graph\":[{\"@type\":\"Article\",\"@id\":\"http:\\\/\\\/www.torokfoto.hu\\\/blog\\\/10-tipp-a-fotozas-tedd-ne-tedd-listaja\\\/#article\",\"isPartOf\":{\"@id\":\"http:\\\/\\\/www.torokfoto.hu\\\/blog\\\/10-tipp-a-fotozas-tedd-ne-tedd-listaja\\\/\"},\"author\":{\"name\":\"torokfoto\",\"@id\":\"http:\\\/\\\/www.torokfoto.hu\\\/blog\\\/#\\\/schema\\\/person\\\/15db174b0b57e6cb37c4b90725399434\"},\"headline\":\"10 tipp: a fot\u00f3z\u00e1s tedd &#038; ne tedd list\u00e1ja!\",\"datePublished\":\"2015-08-12T08:00:47+00:00\",\"dateModified\":\"2020-01-08T11:42:04+00:00\",\"mainEntityOfPage\":{\"@id\":\"http:\\\/\\\/www.torokfoto.hu\\\/blog\\\/10-tipp-a-fotozas-tedd-ne-tedd-listaja\\\/\"},\"wordCount\":1644,\"image\":{\"@id\":\"http:\\\/\\\/www.torokfoto.hu\\\/blog\\\/10-tipp-a-fotozas-tedd-ne-tedd-listaja\\\/#primaryimage\"},\"thumbnailUrl\":\"http:\\\/\\\/www.torokfoto.hu\\\/blog\\\/wp-content\\\/uploads\\\/2015\\\/07\\\/napos.jpg\",\"keywords\":[\"fot\u00f3z\u00e1s\"],\"articleSection\":[\"Egy\u00e9b\"],\"inLanguage\":\"hu\"},{\"@type\":\"WebPage\",\"@id\":\"http:\\\/\\\/www.torokfoto.hu\\\/blog\\\/10-tipp-a-fotozas-tedd-ne-tedd-listaja\\\/\",\"url\":\"http:\\\/\\\/www.torokfoto.hu\\\/blog\\\/10-tipp-a-fotozas-tedd-ne-tedd-listaja\\\/\",\"name\":\"10 tipp: a fot\u00f3z\u00e1s tedd & ne tedd list\u00e1ja! - T\u00f6r\u00f6kFot\u00f3 Blog\",\"isPartOf\":{\"@id\":\"http:\\\/\\\/www.torokfoto.hu\\\/blog\\\/#website\"},\"primaryImageOfPage\":{\"@id\":\"http:\\\/\\\/www.torokfoto.hu\\\/blog\\\/10-tipp-a-fotozas-tedd-ne-tedd-listaja\\\/#primaryimage\"},\"image\":{\"@id\":\"http:\\\/\\\/www.torokfoto.hu\\\/blog\\\/10-tipp-a-fotozas-tedd-ne-tedd-listaja\\\/#primaryimage\"},\"thumbnailUrl\":\"http:\\\/\\\/www.torokfoto.hu\\\/blog\\\/wp-content\\\/uploads\\\/2015\\\/07\\\/napos.jpg\",\"datePublished\":\"2015-08-12T08:00:47+00:00\",\"dateModified\":\"2020-01-08T11:42:04+00:00\",\"author\":{\"@id\":\"http:\\\/\\\/www.torokfoto.hu\\\/blog\\\/#\\\/schema\\\/person\\\/15db174b0b57e6cb37c4b90725399434\"},\"breadcrumb\":{\"@id\":\"http:\\\/\\\/www.torokfoto.hu\\\/blog\\\/10-tipp-a-fotozas-tedd-ne-tedd-listaja\\\/#breadcrumb\"},\"inLanguage\":\"hu\",\"potentialAction\":[{\"@type\":\"ReadAction\",\"target\":[\"http:\\\/\\\/www.torokfoto.hu\\\/blog\\\/10-tipp-a-fotozas-tedd-ne-tedd-listaja\\\/\"]}]},{\"@type\":\"ImageObject\",\"inLanguage\":\"hu\",\"@id\":\"http:\\\/\\\/www.torokfoto.hu\\\/blog\\\/10-tipp-a-fotozas-tedd-ne-tedd-listaja\\\/#primaryimage\",\"url\":\"http:\\\/\\\/www.torokfoto.hu\\\/blog\\\/wp-content\\\/uploads\\\/2015\\\/07\\\/napos.jpg\",\"contentUrl\":\"http:\\\/\\\/www.torokfoto.hu\\\/blog\\\/wp-content\\\/uploads\\\/2015\\\/07\\\/napos.jpg\",\"width\":800,\"height\":641},{\"@type\":\"BreadcrumbList\",\"@id\":\"http:\\\/\\\/www.torokfoto.hu\\\/blog\\\/10-tipp-a-fotozas-tedd-ne-tedd-listaja\\\/#breadcrumb\",\"itemListElement\":[{\"@type\":\"ListItem\",\"position\":1,\"name\":\"Home\",\"item\":\"http:\\\/\\\/www.torokfoto.hu\\\/blog\\\/\"},{\"@type\":\"ListItem\",\"position\":2,\"name\":\"10 tipp: a fot\u00f3z\u00e1s tedd &#038; ne tedd list\u00e1ja!\"}]},{\"@type\":\"WebSite\",\"@id\":\"http:\\\/\\\/www.torokfoto.hu\\\/blog\\\/#website\",\"url\":\"http:\\\/\\\/www.torokfoto.hu\\\/blog\\\/\",\"name\":\"T\u00f6r\u00f6kFot\u00f3 Blog\",\"description\":\"T\u00f6r\u00f6kFot\u00f3 Blog\",\"potentialAction\":[{\"@type\":\"SearchAction\",\"target\":{\"@type\":\"EntryPoint\",\"urlTemplate\":\"http:\\\/\\\/www.torokfoto.hu\\\/blog\\\/?s={search_term_string}\"},\"query-input\":{\"@type\":\"PropertyValueSpecification\",\"valueRequired\":true,\"valueName\":\"search_term_string\"}}],\"inLanguage\":\"hu\"},{\"@type\":\"Person\",\"@id\":\"http:\\\/\\\/www.torokfoto.hu\\\/blog\\\/#\\\/schema\\\/person\\\/15db174b0b57e6cb37c4b90725399434\",\"name\":\"torokfoto\",\"image\":{\"@type\":\"ImageObject\",\"inLanguage\":\"hu\",\"@id\":\"https:\\\/\\\/secure.gravatar.com\\\/avatar\\\/84a893069261eb70289981cdfa31eafab34feeb3148b57a67c28f3f3d8bc3a30?s=96&d=mm&r=g\",\"url\":\"https:\\\/\\\/secure.gravatar.com\\\/avatar\\\/84a893069261eb70289981cdfa31eafab34feeb3148b57a67c28f3f3d8bc3a30?s=96&d=mm&r=g\",\"contentUrl\":\"https:\\\/\\\/secure.gravatar.com\\\/avatar\\\/84a893069261eb70289981cdfa31eafab34feeb3148b57a67c28f3f3d8bc3a30?s=96&d=mm&r=g\",\"caption\":\"torokfoto\"},\"url\":\"http:\\\/\\\/www.torokfoto.hu\\\/blog\\\/author\\\/torokfoto\\\/\"}]}<\/script>\n<!-- \/ Yoast SEO plugin. -->","yoast_head_json":{"title":"10 tipp: a fot\u00f3z\u00e1s tedd & ne tedd list\u00e1ja! - T\u00f6r\u00f6kFot\u00f3 Blog","robots":{"index":"index","follow":"follow","max-snippet":"max-snippet:-1","max-image-preview":"max-image-preview:large","max-video-preview":"max-video-preview:-1"},"canonical":"http:\/\/www.torokfoto.hu\/blog\/10-tipp-a-fotozas-tedd-ne-tedd-listaja\/","og_locale":"hu_HU","og_type":"article","og_title":"10 tipp: a fot\u00f3z\u00e1s tedd & ne tedd list\u00e1ja! - T\u00f6r\u00f6kFot\u00f3 Blog","og_description":"&nbsp; Ahhoz, hogy j\u00f3 fot\u00f3s v\u00e1ljon bel\u0151led,\u00a0nem el\u00e9g egy nap! Az\u00e9rt nem kell megijedni. Senki sem sz\u00fcletik \u00fagy, hogy m\u00e1r mindent tud a fot\u00f3z\u00e1sr\u00f3l, viszont a k\u00f6vetkez\u0151 tippek betart\u00e1s\u00e1val gyorsan \u00e9s hat\u00e9konyan elker\u00fclheted a leggyakoribb fot\u00f3s bakikat. \u00a0Csak egy kis id\u0151re \u00e9s n\u00e9mi gyakorl\u00e1sra van sz\u00fcks\u00e9ged. Magad is l\u00e1thatod majd mennyit fejl\u0151dhetsz, ha bizonyos alapszab\u00e1lyokat [&hellip;]","og_url":"http:\/\/www.torokfoto.hu\/blog\/10-tipp-a-fotozas-tedd-ne-tedd-listaja\/","og_site_name":"T\u00f6r\u00f6kFot\u00f3 Blog","article_publisher":"https:\/\/www.facebook.com\/torokfoto","article_published_time":"2015-08-12T08:00:47+00:00","article_modified_time":"2020-01-08T11:42:04+00:00","og_image":[{"url":"http:\/\/www.torokfoto.hu\/blog\/wp-content\/uploads\/2015\/07\/napos.jpg","type":"","width":"","height":""}],"author":"torokfoto","twitter_misc":{"Written by":"torokfoto","Est. reading time":"8 perc"},"schema":{"@context":"https:\/\/schema.org","@graph":[{"@type":"Article","@id":"http:\/\/www.torokfoto.hu\/blog\/10-tipp-a-fotozas-tedd-ne-tedd-listaja\/#article","isPartOf":{"@id":"http:\/\/www.torokfoto.hu\/blog\/10-tipp-a-fotozas-tedd-ne-tedd-listaja\/"},"author":{"name":"torokfoto","@id":"http:\/\/www.torokfoto.hu\/blog\/#\/schema\/person\/15db174b0b57e6cb37c4b90725399434"},"headline":"10 tipp: a fot\u00f3z\u00e1s tedd &#038; ne tedd list\u00e1ja!","datePublished":"2015-08-12T08:00:47+00:00","dateModified":"2020-01-08T11:42:04+00:00","mainEntityOfPage":{"@id":"http:\/\/www.torokfoto.hu\/blog\/10-tipp-a-fotozas-tedd-ne-tedd-listaja\/"},"wordCount":1644,"image":{"@id":"http:\/\/www.torokfoto.hu\/blog\/10-tipp-a-fotozas-tedd-ne-tedd-listaja\/#primaryimage"},"thumbnailUrl":"http:\/\/www.torokfoto.hu\/blog\/wp-content\/uploads\/2015\/07\/napos.jpg","keywords":["fot\u00f3z\u00e1s"],"articleSection":["Egy\u00e9b"],"inLanguage":"hu"},{"@type":"WebPage","@id":"http:\/\/www.torokfoto.hu\/blog\/10-tipp-a-fotozas-tedd-ne-tedd-listaja\/","url":"http:\/\/www.torokfoto.hu\/blog\/10-tipp-a-fotozas-tedd-ne-tedd-listaja\/","name":"10 tipp: a fot\u00f3z\u00e1s tedd & ne tedd list\u00e1ja! - T\u00f6r\u00f6kFot\u00f3 Blog","isPartOf":{"@id":"http:\/\/www.torokfoto.hu\/blog\/#website"},"primaryImageOfPage":{"@id":"http:\/\/www.torokfoto.hu\/blog\/10-tipp-a-fotozas-tedd-ne-tedd-listaja\/#primaryimage"},"image":{"@id":"http:\/\/www.torokfoto.hu\/blog\/10-tipp-a-fotozas-tedd-ne-tedd-listaja\/#primaryimage"},"thumbnailUrl":"http:\/\/www.torokfoto.hu\/blog\/wp-content\/uploads\/2015\/07\/napos.jpg","datePublished":"2015-08-12T08:00:47+00:00","dateModified":"2020-01-08T11:42:04+00:00","author":{"@id":"http:\/\/www.torokfoto.hu\/blog\/#\/schema\/person\/15db174b0b57e6cb37c4b90725399434"},"breadcrumb":{"@id":"http:\/\/www.torokfoto.hu\/blog\/10-tipp-a-fotozas-tedd-ne-tedd-listaja\/#breadcrumb"},"inLanguage":"hu","potentialAction":[{"@type":"ReadAction","target":["http:\/\/www.torokfoto.hu\/blog\/10-tipp-a-fotozas-tedd-ne-tedd-listaja\/"]}]},{"@type":"ImageObject","inLanguage":"hu","@id":"http:\/\/www.torokfoto.hu\/blog\/10-tipp-a-fotozas-tedd-ne-tedd-listaja\/#primaryimage","url":"http:\/\/www.torokfoto.hu\/blog\/wp-content\/uploads\/2015\/07\/napos.jpg","contentUrl":"http:\/\/www.torokfoto.hu\/blog\/wp-content\/uploads\/2015\/07\/napos.jpg","width":800,"height":641},{"@type":"BreadcrumbList","@id":"http:\/\/www.torokfoto.hu\/blog\/10-tipp-a-fotozas-tedd-ne-tedd-listaja\/#breadcrumb","itemListElement":[{"@type":"ListItem","position":1,"name":"Home","item":"http:\/\/www.torokfoto.hu\/blog\/"},{"@type":"ListItem","position":2,"name":"10 tipp: a fot\u00f3z\u00e1s tedd &#038; ne tedd list\u00e1ja!"}]},{"@type":"WebSite","@id":"http:\/\/www.torokfoto.hu\/blog\/#website","url":"http:\/\/www.torokfoto.hu\/blog\/","name":"T\u00f6r\u00f6kFot\u00f3 Blog","description":"T\u00f6r\u00f6kFot\u00f3 Blog","potentialAction":[{"@type":"SearchAction","target":{"@type":"EntryPoint","urlTemplate":"http:\/\/www.torokfoto.hu\/blog\/?s={search_term_string}"},"query-input":{"@type":"PropertyValueSpecification","valueRequired":true,"valueName":"search_term_string"}}],"inLanguage":"hu"},{"@type":"Person","@id":"http:\/\/www.torokfoto.hu\/blog\/#\/schema\/person\/15db174b0b57e6cb37c4b90725399434","name":"torokfoto","image":{"@type":"ImageObject","inLanguage":"hu","@id":"https:\/\/secure.gravatar.com\/avatar\/84a893069261eb70289981cdfa31eafab34feeb3148b57a67c28f3f3d8bc3a30?s=96&d=mm&r=g","url":"https:\/\/secure.gravatar.com\/avatar\/84a893069261eb70289981cdfa31eafab34feeb3148b57a67c28f3f3d8bc3a30?s=96&d=mm&r=g","contentUrl":"https:\/\/secure.gravatar.com\/avatar\/84a893069261eb70289981cdfa31eafab34feeb3148b57a67c28f3f3d8bc3a30?s=96&d=mm&r=g","caption":"torokfoto"},"url":"http:\/\/www.torokfoto.hu\/blog\/author\/torokfoto\/"}]}},"_links":{"self":[{"href":"http:\/\/www.torokfoto.hu\/blog\/wp-json\/wp\/v2\/posts\/43","targetHints":{"allow":["GET"]}}],"collection":[{"href":"http:\/\/www.torokfoto.hu\/blog\/wp-json\/wp\/v2\/posts"}],"about":[{"href":"http:\/\/www.torokfoto.hu\/blog\/wp-json\/wp\/v2\/types\/post"}],"author":[{"embeddable":true,"href":"http:\/\/www.torokfoto.hu\/blog\/wp-json\/wp\/v2\/users\/1"}],"replies":[{"embeddable":true,"href":"http:\/\/www.torokfoto.hu\/blog\/wp-json\/wp\/v2\/comments?post=43"}],"version-history":[{"count":37,"href":"http:\/\/www.torokfoto.hu\/blog\/wp-json\/wp\/v2\/posts\/43\/revisions"}],"predecessor-version":[{"id":530,"href":"http:\/\/www.torokfoto.hu\/blog\/wp-json\/wp\/v2\/posts\/43\/revisions\/530"}],"wp:attachment":[{"href":"http:\/\/www.torokfoto.hu\/blog\/wp-json\/wp\/v2\/media?parent=43"}],"wp:term":[{"taxonomy":"category","embeddable":true,"href":"http:\/\/www.torokfoto.hu\/blog\/wp-json\/wp\/v2\/categories?post=43"},{"taxonomy":"post_tag","embeddable":true,"href":"http:\/\/www.torokfoto.hu\/blog\/wp-json\/wp\/v2\/tags?post=43"}],"curies":[{"name":"wp","href":"https:\/\/api.w.org\/{rel}","templated":true}]}}