{"id":1764,"date":"2017-01-30T16:40:44","date_gmt":"2017-01-30T15:40:44","guid":{"rendered":"http:\/\/www.torokfoto.hu\/blog\/?p=1764"},"modified":"2020-01-08T12:41:25","modified_gmt":"2020-01-08T11:41:25","slug":"irany-a-termeszet","status":"publish","type":"post","link":"http:\/\/www.torokfoto.hu\/blog\/irany-a-termeszet\/","title":{"rendered":"Ir\u00e1ny a term\u00e9szet!"},"content":{"rendered":"<p><a href=\"http:\/\/www.torokfoto.hu\/blog\/irany-a-termeszet\/\"><img loading=\"lazy\" decoding=\"async\" class=\"aligncenter wp-image-1784 size-full\" src=\"http:\/\/www.torokfoto.hu\/blog\/wp-content\/uploads\/2017\/01\/k\u00e9p.jpg\" alt=\"k\u00e9p\" width=\"564\" height=\"565\" srcset=\"http:\/\/www.torokfoto.hu\/blog\/wp-content\/uploads\/2017\/01\/k\u00e9p.jpg 564w, http:\/\/www.torokfoto.hu\/blog\/wp-content\/uploads\/2017\/01\/k\u00e9p-150x150.jpg 150w, http:\/\/www.torokfoto.hu\/blog\/wp-content\/uploads\/2017\/01\/k\u00e9p-300x300.jpg 300w, http:\/\/www.torokfoto.hu\/blog\/wp-content\/uploads\/2017\/01\/k\u00e9p-60x60.jpg 60w\" sizes=\"auto, (max-width: 564px) 100vw, 564px\" \/><\/a><\/p>\n<p>Ebben a hideg, fagyos id\u0151ben <strong>csod\u00e1san alkalmunk ny\u00edlik sz\u00e9p t\u00e9li fot\u00f3k k\u00e9sz\u00edt\u00e9s\u00e9re<\/strong>. Ne gub\u00f3zzunk be h\u00e9tv\u00e9g\u00e9n, hanem ir\u00e1ny a szabad, p\u00f3taksival \u00e9s termosszal a t\u00e1sk\u00e1nkban! \ud83d\ude42 A cikk\u00fcnkben olyan helyeket mutatunk meg, ahov\u00e1 \u00e9rdemes t\u00e9len ell\u00e1togatni, ak\u00e1r egy hossz\u00fa h\u00e9tv\u00e9g\u00e9s kikapcsol\u00f3d\u00e1s alkalm\u00e1val is. \u00cdme&#8230;<\/p>\n<p><!--more--><\/p>\n<p>&nbsp;<\/p>\n<h3>B\u00f6rzs\u00f6ny<\/h3>\n<p>A B\u00f6rzs\u00f6ny harmadik legmagasabb hegycs\u00facsa a <strong>Nagy-Hideg-hegy<\/strong>, a <strong>Duna-Ipoly Nemzeti Park<\/strong> ter\u00fclet\u00e9n fekszik. A 864 m\u00e9ter magas hegy t\u00e9len is n\u00e9pszer\u0171, a t\u00fara\u00fatvonalak a Kir\u00e1lyr\u00e9tr\u0151l indulnak. Viszont nagyon fontos, hogy <strong>alaposan fel\u00f6lt\u00f6zz\u00fcnk<\/strong>, \u00e9s mindig legyen n\u00e1lunk termosz, ha lehet meleg te\u00e1val.<\/p>\n<p><a href=\"http:\/\/www.torokfoto.hu\/blog\/wp-content\/uploads\/2017\/01\/B\u00f6rzs\u00f6ny.jpg\"><img loading=\"lazy\" decoding=\"async\" class=\"aligncenter size-full wp-image-1774\" src=\"http:\/\/www.torokfoto.hu\/blog\/wp-content\/uploads\/2017\/01\/B\u00f6rzs\u00f6ny.jpg\" alt=\"B\u00f6rzs\u00f6ny\" width=\"800\" height=\"600\" srcset=\"http:\/\/www.torokfoto.hu\/blog\/wp-content\/uploads\/2017\/01\/B\u00f6rzs\u00f6ny.jpg 800w, http:\/\/www.torokfoto.hu\/blog\/wp-content\/uploads\/2017\/01\/B\u00f6rzs\u00f6ny-300x225.jpg 300w\" sizes=\"auto, (max-width: 800px) 100vw, 800px\" \/><\/a><\/p>\n<p>&nbsp;<\/p>\n<p style=\"text-align: justify;\"><div class=\"su-box su-box-style-default\" id=\"\" style=\"border-color:#360f0f;border-radius:3px;max-width:none\"><div class=\"su-box-title\" style=\"background-color:#694242;color:#FFFFFF;border-top-left-radius:1px;border-top-right-radius:1px\">Fot\u00f3kidolgoz\u00e1s a T\u00f6r\u00f6kfot\u00f3n\u00e1l!<\/div><div class=\"su-box-content su-u-clearfix su-u-trim\" style=\"border-bottom-left-radius:1px;border-bottom-right-radius:1px\">\n<ul style=\"text-align: justify;\">\n<li>Online felt\u00f6lt\u00e9s (mobilr\u00f3l is!)<\/li>\n<li>Orsz\u00e1gos kisz\u00e1ll\u00edt\u00e1s<\/li>\n<li>Alkalomhoz ill\u0151 sablonok<\/li>\n<li>Cs\u00facsmin\u0151s\u00e9g<\/li>\n<\/ul>\n<p style=\"text-align: justify;\">Mindezt biztos\u00edtja sz\u00e1modra a <a href=\"http:\/\/www.torokfoto.hu\/termekek\/fotokidolgozas\" target=\"_blank\">T\u00f6r\u00f6kfot\u00f3<\/a>\u00a0Miskolcr\u00f3l!<\/p>\n<p style=\"text-align: justify;\"><\/div><\/div>\n<p>&nbsp;<\/p>\n<h3>Velencei-t\u00f3<\/h3>\n<p>Nem csak ny\u00e1ron, hanem <strong>t\u00e9len is<\/strong> rengeteg l\u00e1togat\u00f3t vonz a <strong>Velencei-t\u00f3<\/strong>. A befagyott tavon lehet\u0151s\u00e9g ny\u00edlik a <strong>korcsoly\u00e1z\u00e1sra<\/strong>, cs\u00faszk\u00e1l\u00e1sra, de \u00e9ppen <strong>fakuty\u00e1t<\/strong> is b\u00e9relhet\u00fcnk ha ahhoz van kedv\u00fcnk. A strandok ilyenkor ism\u00e9t igaz\u00e1n ny\u00fczsg\u0151v\u00e9 v\u00e1lnak, tele vannak \u00e9lettel. Nem mindennapi \u00e9letk\u00e9peket k\u00e9sz\u00edthet\u00fcnk.<\/p>\n<div id='gallery-1' class='gallery galleryid-1764 gallery-columns-2 gallery-size-medium'><figure class='gallery-item'>\n\t\t\t<div class='gallery-icon landscape'>\n\t\t\t\t<img loading=\"lazy\" decoding=\"async\" width=\"300\" height=\"300\" src=\"http:\/\/www.torokfoto.hu\/blog\/wp-content\/uploads\/2017\/01\/velencei-t\u00f3.3-300x300.jpg\" class=\"attachment-medium size-medium\" alt=\"\" srcset=\"http:\/\/www.torokfoto.hu\/blog\/wp-content\/uploads\/2017\/01\/velencei-t\u00f3.3-300x300.jpg 300w, http:\/\/www.torokfoto.hu\/blog\/wp-content\/uploads\/2017\/01\/velencei-t\u00f3.3-150x150.jpg 150w, http:\/\/www.torokfoto.hu\/blog\/wp-content\/uploads\/2017\/01\/velencei-t\u00f3.3-60x60.jpg 60w, http:\/\/www.torokfoto.hu\/blog\/wp-content\/uploads\/2017\/01\/velencei-t\u00f3.3.jpg 960w\" sizes=\"auto, (max-width: 300px) 100vw, 300px\" \/>\n\t\t\t<\/div><\/figure><figure class='gallery-item'>\n\t\t\t<div class='gallery-icon landscape'>\n\t\t\t\t<img loading=\"lazy\" decoding=\"async\" width=\"300\" height=\"300\" src=\"http:\/\/www.torokfoto.hu\/blog\/wp-content\/uploads\/2017\/01\/velencei-t\u00f32-300x300.jpg\" class=\"attachment-medium size-medium\" alt=\"\" srcset=\"http:\/\/www.torokfoto.hu\/blog\/wp-content\/uploads\/2017\/01\/velencei-t\u00f32-300x300.jpg 300w, http:\/\/www.torokfoto.hu\/blog\/wp-content\/uploads\/2017\/01\/velencei-t\u00f32-150x150.jpg 150w, http:\/\/www.torokfoto.hu\/blog\/wp-content\/uploads\/2017\/01\/velencei-t\u00f32-60x60.jpg 60w, http:\/\/www.torokfoto.hu\/blog\/wp-content\/uploads\/2017\/01\/velencei-t\u00f32.jpg 960w\" sizes=\"auto, (max-width: 300px) 100vw, 300px\" \/>\n\t\t\t<\/div><\/figure><figure class='gallery-item'>\n\t\t\t<div class='gallery-icon landscape'>\n\t\t\t\t<img loading=\"lazy\" decoding=\"async\" width=\"300\" height=\"300\" src=\"http:\/\/www.torokfoto.hu\/blog\/wp-content\/uploads\/2017\/01\/velencei-t\u00f3.4-300x300.jpg\" class=\"attachment-medium size-medium\" alt=\"\" srcset=\"http:\/\/www.torokfoto.hu\/blog\/wp-content\/uploads\/2017\/01\/velencei-t\u00f3.4-300x300.jpg 300w, http:\/\/www.torokfoto.hu\/blog\/wp-content\/uploads\/2017\/01\/velencei-t\u00f3.4-150x150.jpg 150w, http:\/\/www.torokfoto.hu\/blog\/wp-content\/uploads\/2017\/01\/velencei-t\u00f3.4-60x60.jpg 60w, http:\/\/www.torokfoto.hu\/blog\/wp-content\/uploads\/2017\/01\/velencei-t\u00f3.4.jpg 960w\" sizes=\"auto, (max-width: 300px) 100vw, 300px\" \/>\n\t\t\t<\/div><\/figure><figure class='gallery-item'>\n\t\t\t<div class='gallery-icon landscape'>\n\t\t\t\t<img loading=\"lazy\" decoding=\"async\" width=\"300\" height=\"300\" src=\"http:\/\/www.torokfoto.hu\/blog\/wp-content\/uploads\/2017\/01\/velencei-t\u00f3-300x300.jpg\" class=\"attachment-medium size-medium\" alt=\"\" srcset=\"http:\/\/www.torokfoto.hu\/blog\/wp-content\/uploads\/2017\/01\/velencei-t\u00f3-300x300.jpg 300w, http:\/\/www.torokfoto.hu\/blog\/wp-content\/uploads\/2017\/01\/velencei-t\u00f3-150x150.jpg 150w, http:\/\/www.torokfoto.hu\/blog\/wp-content\/uploads\/2017\/01\/velencei-t\u00f3-60x60.jpg 60w, http:\/\/www.torokfoto.hu\/blog\/wp-content\/uploads\/2017\/01\/velencei-t\u00f3.jpg 960w\" sizes=\"auto, (max-width: 300px) 100vw, 300px\" \/>\n\t\t\t<\/div><\/figure>\n\t\t<\/div>\n\n<p>&nbsp;<\/p>\n<h3>Zempl\u00e9n, Magas-hegy<\/h3>\n<p>A t\u00e9li sportok szerelmeseinek egy igazi \u00e1lom, <strong>s\u00ed-, korcsolya- \u00e9s sz\u00e1nk\u00f3p\u00e1lya<\/strong> is tal\u00e1lhat\u00f3 itt. T\u00e9len \u00e9s ny\u00e1ron is m\u0171k\u00f6d\u0151 <strong>bobp\u00e1lya<\/strong> \u00e9s m\u00e9g <strong>h\u00f3f\u00e1nkp\u00e1lya<\/strong> is m\u0171k\u00f6dik. \ud83d\ude42 Term\u00e9szetesen itt is \u00e9rdemes az erd\u0151kben <strong>kir\u00e1ndul\u00e1sokat<\/strong> tenni, hiszen a hegy tetej\u00e9r\u0151l csod\u00e1s kil\u00e1t\u00e1s ny\u00edlik a v\u00f6lgyre, a havas S\u00e1toralja\u00fajhelyre, Hegyalj\u00e1ra \u00e9s a Bodrogk\u00f6zre.<\/p>\n<p><a href=\"http:\/\/www.torokfoto.hu\/blog\/wp-content\/uploads\/2017\/01\/magas-hegy-zempl\u00e9n.jpg\"><img loading=\"lazy\" decoding=\"async\" class=\"aligncenter size-full wp-image-1780\" src=\"http:\/\/www.torokfoto.hu\/blog\/wp-content\/uploads\/2017\/01\/magas-hegy-zempl\u00e9n.jpg\" alt=\"magas hegy zempl\u00e9n\" width=\"640\" height=\"442\" srcset=\"http:\/\/www.torokfoto.hu\/blog\/wp-content\/uploads\/2017\/01\/magas-hegy-zempl\u00e9n.jpg 640w, http:\/\/www.torokfoto.hu\/blog\/wp-content\/uploads\/2017\/01\/magas-hegy-zempl\u00e9n-300x207.jpg 300w\" sizes=\"auto, (max-width: 640px) 100vw, 640px\" \/><\/a><\/p>\n<p style=\"text-align: justify;\"><div class=\"su-box su-box-style-default\" id=\"\" style=\"border-color:#360f0f;border-radius:3px;max-width:none\"><div class=\"su-box-title\" style=\"background-color:#694242;color:#FFFFFF;border-top-left-radius:1px;border-top-right-radius:1px\">Fot\u00f3kidolgoz\u00e1s a T\u00f6r\u00f6kfot\u00f3n\u00e1l!<\/div><div class=\"su-box-content su-u-clearfix su-u-trim\" style=\"border-bottom-left-radius:1px;border-bottom-right-radius:1px\">\n<ul style=\"text-align: justify;\">\n<li>Online felt\u00f6lt\u00e9s (mobilr\u00f3l is!)<\/li>\n<li>Orsz\u00e1gos kisz\u00e1ll\u00edt\u00e1s<\/li>\n<li>Alkalomhoz ill\u0151 sablonok<\/li>\n<li>Cs\u00facsmin\u0151s\u00e9g<\/li>\n<\/ul>\n<p style=\"text-align: justify;\">Mindezt biztos\u00edtja sz\u00e1modra a <a href=\"http:\/\/www.torokfoto.hu\/termekek\/fotokidolgozas\" target=\"_blank\">T\u00f6r\u00f6kfot\u00f3<\/a>\u00a0Miskolcr\u00f3l!<\/p>\n<p style=\"text-align: justify;\"><\/div><\/div>\n<p>&nbsp;<\/p>\n<h3>Dobog\u00f3k\u0151<\/h3>\n<p>A <strong>Duna-Ipoly Nemzeti Park<\/strong> ter\u00fclt\u00e9n, a Pilisben fekszik Dobog\u00f3k\u0151.\u00a0A Visegr\u00e1di-hegys\u00e9g legmagasabb cs\u00facsa kedvelt <strong>kir\u00e1ndul\u00f3hely<\/strong>. Emellett lehet\u0151s\u00e9get k\u00edn\u00e1l a <strong>s\u00edel\u00e9sre<\/strong> is. A turista\u00fatvonalak j\u00f3l ki\u00e9p\u00edtettek \u00edgy k\u00f6nnyed t\u00e9li <strong>s\u00e9t\u00e1kat<\/strong> tehet\u00fcnk az <strong>erd\u0151ben<\/strong>. Tiszta id\u0151ben a kil\u00e1t\u00e1s pazar l\u00e1tv\u00e1nyt ny\u00fajt.<\/p>\n<div id='gallery-2' class='gallery galleryid-1764 gallery-columns-3 gallery-size-medium'><figure class='gallery-item'>\n\t\t\t<div class='gallery-icon landscape'>\n\t\t\t\t<a href='http:\/\/www.torokfoto.hu\/blog\/irany-a-termeszet\/dobogoko\/'><img loading=\"lazy\" decoding=\"async\" width=\"300\" height=\"225\" src=\"http:\/\/www.torokfoto.hu\/blog\/wp-content\/uploads\/2017\/01\/dobog\u00f3k\u0151-300x225.jpg\" class=\"attachment-medium size-medium\" alt=\"\" srcset=\"http:\/\/www.torokfoto.hu\/blog\/wp-content\/uploads\/2017\/01\/dobog\u00f3k\u0151-300x225.jpg 300w, http:\/\/www.torokfoto.hu\/blog\/wp-content\/uploads\/2017\/01\/dobog\u00f3k\u0151-1024x768.jpg 1024w, http:\/\/www.torokfoto.hu\/blog\/wp-content\/uploads\/2017\/01\/dobog\u00f3k\u0151.jpg 1280w\" sizes=\"auto, (max-width: 300px) 100vw, 300px\" \/><\/a>\n\t\t\t<\/div><\/figure><figure class='gallery-item'>\n\t\t\t<div class='gallery-icon landscape'>\n\t\t\t\t<a href='http:\/\/www.torokfoto.hu\/blog\/irany-a-termeszet\/dobogoko2\/'><img loading=\"lazy\" decoding=\"async\" width=\"300\" height=\"231\" src=\"http:\/\/www.torokfoto.hu\/blog\/wp-content\/uploads\/2017\/01\/dobog\u00f3k\u01512-300x231.jpg\" class=\"attachment-medium size-medium\" alt=\"\" srcset=\"http:\/\/www.torokfoto.hu\/blog\/wp-content\/uploads\/2017\/01\/dobog\u00f3k\u01512-300x231.jpg 300w, http:\/\/www.torokfoto.hu\/blog\/wp-content\/uploads\/2017\/01\/dobog\u00f3k\u01512.jpg 618w\" sizes=\"auto, (max-width: 300px) 100vw, 300px\" \/><\/a>\n\t\t\t<\/div><\/figure><figure class='gallery-item'>\n\t\t\t<div class='gallery-icon landscape'>\n\t\t\t\t<a href='http:\/\/www.torokfoto.hu\/blog\/irany-a-termeszet\/dob\/'><img loading=\"lazy\" decoding=\"async\" width=\"300\" height=\"225\" src=\"http:\/\/www.torokfoto.hu\/blog\/wp-content\/uploads\/2017\/01\/dob-300x225.jpg\" class=\"attachment-medium size-medium\" alt=\"\" srcset=\"http:\/\/www.torokfoto.hu\/blog\/wp-content\/uploads\/2017\/01\/dob-300x225.jpg 300w, http:\/\/www.torokfoto.hu\/blog\/wp-content\/uploads\/2017\/01\/dob.jpg 600w\" sizes=\"auto, (max-width: 300px) 100vw, 300px\" \/><\/a>\n\t\t\t<\/div><\/figure>\n\t\t<\/div>\n\n<p>&nbsp;<\/p>\n<h3>Lillaf\u00fcred<\/h3>\n<p>A Miskolct\u00f3l 13 km-re fekv\u0151 Lillaf\u00fcreden a <strong>barlangok<\/strong> t\u00e9len is l\u00e1togathat\u00f3ak, \u00edgy a barlang\u00e1sz\u00e1s rajong\u00f3i ilyenkor sem maradnak lehet\u0151s\u00e9gek n\u00e9lk\u00fcl. Ezen k\u00edv\u00fcl a <strong>t\u00e9li<\/strong> havas, deres <strong>erd\u0151k<\/strong>, a j\u00e9gg\u00e9 dermedt <strong>lillaf\u00fcredi v\u00edzes\u00e9s<\/strong> \u00e9s a <strong>Palotasz\u00e1ll\u00f3<\/strong> ny\u00fajt gy\u00f6ny\u00f6r\u0171 l\u00e1tv\u00e1nyt a <strong>kir\u00e1ndul\u00f3k<\/strong> sz\u00e1m\u00e1ra.\u00a0A teljes ter\u00fclet a<strong> B\u00fckki Nemzeti Parkhoz<\/strong> tartozik.<\/p>\n<figure id=\"attachment_1791\" class=\"thumbnail wp-caption aligncenter\" style=\"width: 235px\"><a href=\"http:\/\/www.torokfoto.hu\/blog\/wp-content\/uploads\/2017\/01\/lillaf\u00fcred-f\u00e1tyl-vizes\u00e9s.jpg\"><img loading=\"lazy\" decoding=\"async\" class=\"wp-image-1791 size-medium\" src=\"http:\/\/www.torokfoto.hu\/blog\/wp-content\/uploads\/2017\/01\/lillaf\u00fcred-f\u00e1tyl-vizes\u00e9s-225x300.jpg\" alt=\"F\u00e1tyol v\u00edzes\u00e9s\" width=\"225\" height=\"300\" srcset=\"http:\/\/www.torokfoto.hu\/blog\/wp-content\/uploads\/2017\/01\/lillaf\u00fcred-f\u00e1tyl-vizes\u00e9s-225x300.jpg 225w, http:\/\/www.torokfoto.hu\/blog\/wp-content\/uploads\/2017\/01\/lillaf\u00fcred-f\u00e1tyl-vizes\u00e9s-768x1024.jpg 768w, http:\/\/www.torokfoto.hu\/blog\/wp-content\/uploads\/2017\/01\/lillaf\u00fcred-f\u00e1tyl-vizes\u00e9s.jpg 900w\" sizes=\"auto, (max-width: 225px) 100vw, 225px\" \/><\/a><figcaption class=\"caption wp-caption-text\">F\u00e1tyol v\u00edzes\u00e9s<\/figcaption><\/figure>\n<p>&nbsp;<\/p>\n<p style=\"text-align: justify;\"><div class=\"su-box su-box-style-default\" id=\"\" style=\"border-color:#360f0f;border-radius:3px;max-width:none\"><div class=\"su-box-title\" style=\"background-color:#694242;color:#FFFFFF;border-top-left-radius:1px;border-top-right-radius:1px\">Fot\u00f3kidolgoz\u00e1s a T\u00f6r\u00f6kfot\u00f3n\u00e1l!<\/div><div class=\"su-box-content su-u-clearfix su-u-trim\" style=\"border-bottom-left-radius:1px;border-bottom-right-radius:1px\">\n<ul style=\"text-align: justify;\">\n<li>Online felt\u00f6lt\u00e9s (mobilr\u00f3l is!)<\/li>\n<li>Orsz\u00e1gos kisz\u00e1ll\u00edt\u00e1s<\/li>\n<li>Alkalomhoz ill\u0151 sablonok<\/li>\n<li>Cs\u00facsmin\u0151s\u00e9g<\/li>\n<\/ul>\n<p style=\"text-align: justify;\">Mindezt biztos\u00edtja sz\u00e1modra a <a href=\"http:\/\/www.torokfoto.hu\/termekek\/fotokidolgozas\" target=\"_blank\">T\u00f6r\u00f6kfot\u00f3<\/a>\u00a0Miskolcr\u00f3l!<\/p>\n<p style=\"text-align: justify;\"><\/div><\/div>\n<p>&nbsp;<\/p>\n<figure id=\"attachment_1793\" class=\"thumbnail wp-caption aligncenter\" style=\"width: 540px\"><a href=\"http:\/\/www.torokfoto.hu\/blog\/wp-content\/uploads\/2017\/01\/szinva-patak-lillaf\u00fcred.jpg\"><img loading=\"lazy\" decoding=\"async\" class=\"wp-image-1793 size-full\" src=\"http:\/\/www.torokfoto.hu\/blog\/wp-content\/uploads\/2017\/01\/szinva-patak-lillaf\u00fcred.jpg\" alt=\"A befagyott Szinva patak\" width=\"530\" height=\"397\" srcset=\"http:\/\/www.torokfoto.hu\/blog\/wp-content\/uploads\/2017\/01\/szinva-patak-lillaf\u00fcred.jpg 530w, http:\/\/www.torokfoto.hu\/blog\/wp-content\/uploads\/2017\/01\/szinva-patak-lillaf\u00fcred-300x225.jpg 300w\" sizes=\"auto, (max-width: 530px) 100vw, 530px\" \/><\/a><figcaption class=\"caption wp-caption-text\">A befagyott Szinva patak<\/figcaption><\/figure>\n<p>&nbsp;<\/p>\n<p>Ti hol szerettek a legjobban fot\u00f3zni? <strong>Ossz\u00e1tok meg vel\u00fcnk kedvenc t\u00e9li fot\u00f3itokat<\/strong> itt, illetve Facebook oldalunkon! \ud83d\ude42<\/p>\n<hr \/>\n<p>Ha \u00e9rdekelnek <strong>tov\u00e1bbi fot\u00f3z\u00e1ssal kapcsolatos cikkek,<\/strong>\u00a0akkor k\u00f6vessetek minket <a href=\"http:\/\/www.torokfoto.hu\/blog\/\" target=\"_blank\">itt<\/a> vagy <a href=\"https:\/\/www.facebook.com\/torokfoto\/?ref=br_rs\" target=\"_blank\">Facebookon<\/a>!<\/p>\n","protected":false},"excerpt":{"rendered":"<p>Ebben a hideg, fagyos id\u0151ben csod\u00e1san alkalmunk ny\u00edlik sz\u00e9p t\u00e9li fot\u00f3k k\u00e9sz\u00edt\u00e9s\u00e9re. Ne gub\u00f3zzunk be h\u00e9tv\u00e9g\u00e9n, hanem ir\u00e1ny a szabad, p\u00f3taksival \u00e9s termosszal a t\u00e1sk\u00e1nkban! \ud83d\ude42 A cikk\u00fcnkben olyan helyeket mutatunk meg, ahov\u00e1 \u00e9rdemes t\u00e9len ell\u00e1togatni, ak\u00e1r egy hossz\u00fa h\u00e9tv\u00e9g\u00e9s kikapcsol\u00f3d\u00e1s alkalm\u00e1val is. \u00cdme&#8230;<\/p>\n","protected":false},"author":1,"featured_media":0,"comment_status":"closed","ping_status":"closed","sticky":false,"template":"","format":"standard","meta":{"footnotes":""},"categories":[1],"tags":[],"class_list":["post-1764","post","type-post","status-publish","format-standard","hentry","category-egyeb"],"yoast_head":"<!-- This site is optimized with the Yoast SEO plugin v27.5 - https:\/\/yoast.com\/product\/yoast-seo-wordpress\/ -->\n<title>Ir\u00e1ny a term\u00e9szet! - T\u00f6r\u00f6kFot\u00f3 Blog<\/title>\n<meta name=\"robots\" content=\"index, follow, max-snippet:-1, max-image-preview:large, max-video-preview:-1\" \/>\n<link rel=\"canonical\" href=\"http:\/\/www.torokfoto.hu\/blog\/irany-a-termeszet\/\" \/>\n<meta property=\"og:locale\" content=\"hu_HU\" \/>\n<meta property=\"og:type\" content=\"article\" \/>\n<meta property=\"og:title\" content=\"Ir\u00e1ny a term\u00e9szet! - T\u00f6r\u00f6kFot\u00f3 Blog\" \/>\n<meta property=\"og:description\" content=\"Ebben a hideg, fagyos id\u0151ben csod\u00e1san alkalmunk ny\u00edlik sz\u00e9p t\u00e9li fot\u00f3k k\u00e9sz\u00edt\u00e9s\u00e9re. Ne gub\u00f3zzunk be h\u00e9tv\u00e9g\u00e9n, hanem ir\u00e1ny a szabad, p\u00f3taksival \u00e9s termosszal a t\u00e1sk\u00e1nkban! \ud83d\ude42 A cikk\u00fcnkben olyan helyeket mutatunk meg, ahov\u00e1 \u00e9rdemes t\u00e9len ell\u00e1togatni, ak\u00e1r egy hossz\u00fa h\u00e9tv\u00e9g\u00e9s kikapcsol\u00f3d\u00e1s alkalm\u00e1val is. \u00cdme&#8230;\" \/>\n<meta property=\"og:url\" content=\"http:\/\/www.torokfoto.hu\/blog\/irany-a-termeszet\/\" \/>\n<meta property=\"og:site_name\" content=\"T\u00f6r\u00f6kFot\u00f3 Blog\" \/>\n<meta property=\"article:publisher\" content=\"https:\/\/www.facebook.com\/torokfoto\" \/>\n<meta property=\"article:published_time\" content=\"2017-01-30T15:40:44+00:00\" \/>\n<meta property=\"article:modified_time\" content=\"2020-01-08T11:41:25+00:00\" \/>\n<meta property=\"og:image\" content=\"http:\/\/www.torokfoto.hu\/blog\/wp-content\/uploads\/2017\/01\/velencei-t\u00f3.3-300x300.jpg\" \/>\n<meta name=\"author\" content=\"torokfoto\" \/>\n<meta name=\"twitter:label1\" content=\"Written by\" \/>\n\t<meta name=\"twitter:data1\" content=\"torokfoto\" \/>\n\t<meta name=\"twitter:label2\" content=\"Est. reading time\" \/>\n\t<meta name=\"twitter:data2\" content=\"3 perc\" \/>\n<script type=\"application\/ld+json\" class=\"yoast-schema-graph\">{\"@context\":\"https:\\\/\\\/schema.org\",\"@graph\":[{\"@type\":\"Article\",\"@id\":\"http:\\\/\\\/www.torokfoto.hu\\\/blog\\\/irany-a-termeszet\\\/#article\",\"isPartOf\":{\"@id\":\"http:\\\/\\\/www.torokfoto.hu\\\/blog\\\/irany-a-termeszet\\\/\"},\"author\":{\"name\":\"torokfoto\",\"@id\":\"http:\\\/\\\/www.torokfoto.hu\\\/blog\\\/#\\\/schema\\\/person\\\/15db174b0b57e6cb37c4b90725399434\"},\"headline\":\"Ir\u00e1ny a term\u00e9szet!\",\"datePublished\":\"2017-01-30T15:40:44+00:00\",\"dateModified\":\"2020-01-08T11:41:25+00:00\",\"mainEntityOfPage\":{\"@id\":\"http:\\\/\\\/www.torokfoto.hu\\\/blog\\\/irany-a-termeszet\\\/\"},\"wordCount\":663,\"articleSection\":[\"Egy\u00e9b\"],\"inLanguage\":\"hu\"},{\"@type\":\"WebPage\",\"@id\":\"http:\\\/\\\/www.torokfoto.hu\\\/blog\\\/irany-a-termeszet\\\/\",\"url\":\"http:\\\/\\\/www.torokfoto.hu\\\/blog\\\/irany-a-termeszet\\\/\",\"name\":\"Ir\u00e1ny a term\u00e9szet! - T\u00f6r\u00f6kFot\u00f3 Blog\",\"isPartOf\":{\"@id\":\"http:\\\/\\\/www.torokfoto.hu\\\/blog\\\/#website\"},\"datePublished\":\"2017-01-30T15:40:44+00:00\",\"dateModified\":\"2020-01-08T11:41:25+00:00\",\"author\":{\"@id\":\"http:\\\/\\\/www.torokfoto.hu\\\/blog\\\/#\\\/schema\\\/person\\\/15db174b0b57e6cb37c4b90725399434\"},\"breadcrumb\":{\"@id\":\"http:\\\/\\\/www.torokfoto.hu\\\/blog\\\/irany-a-termeszet\\\/#breadcrumb\"},\"inLanguage\":\"hu\",\"potentialAction\":[{\"@type\":\"ReadAction\",\"target\":[\"http:\\\/\\\/www.torokfoto.hu\\\/blog\\\/irany-a-termeszet\\\/\"]}]},{\"@type\":\"BreadcrumbList\",\"@id\":\"http:\\\/\\\/www.torokfoto.hu\\\/blog\\\/irany-a-termeszet\\\/#breadcrumb\",\"itemListElement\":[{\"@type\":\"ListItem\",\"position\":1,\"name\":\"Home\",\"item\":\"http:\\\/\\\/www.torokfoto.hu\\\/blog\\\/\"},{\"@type\":\"ListItem\",\"position\":2,\"name\":\"Ir\u00e1ny a term\u00e9szet!\"}]},{\"@type\":\"WebSite\",\"@id\":\"http:\\\/\\\/www.torokfoto.hu\\\/blog\\\/#website\",\"url\":\"http:\\\/\\\/www.torokfoto.hu\\\/blog\\\/\",\"name\":\"T\u00f6r\u00f6kFot\u00f3 Blog\",\"description\":\"T\u00f6r\u00f6kFot\u00f3 Blog\",\"potentialAction\":[{\"@type\":\"SearchAction\",\"target\":{\"@type\":\"EntryPoint\",\"urlTemplate\":\"http:\\\/\\\/www.torokfoto.hu\\\/blog\\\/?s={search_term_string}\"},\"query-input\":{\"@type\":\"PropertyValueSpecification\",\"valueRequired\":true,\"valueName\":\"search_term_string\"}}],\"inLanguage\":\"hu\"},{\"@type\":\"Person\",\"@id\":\"http:\\\/\\\/www.torokfoto.hu\\\/blog\\\/#\\\/schema\\\/person\\\/15db174b0b57e6cb37c4b90725399434\",\"name\":\"torokfoto\",\"image\":{\"@type\":\"ImageObject\",\"inLanguage\":\"hu\",\"@id\":\"https:\\\/\\\/secure.gravatar.com\\\/avatar\\\/84a893069261eb70289981cdfa31eafab34feeb3148b57a67c28f3f3d8bc3a30?s=96&d=mm&r=g\",\"url\":\"https:\\\/\\\/secure.gravatar.com\\\/avatar\\\/84a893069261eb70289981cdfa31eafab34feeb3148b57a67c28f3f3d8bc3a30?s=96&d=mm&r=g\",\"contentUrl\":\"https:\\\/\\\/secure.gravatar.com\\\/avatar\\\/84a893069261eb70289981cdfa31eafab34feeb3148b57a67c28f3f3d8bc3a30?s=96&d=mm&r=g\",\"caption\":\"torokfoto\"},\"url\":\"http:\\\/\\\/www.torokfoto.hu\\\/blog\\\/author\\\/torokfoto\\\/\"}]}<\/script>\n<!-- \/ Yoast SEO plugin. -->","yoast_head_json":{"title":"Ir\u00e1ny a term\u00e9szet! - T\u00f6r\u00f6kFot\u00f3 Blog","robots":{"index":"index","follow":"follow","max-snippet":"max-snippet:-1","max-image-preview":"max-image-preview:large","max-video-preview":"max-video-preview:-1"},"canonical":"http:\/\/www.torokfoto.hu\/blog\/irany-a-termeszet\/","og_locale":"hu_HU","og_type":"article","og_title":"Ir\u00e1ny a term\u00e9szet! - T\u00f6r\u00f6kFot\u00f3 Blog","og_description":"Ebben a hideg, fagyos id\u0151ben csod\u00e1san alkalmunk ny\u00edlik sz\u00e9p t\u00e9li fot\u00f3k k\u00e9sz\u00edt\u00e9s\u00e9re. Ne gub\u00f3zzunk be h\u00e9tv\u00e9g\u00e9n, hanem ir\u00e1ny a szabad, p\u00f3taksival \u00e9s termosszal a t\u00e1sk\u00e1nkban! \ud83d\ude42 A cikk\u00fcnkben olyan helyeket mutatunk meg, ahov\u00e1 \u00e9rdemes t\u00e9len ell\u00e1togatni, ak\u00e1r egy hossz\u00fa h\u00e9tv\u00e9g\u00e9s kikapcsol\u00f3d\u00e1s alkalm\u00e1val is. \u00cdme&#8230;","og_url":"http:\/\/www.torokfoto.hu\/blog\/irany-a-termeszet\/","og_site_name":"T\u00f6r\u00f6kFot\u00f3 Blog","article_publisher":"https:\/\/www.facebook.com\/torokfoto","article_published_time":"2017-01-30T15:40:44+00:00","article_modified_time":"2020-01-08T11:41:25+00:00","og_image":[{"url":"http:\/\/www.torokfoto.hu\/blog\/wp-content\/uploads\/2017\/01\/velencei-t\u00f3.3-300x300.jpg","type":"","width":"","height":""}],"author":"torokfoto","twitter_misc":{"Written by":"torokfoto","Est. reading time":"3 perc"},"schema":{"@context":"https:\/\/schema.org","@graph":[{"@type":"Article","@id":"http:\/\/www.torokfoto.hu\/blog\/irany-a-termeszet\/#article","isPartOf":{"@id":"http:\/\/www.torokfoto.hu\/blog\/irany-a-termeszet\/"},"author":{"name":"torokfoto","@id":"http:\/\/www.torokfoto.hu\/blog\/#\/schema\/person\/15db174b0b57e6cb37c4b90725399434"},"headline":"Ir\u00e1ny a term\u00e9szet!","datePublished":"2017-01-30T15:40:44+00:00","dateModified":"2020-01-08T11:41:25+00:00","mainEntityOfPage":{"@id":"http:\/\/www.torokfoto.hu\/blog\/irany-a-termeszet\/"},"wordCount":663,"articleSection":["Egy\u00e9b"],"inLanguage":"hu"},{"@type":"WebPage","@id":"http:\/\/www.torokfoto.hu\/blog\/irany-a-termeszet\/","url":"http:\/\/www.torokfoto.hu\/blog\/irany-a-termeszet\/","name":"Ir\u00e1ny a term\u00e9szet! - T\u00f6r\u00f6kFot\u00f3 Blog","isPartOf":{"@id":"http:\/\/www.torokfoto.hu\/blog\/#website"},"datePublished":"2017-01-30T15:40:44+00:00","dateModified":"2020-01-08T11:41:25+00:00","author":{"@id":"http:\/\/www.torokfoto.hu\/blog\/#\/schema\/person\/15db174b0b57e6cb37c4b90725399434"},"breadcrumb":{"@id":"http:\/\/www.torokfoto.hu\/blog\/irany-a-termeszet\/#breadcrumb"},"inLanguage":"hu","potentialAction":[{"@type":"ReadAction","target":["http:\/\/www.torokfoto.hu\/blog\/irany-a-termeszet\/"]}]},{"@type":"BreadcrumbList","@id":"http:\/\/www.torokfoto.hu\/blog\/irany-a-termeszet\/#breadcrumb","itemListElement":[{"@type":"ListItem","position":1,"name":"Home","item":"http:\/\/www.torokfoto.hu\/blog\/"},{"@type":"ListItem","position":2,"name":"Ir\u00e1ny a term\u00e9szet!"}]},{"@type":"WebSite","@id":"http:\/\/www.torokfoto.hu\/blog\/#website","url":"http:\/\/www.torokfoto.hu\/blog\/","name":"T\u00f6r\u00f6kFot\u00f3 Blog","description":"T\u00f6r\u00f6kFot\u00f3 Blog","potentialAction":[{"@type":"SearchAction","target":{"@type":"EntryPoint","urlTemplate":"http:\/\/www.torokfoto.hu\/blog\/?s={search_term_string}"},"query-input":{"@type":"PropertyValueSpecification","valueRequired":true,"valueName":"search_term_string"}}],"inLanguage":"hu"},{"@type":"Person","@id":"http:\/\/www.torokfoto.hu\/blog\/#\/schema\/person\/15db174b0b57e6cb37c4b90725399434","name":"torokfoto","image":{"@type":"ImageObject","inLanguage":"hu","@id":"https:\/\/secure.gravatar.com\/avatar\/84a893069261eb70289981cdfa31eafab34feeb3148b57a67c28f3f3d8bc3a30?s=96&d=mm&r=g","url":"https:\/\/secure.gravatar.com\/avatar\/84a893069261eb70289981cdfa31eafab34feeb3148b57a67c28f3f3d8bc3a30?s=96&d=mm&r=g","contentUrl":"https:\/\/secure.gravatar.com\/avatar\/84a893069261eb70289981cdfa31eafab34feeb3148b57a67c28f3f3d8bc3a30?s=96&d=mm&r=g","caption":"torokfoto"},"url":"http:\/\/www.torokfoto.hu\/blog\/author\/torokfoto\/"}]}},"_links":{"self":[{"href":"http:\/\/www.torokfoto.hu\/blog\/wp-json\/wp\/v2\/posts\/1764","targetHints":{"allow":["GET"]}}],"collection":[{"href":"http:\/\/www.torokfoto.hu\/blog\/wp-json\/wp\/v2\/posts"}],"about":[{"href":"http:\/\/www.torokfoto.hu\/blog\/wp-json\/wp\/v2\/types\/post"}],"author":[{"embeddable":true,"href":"http:\/\/www.torokfoto.hu\/blog\/wp-json\/wp\/v2\/users\/1"}],"replies":[{"embeddable":true,"href":"http:\/\/www.torokfoto.hu\/blog\/wp-json\/wp\/v2\/comments?post=1764"}],"version-history":[{"count":29,"href":"http:\/\/www.torokfoto.hu\/blog\/wp-json\/wp\/v2\/posts\/1764\/revisions"}],"predecessor-version":[{"id":1807,"href":"http:\/\/www.torokfoto.hu\/blog\/wp-json\/wp\/v2\/posts\/1764\/revisions\/1807"}],"wp:attachment":[{"href":"http:\/\/www.torokfoto.hu\/blog\/wp-json\/wp\/v2\/media?parent=1764"}],"wp:term":[{"taxonomy":"category","embeddable":true,"href":"http:\/\/www.torokfoto.hu\/blog\/wp-json\/wp\/v2\/categories?post=1764"},{"taxonomy":"post_tag","embeddable":true,"href":"http:\/\/www.torokfoto.hu\/blog\/wp-json\/wp\/v2\/tags?post=1764"}],"curies":[{"name":"wp","href":"https:\/\/api.w.org\/{rel}","templated":true}]}}