{"id":1732,"date":"2016-11-04T19:25:44","date_gmt":"2016-11-04T18:25:44","guid":{"rendered":"http:\/\/www.torokfoto.hu\/blog\/?p=1732"},"modified":"2020-01-08T12:41:25","modified_gmt":"2020-01-08T11:41:25","slug":"oszi-dekor-fotokkal-es-kepkeretekkel-diy","status":"publish","type":"post","link":"http:\/\/www.torokfoto.hu\/blog\/oszi-dekor-fotokkal-es-kepkeretekkel-diy\/","title":{"rendered":"\u0150szi dekor fot\u00f3kkal \u00e9s k\u00e9pkeretekkel! [DIY]"},"content":{"rendered":"<p style=\"text-align: justify;\"><a href=\"http:\/\/www.torokfoto.hu\/blog\/wp-content\/uploads\/2016\/11\/cover.jpg\"><img loading=\"lazy\" decoding=\"async\" class=\"aligncenter size-full wp-image-1740\" src=\"http:\/\/www.torokfoto.hu\/blog\/wp-content\/uploads\/2016\/11\/cover.jpg\" alt=\"cover\" width=\"500\" height=\"750\" srcset=\"http:\/\/www.torokfoto.hu\/blog\/wp-content\/uploads\/2016\/11\/cover.jpg 500w, http:\/\/www.torokfoto.hu\/blog\/wp-content\/uploads\/2016\/11\/cover-200x300.jpg 200w\" sizes=\"auto, (max-width: 500px) 100vw, 500px\" \/><\/a><\/p>\n<p style=\"text-align: justify;\">\u00dajra itt az \u0150sz. Ism\u00e9t itt az ideje a forr\u00f3 te\u00e1knak, a fah\u00e9j illatnak \u00e9s a meleg zokninak. \ud83d\ude42 De ne feledkezz\u00fcnk meg a <strong>lak\u00e1s dekor\u00e1l\u00e1s\u00e1r\u00f3l<\/strong> sem. Az <strong>\u0151szi term\u00e9sek, a sz\u00ednes falevelek<\/strong> csak \u00fagy k\u00edn\u00e1lj\u00e1k magukat a lak\u00e1s dekor\u00e1l\u00e1s\u00e1hoz. \u00cdgy hoztunk n\u00e9h\u00e1ny <strong>egyszer\u0171<\/strong> <strong>\u00e9s<\/strong> <strong>sz\u00e9p p\u00e9ld\u00e1t<\/strong>, amik gyorsak \u00e9s\u00a0sz\u00edvet melenget\u0151ek. \u00a0\u00cdme&#8230;<\/p>\n<p>&nbsp;<\/p>\n<p style=\"text-align: justify;\"><!--more--><\/p>\n<h2 style=\"text-align: justify;\">1, Fot\u00f3s &#8220;koszor\u00fa&#8221;<\/h2>\n<p style=\"text-align: justify;\">A lehet\u0151 legegyszer\u0171bb elk\u00e9sz\u00edteni \u00e9s emellett pedig gy\u00f6ny\u00f6r\u0171en feldobja a lak\u00e1st. \ud83d\ude42 Ha nincs polaroid g\u00e9ped az sem baj, t\u0151l\u00fcnk <a href=\"http:\/\/www.torokfoto.hu\/termekek\/fotokidolgozas\" target=\"_blank\">megrendelheted fot\u00f3dat polaroid form\u00e1ban<\/a> is.<\/p>\n<figure id=\"attachment_1733\" class=\"thumbnail wp-caption aligncenter\" style=\"width: 574px\"><a href=\"http:\/\/www.torokfoto.hu\/blog\/wp-content\/uploads\/2016\/11\/t\u00f6r\u00f6kfot\u00f3.jpg\"><img loading=\"lazy\" decoding=\"async\" class=\"wp-image-1733 size-full\" src=\"http:\/\/www.torokfoto.hu\/blog\/wp-content\/uploads\/2016\/11\/t\u00f6r\u00f6kfot\u00f3.jpg\" alt=\"torokfoto\" width=\"564\" height=\"846\" srcset=\"http:\/\/www.torokfoto.hu\/blog\/wp-content\/uploads\/2016\/11\/t\u00f6r\u00f6kfot\u00f3.jpg 564w, http:\/\/www.torokfoto.hu\/blog\/wp-content\/uploads\/2016\/11\/t\u00f6r\u00f6kfot\u00f3-200x300.jpg 200w\" sizes=\"auto, (max-width: 564px) 100vw, 564px\" \/><\/a><figcaption class=\"caption wp-caption-text\">Egyszer\u0171, gyors \u00e9s sz\u00e9p! Kell enn\u00e9l t\u00f6bb? \ud83d\ude42 (fot\u00f3: pinterest)<\/figcaption><\/figure>\n&nbsp;<\/p>\n<div class=\"su-box su-box-style-default\" id=\"\" style=\"border-color:#360f0f;border-radius:3px;max-width:none\"><div class=\"su-box-title\" style=\"background-color:#694242;color:#FFFFFF;border-top-left-radius:1px;border-top-right-radius:1px\">Polaroid fot\u00f3k\/Digit\u00e1lis Fot\u00f3kidolgoz\u00e1s a T\u00f6r\u00f6kFot\u00f3n\u00e1l<\/div><div class=\"su-box-content su-u-clearfix su-u-trim\" style=\"border-bottom-left-radius:1px;border-bottom-right-radius:1px\">\n<p>Szeretn\u00e9d \u0150SZI FOT\u00d3idat polaroid form\u00e1ban el\u0151h\u00edvatni? N\u00e1lunk <a href=\"http:\/\/www.torokfoto.hu\/termekek\/fotokidolgozas\" target=\"_blank\">megteheted<\/a>!<\/p>\n<ul>\n<li>Online felt\u00f6lt\u00e9s (mobilr\u00f3l is!)<\/li>\n<li>Orsz\u00e1gos kisz\u00e1ll\u00edt\u00e1s<\/li>\n<li>Cs\u00facsmin\u0151s\u00e9g<\/li>\n<\/ul>\n<p>A &#8220;Rendel\u00e9s megjegyz\u00e9sek&#8221;-hez ne felejtsd el oda\u00edrni a &#8220;POLAROID&#8221; jelig\u00e9t.<\/p>\n<\/div><\/div>\n<p>&nbsp;<\/p>\n<h2>2, K\u00e9pkeret d\u00edsz\u00edt\u00e9se \u0151szi term\u00e9ssel<\/h2>\n<p style=\"text-align: justify;\">Legyen az falev\u00e9l, toboz, di\u00f3 vagy makk, j\u00f3l mutat majd az egyszer\u0171 k\u00e9pkereten. Nem dr\u00e1ga, ak\u00e1r egy otthon h\u00e1ny\u00f3d\u00f3 r\u00e9gi k\u00e9pkeretet is \u00fajra \u00e9letre kelthetsz egy kis kreativit\u00e1ssal. \ud83d\ude42<\/p>\n<figure id=\"attachment_1738\" class=\"thumbnail wp-caption aligncenter\" style=\"width: 486px\"><a href=\"http:\/\/www.torokfoto.hu\/blog\/wp-content\/uploads\/2016\/11\/mogyis-k\u00e9pkeret.jpg\"><img loading=\"lazy\" decoding=\"async\" class=\"wp-image-1738 size-full\" src=\"http:\/\/www.torokfoto.hu\/blog\/wp-content\/uploads\/2016\/11\/mogyis-k\u00e9pkeret.jpg\" alt=\"mogyis-kepkeret\" width=\"476\" height=\"714\" srcset=\"http:\/\/www.torokfoto.hu\/blog\/wp-content\/uploads\/2016\/11\/mogyis-k\u00e9pkeret.jpg 476w, http:\/\/www.torokfoto.hu\/blog\/wp-content\/uploads\/2016\/11\/mogyis-k\u00e9pkeret-200x300.jpg 200w\" sizes=\"auto, (max-width: 476px) 100vw, 476px\" \/><\/a><figcaption class=\"caption wp-caption-text\">Egy egyszer\u0171 k\u00e9pkeretet is egyediv\u00e9 lehet var\u00e1zsolni. (fot\u00f3: pinterest)<\/figcaption><\/figure>\n<p>&nbsp;<\/p>\n<div class=\"su-box su-box-style-default\" id=\"\" style=\"border-color:#360f0f;border-radius:3px;max-width:none\"><div class=\"su-box-title\" style=\"background-color:#694242;color:#FFFFFF;border-top-left-radius:1px;border-top-right-radius:1px\">F\u00e9nyk\u00e9pes \u00fcdv\u00f6zl\u0151k\u00e1rtya a T\u00f6r\u00f6kfot\u00f3n\u00e1l!<\/div><div class=\"su-box-content su-u-clearfix su-u-trim\" style=\"border-bottom-left-radius:1px;border-bottom-right-radius:1px\">\n<ul>\n<li>Online felt\u00f6lt\u00e9s (mobilr\u00f3l is!)<\/li>\n<li>Orsz\u00e1gos kisz\u00e1ll\u00edt\u00e1s<\/li>\n<li>Alkalomhoz ill\u0151 sablonok<\/li>\n<li>Cs\u00facsmin\u0151s\u00e9g<\/li>\n<\/ul>\n<p>Mindezt biztos\u00edtja sz\u00e1modra a <a href=\"http:\/\/www.torokfoto.hu\/termekek\/fenykepes-udvozlokartya\" target=\"_blank\">T\u00f6r\u00f6kfot\u00f3<\/a>\u00a0Miskolcr\u00f3l!<\/p>\n<\/div><\/div>\n<h2><\/h2>\n<p>&nbsp;<\/p>\n<h2>3, Bearanyozza a napod<\/h2>\n<p style=\"text-align: justify;\">A k\u00f6vetkez\u0151 \u00f6tlet is az egyszer\u0171 \u00e9s sz\u00e9p kateg\u00f3ri\u00e1t k\u00e9pviseli. El\u00e9g hozz\u00e1 egy nagy falev\u00e9l, amit lepr\u00e9sel\u00fcnk majd lef\u00fajunk arany sz\u00edn\u0171re (a fest\u00e9ket \u00e9s a sz\u00ednes lapot a <a href=\"https:\/\/www.facebook.com\/hobbysarok\/\" target=\"_blank\">Kreat\u00edv \u00e9s Hobby Sarokban<\/a> beszerezheted). Sz\u00e1rad\u00e1s ut\u00e1n l\u00e9nyeg\u00e9ben b\u00e1rmilyen k\u00e9pkeretbe illeszthet\u0151, a h\u00e1tt\u00e9rnek pedig nem kell felt\u00e9tlen\u00fcl feh\u00e9rnek lennie a lev\u00e9l alatt. Feket\u00e9n, de l\u00e9nyeg\u00e9ben b\u00e1rmilyen sz\u00edn\u0171 lapon j\u00f3l mutat majd.<\/p>\n<figure id=\"attachment_1737\" class=\"thumbnail wp-caption aligncenter\" style=\"width: 580px\"><a href=\"http:\/\/www.torokfoto.hu\/blog\/wp-content\/uploads\/2016\/11\/lev\u00e9l-k\u00e9pkerettel.jpg\"><img loading=\"lazy\" decoding=\"async\" class=\"wp-image-1737 size-full\" src=\"http:\/\/www.torokfoto.hu\/blog\/wp-content\/uploads\/2016\/11\/lev\u00e9l-k\u00e9pkerettel.jpg\" alt=\"level-kepkerettel\" width=\"570\" height=\"701\" srcset=\"http:\/\/www.torokfoto.hu\/blog\/wp-content\/uploads\/2016\/11\/lev\u00e9l-k\u00e9pkerettel.jpg 570w, http:\/\/www.torokfoto.hu\/blog\/wp-content\/uploads\/2016\/11\/lev\u00e9l-k\u00e9pkerettel-244x300.jpg 244w\" sizes=\"auto, (max-width: 570px) 100vw, 570px\" \/><\/a><figcaption class=\"caption wp-caption-text\">\u00d6r\u00f6k igazs\u00e1g&#8230; a kevesebb t\u00f6bb. \ud83d\ude42 (fot\u00f3: pinterest)<\/figcaption><\/figure>\n<p>&nbsp;<\/p>\n<div class=\"su-box su-box-style-default\" id=\"\" style=\"border-color:#360f0f;border-radius:3px;max-width:none\"><div class=\"su-box-title\" style=\"background-color:#694242;color:#FFFFFF;border-top-left-radius:1px;border-top-right-radius:1px\">F\u00e9nyk\u00e9pes \u00fcdv\u00f6zl\u0151k\u00e1rtya a T\u00f6r\u00f6kfot\u00f3n\u00e1l!<\/div><div class=\"su-box-content su-u-clearfix su-u-trim\" style=\"border-bottom-left-radius:1px;border-bottom-right-radius:1px\">\n<ul>\n<li>Online felt\u00f6lt\u00e9s (mobilr\u00f3l is!)<\/li>\n<li>Orsz\u00e1gos kisz\u00e1ll\u00edt\u00e1s<\/li>\n<li>Alkalomhoz ill\u0151 sablonok<\/li>\n<li>Cs\u00facsmin\u0151s\u00e9g<\/li>\n<\/ul>\n<p>Mindezt biztos\u00edtja sz\u00e1modra a <a href=\"http:\/\/www.torokfoto.hu\/termekek\/fenykepes-udvozlokartya\" target=\"_blank\">T\u00f6r\u00f6kfot\u00f3<\/a>\u00a0Miskolcr\u00f3l!<\/p>\n<\/div><\/div>\n<p>&nbsp;<\/p>\n<h2>4, \u0150szi girlandok<\/h2>\n<p style=\"text-align: justify;\">A v\u00e9g\u00e9re hagytuk a kedvenc\u00fcnket. \ud83d\ude42 A gyerekekkel a parkban vagy a kertben szedett leveleket, pr\u00e9sel\u00e9s ut\u00e1n kedvenc fot\u00f3itokkal vegy\u00edtve egy csod\u00e1s kompoz\u00edci\u00f3t k\u00e9sz\u00edthettek. Apr\u00f3 csipeszekkel r\u00f6gz\u00edthet\u0151ek a k\u00e9pek, \u00e9s a levelek is a h\u00edmz\u0151fonalra. \u00a0A lak\u00e1s b\u00e1rmely pontja d\u00edsz\u00edthet\u0151 ezzel a m\u00f3dszerrel is.<\/p>\n<figure id=\"attachment_1736\" class=\"thumbnail wp-caption aligncenter\" style=\"width: 574px\"><a href=\"http:\/\/www.torokfoto.hu\/blog\/wp-content\/uploads\/2016\/11\/csal\u00e1di-fot\u00f3k-levelekkel.jpg\"><img loading=\"lazy\" decoding=\"async\" class=\"wp-image-1736 size-full\" src=\"http:\/\/www.torokfoto.hu\/blog\/wp-content\/uploads\/2016\/11\/csal\u00e1di-fot\u00f3k-levelekkel.jpg\" alt=\"csaladi-fotok-levelekkel\" width=\"564\" height=\"940\" srcset=\"http:\/\/www.torokfoto.hu\/blog\/wp-content\/uploads\/2016\/11\/csal\u00e1di-fot\u00f3k-levelekkel.jpg 564w, http:\/\/www.torokfoto.hu\/blog\/wp-content\/uploads\/2016\/11\/csal\u00e1di-fot\u00f3k-levelekkel-180x300.jpg 180w\" sizes=\"auto, (max-width: 564px) 100vw, 564px\" \/><\/a><figcaption class=\"caption wp-caption-text\">A gyerekekkel egy\u00fctt a legjobb kreat\u00edvkodni. (fot\u00f3: pinterest)<\/figcaption><\/figure>\n<p>&nbsp;<\/p>\n<div class=\"su-box su-box-style-default\" id=\"\" style=\"border-color:#360f0f;border-radius:3px;max-width:none\"><div class=\"su-box-title\" style=\"background-color:#694242;color:#FFFFFF;border-top-left-radius:1px;border-top-right-radius:1px\">Polaroid fot\u00f3k\/Digit\u00e1lis Fot\u00f3kidolgoz\u00e1s a T\u00f6r\u00f6kFot\u00f3n\u00e1l<\/div><div class=\"su-box-content su-u-clearfix su-u-trim\" style=\"border-bottom-left-radius:1px;border-bottom-right-radius:1px\">\n<p>Szeretn\u00e9d \u0150SZI FOT\u00d3idat polaroid form\u00e1ban el\u0151h\u00edvatni? N\u00e1lunk <a href=\"http:\/\/www.torokfoto.hu\/termekek\/fotokidolgozas\" target=\"_blank\">megteheted<\/a>!<\/p>\n<ul>\n<li>Online felt\u00f6lt\u00e9s (mobilr\u00f3l is!)<\/li>\n<li>Orsz\u00e1gos kisz\u00e1ll\u00edt\u00e1s<\/li>\n<li>Cs\u00facsmin\u0151s\u00e9g<\/li>\n<\/ul>\n<p>A &#8220;Rendel\u00e9s megjegyz\u00e9sek&#8221;-hez ne felejtsd el oda\u00edrni a &#8220;POLAROID&#8221; jelig\u00e9t.<\/p>\n<\/div><\/div>\n<p>&nbsp;<\/p>\n<p>Tetszettek az \u00f6tletek? Szeretn\u00e9l m\u00e9g t\u00f6bb fot\u00f3s dekortippel tal\u00e1lkozni?<\/p>\n<p>K\u00f6vess minket <a href=\"https:\/\/www.facebook.com\/torokfoto?fref=ts\" target=\"_blank\">Facebookon <\/a>vagy itt az \u00fajabb cikkek\u00e9rt!<\/p>\n","protected":false},"excerpt":{"rendered":"<p>\u00dajra itt az \u0150sz. Ism\u00e9t itt az ideje a forr\u00f3 te\u00e1knak, a fah\u00e9j illatnak \u00e9s a meleg zokninak. \ud83d\ude42 De ne feledkezz\u00fcnk meg a lak\u00e1s dekor\u00e1l\u00e1s\u00e1r\u00f3l sem. Az \u0151szi term\u00e9sek, a sz\u00ednes falevelek csak \u00fagy k\u00edn\u00e1lj\u00e1k magukat a lak\u00e1s dekor\u00e1l\u00e1s\u00e1hoz. \u00cdgy hoztunk n\u00e9h\u00e1ny egyszer\u0171 \u00e9s sz\u00e9p p\u00e9ld\u00e1t, amik gyorsak \u00e9s\u00a0sz\u00edvet melenget\u0151ek. \u00a0\u00cdme&#8230; &nbsp;<\/p>\n","protected":false},"author":1,"featured_media":0,"comment_status":"closed","ping_status":"closed","sticky":false,"template":"","format":"standard","meta":{"footnotes":""},"categories":[1],"tags":[8],"class_list":["post-1732","post","type-post","status-publish","format-standard","hentry","category-egyeb","tag-diy"],"yoast_head":"<!-- This site is optimized with the Yoast SEO plugin v27.5 - https:\/\/yoast.com\/product\/yoast-seo-wordpress\/ -->\n<title>\u0150szi dekor fot\u00f3kkal \u00e9s k\u00e9pkeretekkel! [DIY] - T\u00f6r\u00f6kFot\u00f3 Blog<\/title>\n<meta name=\"robots\" content=\"index, follow, max-snippet:-1, max-image-preview:large, max-video-preview:-1\" \/>\n<link rel=\"canonical\" href=\"http:\/\/www.torokfoto.hu\/blog\/oszi-dekor-fotokkal-es-kepkeretekkel-diy\/\" \/>\n<meta property=\"og:locale\" content=\"hu_HU\" \/>\n<meta property=\"og:type\" content=\"article\" \/>\n<meta property=\"og:title\" content=\"\u0150szi dekor fot\u00f3kkal \u00e9s k\u00e9pkeretekkel! [DIY] - T\u00f6r\u00f6kFot\u00f3 Blog\" \/>\n<meta property=\"og:description\" content=\"\u00dajra itt az \u0150sz. Ism\u00e9t itt az ideje a forr\u00f3 te\u00e1knak, a fah\u00e9j illatnak \u00e9s a meleg zokninak. \ud83d\ude42 De ne feledkezz\u00fcnk meg a lak\u00e1s dekor\u00e1l\u00e1s\u00e1r\u00f3l sem. Az \u0151szi term\u00e9sek, a sz\u00ednes falevelek csak \u00fagy k\u00edn\u00e1lj\u00e1k magukat a lak\u00e1s dekor\u00e1l\u00e1s\u00e1hoz. \u00cdgy hoztunk n\u00e9h\u00e1ny egyszer\u0171 \u00e9s sz\u00e9p p\u00e9ld\u00e1t, amik gyorsak \u00e9s\u00a0sz\u00edvet melenget\u0151ek. \u00a0\u00cdme&#8230; &nbsp;\" \/>\n<meta property=\"og:url\" content=\"http:\/\/www.torokfoto.hu\/blog\/oszi-dekor-fotokkal-es-kepkeretekkel-diy\/\" \/>\n<meta property=\"og:site_name\" content=\"T\u00f6r\u00f6kFot\u00f3 Blog\" \/>\n<meta property=\"article:publisher\" content=\"https:\/\/www.facebook.com\/torokfoto\" \/>\n<meta property=\"article:published_time\" content=\"2016-11-04T18:25:44+00:00\" \/>\n<meta property=\"article:modified_time\" content=\"2020-01-08T11:41:25+00:00\" \/>\n<meta property=\"og:image\" content=\"http:\/\/www.torokfoto.hu\/blog\/wp-content\/uploads\/2016\/11\/cover.jpg\" \/>\n<meta name=\"author\" content=\"torokfoto\" \/>\n<meta name=\"twitter:label1\" content=\"Written by\" \/>\n\t<meta name=\"twitter:data1\" content=\"torokfoto\" \/>\n\t<meta name=\"twitter:label2\" content=\"Est. reading time\" \/>\n\t<meta name=\"twitter:data2\" content=\"3 perc\" \/>\n<script type=\"application\/ld+json\" class=\"yoast-schema-graph\">{\"@context\":\"https:\\\/\\\/schema.org\",\"@graph\":[{\"@type\":\"Article\",\"@id\":\"http:\\\/\\\/www.torokfoto.hu\\\/blog\\\/oszi-dekor-fotokkal-es-kepkeretekkel-diy\\\/#article\",\"isPartOf\":{\"@id\":\"http:\\\/\\\/www.torokfoto.hu\\\/blog\\\/oszi-dekor-fotokkal-es-kepkeretekkel-diy\\\/\"},\"author\":{\"name\":\"torokfoto\",\"@id\":\"http:\\\/\\\/www.torokfoto.hu\\\/blog\\\/#\\\/schema\\\/person\\\/15db174b0b57e6cb37c4b90725399434\"},\"headline\":\"\u0150szi dekor fot\u00f3kkal \u00e9s k\u00e9pkeretekkel! [DIY]\",\"datePublished\":\"2016-11-04T18:25:44+00:00\",\"dateModified\":\"2020-01-08T11:41:25+00:00\",\"mainEntityOfPage\":{\"@id\":\"http:\\\/\\\/www.torokfoto.hu\\\/blog\\\/oszi-dekor-fotokkal-es-kepkeretekkel-diy\\\/\"},\"wordCount\":676,\"image\":{\"@id\":\"http:\\\/\\\/www.torokfoto.hu\\\/blog\\\/oszi-dekor-fotokkal-es-kepkeretekkel-diy\\\/#primaryimage\"},\"thumbnailUrl\":\"http:\\\/\\\/www.torokfoto.hu\\\/blog\\\/wp-content\\\/uploads\\\/2016\\\/11\\\/cover.jpg\",\"keywords\":[\"DIY\"],\"articleSection\":[\"Egy\u00e9b\"],\"inLanguage\":\"hu\"},{\"@type\":\"WebPage\",\"@id\":\"http:\\\/\\\/www.torokfoto.hu\\\/blog\\\/oszi-dekor-fotokkal-es-kepkeretekkel-diy\\\/\",\"url\":\"http:\\\/\\\/www.torokfoto.hu\\\/blog\\\/oszi-dekor-fotokkal-es-kepkeretekkel-diy\\\/\",\"name\":\"\u0150szi dekor fot\u00f3kkal \u00e9s k\u00e9pkeretekkel! [DIY] - T\u00f6r\u00f6kFot\u00f3 Blog\",\"isPartOf\":{\"@id\":\"http:\\\/\\\/www.torokfoto.hu\\\/blog\\\/#website\"},\"primaryImageOfPage\":{\"@id\":\"http:\\\/\\\/www.torokfoto.hu\\\/blog\\\/oszi-dekor-fotokkal-es-kepkeretekkel-diy\\\/#primaryimage\"},\"image\":{\"@id\":\"http:\\\/\\\/www.torokfoto.hu\\\/blog\\\/oszi-dekor-fotokkal-es-kepkeretekkel-diy\\\/#primaryimage\"},\"thumbnailUrl\":\"http:\\\/\\\/www.torokfoto.hu\\\/blog\\\/wp-content\\\/uploads\\\/2016\\\/11\\\/cover.jpg\",\"datePublished\":\"2016-11-04T18:25:44+00:00\",\"dateModified\":\"2020-01-08T11:41:25+00:00\",\"author\":{\"@id\":\"http:\\\/\\\/www.torokfoto.hu\\\/blog\\\/#\\\/schema\\\/person\\\/15db174b0b57e6cb37c4b90725399434\"},\"breadcrumb\":{\"@id\":\"http:\\\/\\\/www.torokfoto.hu\\\/blog\\\/oszi-dekor-fotokkal-es-kepkeretekkel-diy\\\/#breadcrumb\"},\"inLanguage\":\"hu\",\"potentialAction\":[{\"@type\":\"ReadAction\",\"target\":[\"http:\\\/\\\/www.torokfoto.hu\\\/blog\\\/oszi-dekor-fotokkal-es-kepkeretekkel-diy\\\/\"]}]},{\"@type\":\"ImageObject\",\"inLanguage\":\"hu\",\"@id\":\"http:\\\/\\\/www.torokfoto.hu\\\/blog\\\/oszi-dekor-fotokkal-es-kepkeretekkel-diy\\\/#primaryimage\",\"url\":\"http:\\\/\\\/www.torokfoto.hu\\\/blog\\\/wp-content\\\/uploads\\\/2016\\\/11\\\/cover.jpg\",\"contentUrl\":\"http:\\\/\\\/www.torokfoto.hu\\\/blog\\\/wp-content\\\/uploads\\\/2016\\\/11\\\/cover.jpg\",\"width\":500,\"height\":750},{\"@type\":\"BreadcrumbList\",\"@id\":\"http:\\\/\\\/www.torokfoto.hu\\\/blog\\\/oszi-dekor-fotokkal-es-kepkeretekkel-diy\\\/#breadcrumb\",\"itemListElement\":[{\"@type\":\"ListItem\",\"position\":1,\"name\":\"Home\",\"item\":\"http:\\\/\\\/www.torokfoto.hu\\\/blog\\\/\"},{\"@type\":\"ListItem\",\"position\":2,\"name\":\"\u0150szi dekor fot\u00f3kkal \u00e9s k\u00e9pkeretekkel! [DIY]\"}]},{\"@type\":\"WebSite\",\"@id\":\"http:\\\/\\\/www.torokfoto.hu\\\/blog\\\/#website\",\"url\":\"http:\\\/\\\/www.torokfoto.hu\\\/blog\\\/\",\"name\":\"T\u00f6r\u00f6kFot\u00f3 Blog\",\"description\":\"T\u00f6r\u00f6kFot\u00f3 Blog\",\"potentialAction\":[{\"@type\":\"SearchAction\",\"target\":{\"@type\":\"EntryPoint\",\"urlTemplate\":\"http:\\\/\\\/www.torokfoto.hu\\\/blog\\\/?s={search_term_string}\"},\"query-input\":{\"@type\":\"PropertyValueSpecification\",\"valueRequired\":true,\"valueName\":\"search_term_string\"}}],\"inLanguage\":\"hu\"},{\"@type\":\"Person\",\"@id\":\"http:\\\/\\\/www.torokfoto.hu\\\/blog\\\/#\\\/schema\\\/person\\\/15db174b0b57e6cb37c4b90725399434\",\"name\":\"torokfoto\",\"image\":{\"@type\":\"ImageObject\",\"inLanguage\":\"hu\",\"@id\":\"https:\\\/\\\/secure.gravatar.com\\\/avatar\\\/84a893069261eb70289981cdfa31eafab34feeb3148b57a67c28f3f3d8bc3a30?s=96&d=mm&r=g\",\"url\":\"https:\\\/\\\/secure.gravatar.com\\\/avatar\\\/84a893069261eb70289981cdfa31eafab34feeb3148b57a67c28f3f3d8bc3a30?s=96&d=mm&r=g\",\"contentUrl\":\"https:\\\/\\\/secure.gravatar.com\\\/avatar\\\/84a893069261eb70289981cdfa31eafab34feeb3148b57a67c28f3f3d8bc3a30?s=96&d=mm&r=g\",\"caption\":\"torokfoto\"},\"url\":\"http:\\\/\\\/www.torokfoto.hu\\\/blog\\\/author\\\/torokfoto\\\/\"}]}<\/script>\n<!-- \/ Yoast SEO plugin. -->","yoast_head_json":{"title":"\u0150szi dekor fot\u00f3kkal \u00e9s k\u00e9pkeretekkel! [DIY] - T\u00f6r\u00f6kFot\u00f3 Blog","robots":{"index":"index","follow":"follow","max-snippet":"max-snippet:-1","max-image-preview":"max-image-preview:large","max-video-preview":"max-video-preview:-1"},"canonical":"http:\/\/www.torokfoto.hu\/blog\/oszi-dekor-fotokkal-es-kepkeretekkel-diy\/","og_locale":"hu_HU","og_type":"article","og_title":"\u0150szi dekor fot\u00f3kkal \u00e9s k\u00e9pkeretekkel! [DIY] - T\u00f6r\u00f6kFot\u00f3 Blog","og_description":"\u00dajra itt az \u0150sz. Ism\u00e9t itt az ideje a forr\u00f3 te\u00e1knak, a fah\u00e9j illatnak \u00e9s a meleg zokninak. \ud83d\ude42 De ne feledkezz\u00fcnk meg a lak\u00e1s dekor\u00e1l\u00e1s\u00e1r\u00f3l sem. Az \u0151szi term\u00e9sek, a sz\u00ednes falevelek csak \u00fagy k\u00edn\u00e1lj\u00e1k magukat a lak\u00e1s dekor\u00e1l\u00e1s\u00e1hoz. \u00cdgy hoztunk n\u00e9h\u00e1ny egyszer\u0171 \u00e9s sz\u00e9p p\u00e9ld\u00e1t, amik gyorsak \u00e9s\u00a0sz\u00edvet melenget\u0151ek. \u00a0\u00cdme&#8230; &nbsp;","og_url":"http:\/\/www.torokfoto.hu\/blog\/oszi-dekor-fotokkal-es-kepkeretekkel-diy\/","og_site_name":"T\u00f6r\u00f6kFot\u00f3 Blog","article_publisher":"https:\/\/www.facebook.com\/torokfoto","article_published_time":"2016-11-04T18:25:44+00:00","article_modified_time":"2020-01-08T11:41:25+00:00","og_image":[{"url":"http:\/\/www.torokfoto.hu\/blog\/wp-content\/uploads\/2016\/11\/cover.jpg","type":"","width":"","height":""}],"author":"torokfoto","twitter_misc":{"Written by":"torokfoto","Est. reading time":"3 perc"},"schema":{"@context":"https:\/\/schema.org","@graph":[{"@type":"Article","@id":"http:\/\/www.torokfoto.hu\/blog\/oszi-dekor-fotokkal-es-kepkeretekkel-diy\/#article","isPartOf":{"@id":"http:\/\/www.torokfoto.hu\/blog\/oszi-dekor-fotokkal-es-kepkeretekkel-diy\/"},"author":{"name":"torokfoto","@id":"http:\/\/www.torokfoto.hu\/blog\/#\/schema\/person\/15db174b0b57e6cb37c4b90725399434"},"headline":"\u0150szi dekor fot\u00f3kkal \u00e9s k\u00e9pkeretekkel! [DIY]","datePublished":"2016-11-04T18:25:44+00:00","dateModified":"2020-01-08T11:41:25+00:00","mainEntityOfPage":{"@id":"http:\/\/www.torokfoto.hu\/blog\/oszi-dekor-fotokkal-es-kepkeretekkel-diy\/"},"wordCount":676,"image":{"@id":"http:\/\/www.torokfoto.hu\/blog\/oszi-dekor-fotokkal-es-kepkeretekkel-diy\/#primaryimage"},"thumbnailUrl":"http:\/\/www.torokfoto.hu\/blog\/wp-content\/uploads\/2016\/11\/cover.jpg","keywords":["DIY"],"articleSection":["Egy\u00e9b"],"inLanguage":"hu"},{"@type":"WebPage","@id":"http:\/\/www.torokfoto.hu\/blog\/oszi-dekor-fotokkal-es-kepkeretekkel-diy\/","url":"http:\/\/www.torokfoto.hu\/blog\/oszi-dekor-fotokkal-es-kepkeretekkel-diy\/","name":"\u0150szi dekor fot\u00f3kkal \u00e9s k\u00e9pkeretekkel! [DIY] - T\u00f6r\u00f6kFot\u00f3 Blog","isPartOf":{"@id":"http:\/\/www.torokfoto.hu\/blog\/#website"},"primaryImageOfPage":{"@id":"http:\/\/www.torokfoto.hu\/blog\/oszi-dekor-fotokkal-es-kepkeretekkel-diy\/#primaryimage"},"image":{"@id":"http:\/\/www.torokfoto.hu\/blog\/oszi-dekor-fotokkal-es-kepkeretekkel-diy\/#primaryimage"},"thumbnailUrl":"http:\/\/www.torokfoto.hu\/blog\/wp-content\/uploads\/2016\/11\/cover.jpg","datePublished":"2016-11-04T18:25:44+00:00","dateModified":"2020-01-08T11:41:25+00:00","author":{"@id":"http:\/\/www.torokfoto.hu\/blog\/#\/schema\/person\/15db174b0b57e6cb37c4b90725399434"},"breadcrumb":{"@id":"http:\/\/www.torokfoto.hu\/blog\/oszi-dekor-fotokkal-es-kepkeretekkel-diy\/#breadcrumb"},"inLanguage":"hu","potentialAction":[{"@type":"ReadAction","target":["http:\/\/www.torokfoto.hu\/blog\/oszi-dekor-fotokkal-es-kepkeretekkel-diy\/"]}]},{"@type":"ImageObject","inLanguage":"hu","@id":"http:\/\/www.torokfoto.hu\/blog\/oszi-dekor-fotokkal-es-kepkeretekkel-diy\/#primaryimage","url":"http:\/\/www.torokfoto.hu\/blog\/wp-content\/uploads\/2016\/11\/cover.jpg","contentUrl":"http:\/\/www.torokfoto.hu\/blog\/wp-content\/uploads\/2016\/11\/cover.jpg","width":500,"height":750},{"@type":"BreadcrumbList","@id":"http:\/\/www.torokfoto.hu\/blog\/oszi-dekor-fotokkal-es-kepkeretekkel-diy\/#breadcrumb","itemListElement":[{"@type":"ListItem","position":1,"name":"Home","item":"http:\/\/www.torokfoto.hu\/blog\/"},{"@type":"ListItem","position":2,"name":"\u0150szi dekor fot\u00f3kkal \u00e9s k\u00e9pkeretekkel! [DIY]"}]},{"@type":"WebSite","@id":"http:\/\/www.torokfoto.hu\/blog\/#website","url":"http:\/\/www.torokfoto.hu\/blog\/","name":"T\u00f6r\u00f6kFot\u00f3 Blog","description":"T\u00f6r\u00f6kFot\u00f3 Blog","potentialAction":[{"@type":"SearchAction","target":{"@type":"EntryPoint","urlTemplate":"http:\/\/www.torokfoto.hu\/blog\/?s={search_term_string}"},"query-input":{"@type":"PropertyValueSpecification","valueRequired":true,"valueName":"search_term_string"}}],"inLanguage":"hu"},{"@type":"Person","@id":"http:\/\/www.torokfoto.hu\/blog\/#\/schema\/person\/15db174b0b57e6cb37c4b90725399434","name":"torokfoto","image":{"@type":"ImageObject","inLanguage":"hu","@id":"https:\/\/secure.gravatar.com\/avatar\/84a893069261eb70289981cdfa31eafab34feeb3148b57a67c28f3f3d8bc3a30?s=96&d=mm&r=g","url":"https:\/\/secure.gravatar.com\/avatar\/84a893069261eb70289981cdfa31eafab34feeb3148b57a67c28f3f3d8bc3a30?s=96&d=mm&r=g","contentUrl":"https:\/\/secure.gravatar.com\/avatar\/84a893069261eb70289981cdfa31eafab34feeb3148b57a67c28f3f3d8bc3a30?s=96&d=mm&r=g","caption":"torokfoto"},"url":"http:\/\/www.torokfoto.hu\/blog\/author\/torokfoto\/"}]}},"_links":{"self":[{"href":"http:\/\/www.torokfoto.hu\/blog\/wp-json\/wp\/v2\/posts\/1732","targetHints":{"allow":["GET"]}}],"collection":[{"href":"http:\/\/www.torokfoto.hu\/blog\/wp-json\/wp\/v2\/posts"}],"about":[{"href":"http:\/\/www.torokfoto.hu\/blog\/wp-json\/wp\/v2\/types\/post"}],"author":[{"embeddable":true,"href":"http:\/\/www.torokfoto.hu\/blog\/wp-json\/wp\/v2\/users\/1"}],"replies":[{"embeddable":true,"href":"http:\/\/www.torokfoto.hu\/blog\/wp-json\/wp\/v2\/comments?post=1732"}],"version-history":[{"count":10,"href":"http:\/\/www.torokfoto.hu\/blog\/wp-json\/wp\/v2\/posts\/1732\/revisions"}],"predecessor-version":[{"id":1747,"href":"http:\/\/www.torokfoto.hu\/blog\/wp-json\/wp\/v2\/posts\/1732\/revisions\/1747"}],"wp:attachment":[{"href":"http:\/\/www.torokfoto.hu\/blog\/wp-json\/wp\/v2\/media?parent=1732"}],"wp:term":[{"taxonomy":"category","embeddable":true,"href":"http:\/\/www.torokfoto.hu\/blog\/wp-json\/wp\/v2\/categories?post=1732"},{"taxonomy":"post_tag","embeddable":true,"href":"http:\/\/www.torokfoto.hu\/blog\/wp-json\/wp\/v2\/tags?post=1732"}],"curies":[{"name":"wp","href":"https:\/\/api.w.org\/{rel}","templated":true}]}}