{"id":1712,"date":"2016-10-22T20:14:47","date_gmt":"2016-10-22T18:14:47","guid":{"rendered":"http:\/\/www.torokfoto.hu\/blog\/?p=1712"},"modified":"2020-01-08T12:41:25","modified_gmt":"2020-01-08T11:41:25","slug":"2016-legjobb-termeszetfotosai","status":"publish","type":"post","link":"http:\/\/www.torokfoto.hu\/blog\/2016-legjobb-termeszetfotosai\/","title":{"rendered":"2016 legjobb term\u00e9szetfot\u00f3sai"},"content":{"rendered":"<p style=\"text-align: justify;\"><a href=\"http:\/\/www.torokfoto.hu\/blog\/wp-content\/uploads\/2016\/10\/Poty\u00f3-Imre.jpeg\"><img loading=\"lazy\" decoding=\"async\" class=\"aligncenter size-full wp-image-1713\" src=\"http:\/\/www.torokfoto.hu\/blog\/wp-content\/uploads\/2016\/10\/Poty\u00f3-Imre.jpeg\" alt=\"potyo-imre\" width=\"1160\" height=\"782\" srcset=\"http:\/\/www.torokfoto.hu\/blog\/wp-content\/uploads\/2016\/10\/Poty\u00f3-Imre.jpeg 1160w, http:\/\/www.torokfoto.hu\/blog\/wp-content\/uploads\/2016\/10\/Poty\u00f3-Imre-300x202.jpeg 300w, http:\/\/www.torokfoto.hu\/blog\/wp-content\/uploads\/2016\/10\/Poty\u00f3-Imre-1024x690.jpeg 1024w\" sizes=\"auto, (max-width: 1160px) 100vw, 1160px\" \/><\/a><\/p>\n<p style=\"text-align: justify;\">Az <strong>\u00e9v term\u00e9szetfot\u00f3sa<\/strong> p\u00e1ly\u00e1zatot el\u0151sz\u00f6r 1965-ben hirdette meg a BBC Wildlife Magazine. Manaps\u00e1g a londoni <strong><a href=\"https:\/\/www.theguardian.com\/environment\/gallery\/2016\/aug\/31\/2016-wildlife-photographer-of-the-year-finalists?utm_term=Autofeed&amp;CMP=fb_a-environment_b-gdnenvironment#link_time=1472598331\" target=\"_blank\">Term\u00e9szettudom\u00e1nyi M\u00fazeum<\/a><\/strong> szervezi a fot\u00f3p\u00e1ly\u00e1zatot, ahol m\u00e1r nem csak \u00e1llatos t\u00e9m\u00e1j\u00fa f\u00e9nyk\u00e9pekkel lehet benevezni, hanem k\u00fcl\u00f6nb\u00f6z\u0151 kateg\u00f3ri\u00e1kkal biztos\u00edtanak helyet tov\u00e1bbi kiemelked\u0151 fot\u00f3k sz\u00e1m\u00e1ra. \u00d6sszesen <strong>100 fot\u00f3b\u00f3l<\/strong> v\u00e1lasztj\u00e1k ki a gy\u0151ztest. A <strong>gy\u0151ztes fot\u00f3t<\/strong> \u00e9s a <strong>d\u00f6nt\u0151s k\u00e9peket ki\u00e1ll\u00edtj\u00e1k<\/strong> a m\u00fazeumban, ezek ut\u00e1n\u00a0pedig turn\u00e9ra ind\u00edtj\u00e1k \u0151ket.<\/p>\n<p style=\"text-align: justify;\"><!--more--><\/p>\n<p style=\"text-align: justify;\">\n<p>&nbsp;<\/p>\n<p style=\"text-align: justify;\"><strong>A 2016-os p\u00e1ly\u00e1zat d\u00f6nt\u0151sei:<\/strong><\/p>\n<figure id=\"attachment_1714\" class=\"thumbnail wp-caption aligncenter\" style=\"width: 1170px\"><a href=\"http:\/\/www.torokfoto.hu\/blog\/wp-content\/uploads\/2016\/10\/Alexandre-Hec.jpeg\"><img loading=\"lazy\" decoding=\"async\" class=\"wp-image-1714 size-full\" src=\"http:\/\/www.torokfoto.hu\/blog\/wp-content\/uploads\/2016\/10\/Alexandre-Hec.jpeg\" alt=\"alexandre-hec\" width=\"1160\" height=\"770\" srcset=\"http:\/\/www.torokfoto.hu\/blog\/wp-content\/uploads\/2016\/10\/Alexandre-Hec.jpeg 1160w, http:\/\/www.torokfoto.hu\/blog\/wp-content\/uploads\/2016\/10\/Alexandre-Hec-300x199.jpeg 300w, http:\/\/www.torokfoto.hu\/blog\/wp-content\/uploads\/2016\/10\/Alexandre-Hec-1024x680.jpeg 1024w\" sizes=\"auto, (max-width: 1160px) 100vw, 1160px\" \/><\/a><figcaption class=\"caption wp-caption-text\">Vulk\u00e1nkit\u00f6r\u00e9s Hawaiin &#8211; Alexandre Hec<\/figcaption><\/figure>\n<p>&nbsp;<\/p>\n<div class=\"su-box su-box-style-default\" id=\"\" style=\"border-color:#360f0f;border-radius:3px;max-width:none\"><div class=\"su-box-title\" style=\"background-color:#694242;color:#FFFFFF;border-top-left-radius:1px;border-top-right-radius:1px\">Tipp: H\u00edvasd el\u0151 fot\u00f3idat a T\u00f6r\u00f6kFot\u00f3n\u00e1l!<\/div><div class=\"su-box-content su-u-clearfix su-u-trim\" style=\"border-bottom-left-radius:1px;border-bottom-right-radius:1px\">\n<p>L\u00e1togass el miskolci \u00fczlet\u00fcnkbe vagy\u00a0h\u00edvasd el\u0151 a legjobb fot\u00f3idat a\u00a0<a href=\"http:\/\/www.torokfoto.hu\/termekek\/fotokidolgozas\" target=\"_blank\">T\u00f6r\u00f6kFot\u00f3<\/a>\u00a0honlapj\u00e1n!<\/p>\n<p>Az orsz\u00e1g b\u00e1rmely r\u00e9sz\u00e9re kisz\u00e1ll\u00edtjuk el\u0151h\u00edvott\u00a0fot\u00f3idat!<\/p>\n<\/div><\/div>\n<p>&nbsp;<\/p>\n<figure id=\"attachment_1715\" class=\"thumbnail wp-caption aligncenter\" style=\"width: 1170px\"><a href=\"http:\/\/www.torokfoto.hu\/blog\/wp-content\/uploads\/2016\/10\/Audun-Rikardsen.jpeg\"><img loading=\"lazy\" decoding=\"async\" class=\"size-full wp-image-1715\" src=\"http:\/\/www.torokfoto.hu\/blog\/wp-content\/uploads\/2016\/10\/Audun-Rikardsen.jpeg\" alt=\"Kardsz\u00e1rny\u00fa delfin falatozik a hal\u00e1szok h\u00e1l\u00f3j\u00e1b\u00f3l kies\u0151 halakb\u00f3l norv\u00e9g vizeken - Audun Rikardsen\" width=\"1160\" height=\"805\" srcset=\"http:\/\/www.torokfoto.hu\/blog\/wp-content\/uploads\/2016\/10\/Audun-Rikardsen.jpeg 1160w, http:\/\/www.torokfoto.hu\/blog\/wp-content\/uploads\/2016\/10\/Audun-Rikardsen-300x208.jpeg 300w, http:\/\/www.torokfoto.hu\/blog\/wp-content\/uploads\/2016\/10\/Audun-Rikardsen-1024x711.jpeg 1024w\" sizes=\"auto, (max-width: 1160px) 100vw, 1160px\" \/><\/a><figcaption class=\"caption wp-caption-text\">Kardsz\u00e1rny\u00fa delfin falatozik a hal\u00e1szok h\u00e1l\u00f3j\u00e1b\u00f3l kies\u0151 halakb\u00f3l norv\u00e9g vizeken &#8211; Audun Rikardsen<\/figcaption><\/figure>\n<p>&nbsp;<\/p>\n<figure id=\"attachment_1716\" class=\"thumbnail wp-caption aligncenter\" style=\"width: 1170px\"><a href=\"http:\/\/www.torokfoto.hu\/blog\/wp-content\/uploads\/2016\/10\/Dhyey-Shah.jpeg\"><img loading=\"lazy\" decoding=\"async\" class=\"size-full wp-image-1716\" src=\"http:\/\/www.torokfoto.hu\/blog\/wp-content\/uploads\/2016\/10\/Dhyey-Shah.jpeg\" alt=\"Langur Indi\u00e1ban, \u00f6sszesen 2500 feln\u0151tt p\u00e9ld\u00e1ny \u00e9l ebb\u0151l a fajb\u00f3l - Dhyey Shah\" width=\"1160\" height=\"722\" srcset=\"http:\/\/www.torokfoto.hu\/blog\/wp-content\/uploads\/2016\/10\/Dhyey-Shah.jpeg 1160w, http:\/\/www.torokfoto.hu\/blog\/wp-content\/uploads\/2016\/10\/Dhyey-Shah-300x187.jpeg 300w, http:\/\/www.torokfoto.hu\/blog\/wp-content\/uploads\/2016\/10\/Dhyey-Shah-1024x637.jpeg 1024w\" sizes=\"auto, (max-width: 1160px) 100vw, 1160px\" \/><\/a><figcaption class=\"caption wp-caption-text\">Langur Indi\u00e1ban, \u00f6sszesen 2500 feln\u0151tt p\u00e9ld\u00e1ny \u00e9l ebb\u0151l a fajb\u00f3l &#8211; Dhyey Shah<\/figcaption><\/figure>\n<p>&nbsp;<\/p>\n<figure id=\"attachment_1717\" class=\"thumbnail wp-caption aligncenter\" style=\"width: 1170px\"><a href=\"http:\/\/www.torokfoto.hu\/blog\/wp-content\/uploads\/2016\/10\/Jago-Leonardo.jpeg\"><img loading=\"lazy\" decoding=\"async\" class=\"size-full wp-image-1717\" src=\"http:\/\/www.torokfoto.hu\/blog\/wp-content\/uploads\/2016\/10\/Jago-Leonardo.jpeg\" alt=\"\u00c1tl\u00e1tsz\u00f3nak t\u0171n\u0151 halak Spanyolorsz\u00e1gban - Jago Leonardo\" width=\"1160\" height=\"773\" srcset=\"http:\/\/www.torokfoto.hu\/blog\/wp-content\/uploads\/2016\/10\/Jago-Leonardo.jpeg 1160w, http:\/\/www.torokfoto.hu\/blog\/wp-content\/uploads\/2016\/10\/Jago-Leonardo-300x200.jpeg 300w, http:\/\/www.torokfoto.hu\/blog\/wp-content\/uploads\/2016\/10\/Jago-Leonardo-1024x682.jpeg 1024w\" sizes=\"auto, (max-width: 1160px) 100vw, 1160px\" \/><\/a><figcaption class=\"caption wp-caption-text\">\u00c1tl\u00e1tsz\u00f3nak t\u0171n\u0151 halak Spanyolorsz\u00e1gban &#8211; Jago Leonardo<\/figcaption><\/figure>\n<p>&nbsp;<\/p>\n<div class=\"su-box su-box-style-default\" id=\"\" style=\"border-color:#360f0f;border-radius:3px;max-width:none\"><div class=\"su-box-title\" style=\"background-color:#694242;color:#FFFFFF;border-top-left-radius:1px;border-top-right-radius:1px\">Tipp: H\u00edvasd el\u0151 fot\u00f3idat a T\u00f6r\u00f6kFot\u00f3n\u00e1l!<\/div><div class=\"su-box-content su-u-clearfix su-u-trim\" style=\"border-bottom-left-radius:1px;border-bottom-right-radius:1px\">\n<p>L\u00e1togass el miskolci \u00fczlet\u00fcnkbe vagy\u00a0h\u00edvasd el\u0151 a legjobb fot\u00f3idat a\u00a0<a href=\"http:\/\/www.torokfoto.hu\/termekek\/fotokidolgozas\" target=\"_blank\">T\u00f6r\u00f6kFot\u00f3<\/a>\u00a0honlapj\u00e1n!<\/p>\n<p>Az orsz\u00e1g b\u00e1rmely r\u00e9sz\u00e9re kisz\u00e1ll\u00edtjuk el\u0151h\u00edvott\u00a0fot\u00f3idat!<\/p>\n<\/div><\/div>\n<p>&nbsp;<\/p>\n<figure id=\"attachment_1718\" class=\"thumbnail wp-caption aligncenter\" style=\"width: 1170px\"><a href=\"http:\/\/www.torokfoto.hu\/blog\/wp-content\/uploads\/2016\/10\/Lance-van-de-Vyver.jpeg\"><img loading=\"lazy\" decoding=\"async\" class=\"size-full wp-image-1718\" src=\"http:\/\/www.torokfoto.hu\/blog\/wp-content\/uploads\/2016\/10\/Lance-van-de-Vyver.jpeg\" alt=\"Egy fiatal oroszl\u00e1n \u00e9s egy tobozoska tal\u00e1lkoz\u00e1sa - Lance van de Vyver\" width=\"1160\" height=\"652\" srcset=\"http:\/\/www.torokfoto.hu\/blog\/wp-content\/uploads\/2016\/10\/Lance-van-de-Vyver.jpeg 1160w, http:\/\/www.torokfoto.hu\/blog\/wp-content\/uploads\/2016\/10\/Lance-van-de-Vyver-300x169.jpeg 300w, http:\/\/www.torokfoto.hu\/blog\/wp-content\/uploads\/2016\/10\/Lance-van-de-Vyver-1024x576.jpeg 1024w\" sizes=\"auto, (max-width: 1160px) 100vw, 1160px\" \/><\/a><figcaption class=\"caption wp-caption-text\">Egy fiatal oroszl\u00e1n \u00e9s egy tobozoska tal\u00e1lkoz\u00e1sa &#8211; Lance van de Vyver<\/figcaption><\/figure>\n<p>&nbsp;<\/p>\n<figure id=\"attachment_1719\" class=\"thumbnail wp-caption aligncenter\" style=\"width: 1020px\"><a href=\"http:\/\/www.torokfoto.hu\/blog\/wp-content\/uploads\/2016\/10\/Mario-Cea-.jpg\"><img loading=\"lazy\" decoding=\"async\" class=\"size-full wp-image-1719\" src=\"http:\/\/www.torokfoto.hu\/blog\/wp-content\/uploads\/2016\/10\/Mario-Cea-.jpg\" alt=\"Mario Cea\" width=\"1010\" height=\"699\" srcset=\"http:\/\/www.torokfoto.hu\/blog\/wp-content\/uploads\/2016\/10\/Mario-Cea-.jpg 1010w, http:\/\/www.torokfoto.hu\/blog\/wp-content\/uploads\/2016\/10\/Mario-Cea--300x208.jpg 300w\" sizes=\"auto, (max-width: 1010px) 100vw, 1010px\" \/><\/a><figcaption class=\"caption wp-caption-text\">Mario Cea<\/figcaption><\/figure>\n<p>&nbsp;<\/p>\n<div class=\"su-box su-box-style-default\" id=\"\" style=\"border-color:#360f0f;border-radius:3px;max-width:none\"><div class=\"su-box-title\" style=\"background-color:#694242;color:#FFFFFF;border-top-left-radius:1px;border-top-right-radius:1px\">Tipp: H\u00edvasd el\u0151 fot\u00f3idat a T\u00f6r\u00f6kFot\u00f3n\u00e1l!<\/div><div class=\"su-box-content su-u-clearfix su-u-trim\" style=\"border-bottom-left-radius:1px;border-bottom-right-radius:1px\">\n<p>L\u00e1togass el miskolci \u00fczlet\u00fcnkbe vagy\u00a0h\u00edvasd el\u0151 a legjobb fot\u00f3idat a\u00a0<a href=\"http:\/\/www.torokfoto.hu\/termekek\/fotokidolgozas\" target=\"_blank\">T\u00f6r\u00f6kFot\u00f3<\/a>\u00a0honlapj\u00e1n!<\/p>\n<p>Az orsz\u00e1g b\u00e1rmely r\u00e9sz\u00e9re kisz\u00e1ll\u00edtjuk el\u0151h\u00edvott\u00a0fot\u00f3idat!<\/p>\n<\/div><\/div>\n<p>&nbsp;<\/p>\n<figure id=\"attachment_1720\" class=\"thumbnail wp-caption aligncenter\" style=\"width: 1930px\"><a href=\"http:\/\/www.torokfoto.hu\/blog\/wp-content\/uploads\/2016\/10\/sam-hobson.jpeg\"><img loading=\"lazy\" decoding=\"async\" class=\"size-full wp-image-1720\" src=\"http:\/\/www.torokfoto.hu\/blog\/wp-content\/uploads\/2016\/10\/sam-hobson.jpeg\" alt=\"A r\u00f3ka - Sam Hobson\" width=\"1920\" height=\"1282\" srcset=\"http:\/\/www.torokfoto.hu\/blog\/wp-content\/uploads\/2016\/10\/sam-hobson.jpeg 1920w, http:\/\/www.torokfoto.hu\/blog\/wp-content\/uploads\/2016\/10\/sam-hobson-300x200.jpeg 300w, http:\/\/www.torokfoto.hu\/blog\/wp-content\/uploads\/2016\/10\/sam-hobson-1024x684.jpeg 1024w\" sizes=\"auto, (max-width: 1920px) 100vw, 1920px\" \/><\/a><figcaption class=\"caption wp-caption-text\">A r\u00f3ka &#8211; Sam Hobson<\/figcaption><\/figure>\n<p>&nbsp;<\/p>\n<figure id=\"attachment_1721\" class=\"thumbnail wp-caption aligncenter\" style=\"width: 1170px\"><a href=\"http:\/\/www.torokfoto.hu\/blog\/wp-content\/uploads\/2016\/10\/Scott-Portelli.jpeg\"><img loading=\"lazy\" decoding=\"async\" class=\"size-full wp-image-1721\" src=\"http:\/\/www.torokfoto.hu\/blog\/wp-content\/uploads\/2016\/10\/Scott-Portelli.jpeg\" alt=\"Tintahalak verekednek Ausztr\u00e1lia partjain\u00e1l - Scott Portelli \" width=\"1160\" height=\"773\" srcset=\"http:\/\/www.torokfoto.hu\/blog\/wp-content\/uploads\/2016\/10\/Scott-Portelli.jpeg 1160w, http:\/\/www.torokfoto.hu\/blog\/wp-content\/uploads\/2016\/10\/Scott-Portelli-300x200.jpeg 300w, http:\/\/www.torokfoto.hu\/blog\/wp-content\/uploads\/2016\/10\/Scott-Portelli-1024x682.jpeg 1024w\" sizes=\"auto, (max-width: 1160px) 100vw, 1160px\" \/><\/a><figcaption class=\"caption wp-caption-text\">Tintahalak verekednek Ausztr\u00e1lia partjain\u00e1l &#8211; Scott Portelli<\/figcaption><\/figure>\n<p>&nbsp;<\/p>\n<figure id=\"attachment_1722\" class=\"thumbnail wp-caption aligncenter\" style=\"width: 1170px\"><a href=\"http:\/\/www.torokfoto.hu\/blog\/wp-content\/uploads\/2016\/10\/Willem-Kruger.jpeg\"><img loading=\"lazy\" decoding=\"async\" class=\"size-full wp-image-1722\" src=\"http:\/\/www.torokfoto.hu\/blog\/wp-content\/uploads\/2016\/10\/Willem-Kruger.jpeg\" alt=\"Termeszt fogyaszt egy s\u00e1rga szarvascs\u0151r\u0171 mad\u00e1r D\u00e9l-Afrik\u00e1ban - Willem Kruger \" width=\"1160\" height=\"772\" srcset=\"http:\/\/www.torokfoto.hu\/blog\/wp-content\/uploads\/2016\/10\/Willem-Kruger.jpeg 1160w, http:\/\/www.torokfoto.hu\/blog\/wp-content\/uploads\/2016\/10\/Willem-Kruger-300x200.jpeg 300w, http:\/\/www.torokfoto.hu\/blog\/wp-content\/uploads\/2016\/10\/Willem-Kruger-1024x681.jpeg 1024w\" sizes=\"auto, (max-width: 1160px) 100vw, 1160px\" \/><\/a><figcaption class=\"caption wp-caption-text\">Termeszt fogyaszt egy s\u00e1rga szarvascs\u0151r\u0171 mad\u00e1r D\u00e9l-Afrik\u00e1ban &#8211; Willem Kruger<\/figcaption><\/figure>\n<p>&nbsp;<\/p>\n<p><strong>A gy\u0151ztes:<\/strong><\/p>\n<figure id=\"attachment_1723\" class=\"thumbnail wp-caption aligncenter\" style=\"width: 655px\"><a href=\"http:\/\/www.torokfoto.hu\/blog\/wp-content\/uploads\/2016\/10\/Tim-Laman.jpg\"><img loading=\"lazy\" decoding=\"async\" class=\"size-full wp-image-1723\" src=\"http:\/\/www.torokfoto.hu\/blog\/wp-content\/uploads\/2016\/10\/Tim-Laman.jpg\" alt=\"Egybefon\u00f3dott \u00e9letek - Tim Laman \" width=\"645\" height=\"484\" srcset=\"http:\/\/www.torokfoto.hu\/blog\/wp-content\/uploads\/2016\/10\/Tim-Laman.jpg 645w, http:\/\/www.torokfoto.hu\/blog\/wp-content\/uploads\/2016\/10\/Tim-Laman-300x225.jpg 300w\" sizes=\"auto, (max-width: 645px) 100vw, 645px\" \/><\/a><figcaption class=\"caption wp-caption-text\">Egybefon\u00f3dott \u00e9letek &#8211; Tim Laman<\/figcaption><\/figure>\n<p>&nbsp;<\/p>\n<p style=\"text-align: justify;\"><strong>\u201cNagyon-nagyon sok \u00e9ve \u00e1lmodozom err\u0151l a k\u00e9pr\u0151l\u201d<\/strong> \u2013 mondta Laman, aki biol\u00f3gus \u00e9s\u00a0fot\u00f3riporter is egyben. Mint felid\u00e9zte, napokig k\u00f6vette az orangut\u00e1nt, mire elvezette \u0151t a k\u00e9pen l\u00e1that\u00f3 fojt\u00f3f\u00fcg\u00e9hez. \u201cMiut\u00e1n az \u00e1llat j\u00f3llakott \u00e9s elment, felm\u00e1sztam a f\u00e1ra, \u00e9s felaggattam r\u00e1 h\u00e1rom t\u00e1vir\u00e1ny\u00edt\u00e1s\u00fa f\u00e9nyk\u00e9pez\u0151g\u00e9pet. Azt\u00e1n v\u00e1rtam, hogy az orangut\u00e1n m\u00e1snap visszaj\u00f6jj\u00f6n, majd a talajr\u00f3l els\u00fct\u00f6ttem a g\u00e9peket\u201d.<\/p>\n<p>&nbsp;<\/p>\n<p style=\"text-align: justify;\">\n<p style=\"text-align: justify;\">\n<div class=\"su-box su-box-style-default\" id=\"\" style=\"border-color:#360f0f;border-radius:3px;max-width:none\"><div class=\"su-box-title\" style=\"background-color:#694242;color:#FFFFFF;border-top-left-radius:1px;border-top-right-radius:1px\">Tipp: H\u00edvasd el\u0151 fot\u00f3idat a T\u00f6r\u00f6kFot\u00f3n\u00e1l!<\/div><div class=\"su-box-content su-u-clearfix su-u-trim\" style=\"border-bottom-left-radius:1px;border-bottom-right-radius:1px\">\n<p>L\u00e1togass el miskolci \u00fczlet\u00fcnkbe vagy\u00a0h\u00edvasd el\u0151 a legjobb fot\u00f3idat a\u00a0<a href=\"http:\/\/www.torokfoto.hu\/termekek\/fotokidolgozas\" target=\"_blank\">T\u00f6r\u00f6kFot\u00f3<\/a>\u00a0honlapj\u00e1n!<\/p>\n<p>Az orsz\u00e1g b\u00e1rmely r\u00e9sz\u00e9re kisz\u00e1ll\u00edtjuk el\u0151h\u00edvott\u00a0fot\u00f3idat!<\/p>\n<\/div><\/div>\n<p style=\"text-align: justify;\">\n<p>&nbsp;<\/p>\n<p style=\"text-align: justify;\">Ilyen kitart\u00e1s \u00e9s elk\u00f6telezetts\u00e9g sz\u00fcks\u00e9ges ahhoz, hogy valaki csod\u00e1latosan maradand\u00f3t alkosson. <strong>Nektek melyik k\u00e9p tetszik a legjobban?<\/strong><\/p>\n<p style=\"text-align: justify;\">\n<p style=\"text-align: center;\">Sz\u00edvesen <strong>olvasn\u00e1tok<\/strong>\u00a0<strong>m\u00e9g<\/strong> hasonl\u00f3 cikkeket a\u00a0fot\u00f3z\u00e1sr\u00f3l? Akkor k\u00f6vessetek minket a\u00a0<a href=\"https:\/\/www.facebook.com\/torokfoto?fref=ts\" target=\"_blank\">Facebookon<\/a>\u00a0is! \ud83d\ude42<\/p>\n","protected":false},"excerpt":{"rendered":"<p>Az \u00e9v term\u00e9szetfot\u00f3sa p\u00e1ly\u00e1zatot el\u0151sz\u00f6r 1965-ben hirdette meg a BBC Wildlife Magazine. Manaps\u00e1g a londoni Term\u00e9szettudom\u00e1nyi M\u00fazeum szervezi a fot\u00f3p\u00e1ly\u00e1zatot, ahol m\u00e1r nem csak \u00e1llatos t\u00e9m\u00e1j\u00fa f\u00e9nyk\u00e9pekkel lehet benevezni, hanem k\u00fcl\u00f6nb\u00f6z\u0151 kateg\u00f3ri\u00e1kkal biztos\u00edtanak helyet tov\u00e1bbi kiemelked\u0151 fot\u00f3k sz\u00e1m\u00e1ra. \u00d6sszesen 100 fot\u00f3b\u00f3l v\u00e1lasztj\u00e1k ki a gy\u0151ztest. A gy\u0151ztes fot\u00f3t \u00e9s a d\u00f6nt\u0151s k\u00e9peket ki\u00e1ll\u00edtj\u00e1k a m\u00fazeumban, [&hellip;]<\/p>\n","protected":false},"author":1,"featured_media":0,"comment_status":"closed","ping_status":"closed","sticky":false,"template":"","format":"standard","meta":{"footnotes":""},"categories":[1],"tags":[],"class_list":["post-1712","post","type-post","status-publish","format-standard","hentry","category-egyeb"],"yoast_head":"<!-- This site is optimized with the Yoast SEO plugin v27.5 - https:\/\/yoast.com\/product\/yoast-seo-wordpress\/ -->\n<title>2016 legjobb term\u00e9szetfot\u00f3sai - T\u00f6r\u00f6kFot\u00f3 Blog<\/title>\n<meta name=\"robots\" content=\"index, follow, max-snippet:-1, max-image-preview:large, max-video-preview:-1\" \/>\n<link rel=\"canonical\" href=\"https:\/\/www.torokfoto.hu\/blog\/2016-legjobb-termeszetfotosai\/\" \/>\n<meta property=\"og:locale\" content=\"hu_HU\" \/>\n<meta property=\"og:type\" content=\"article\" \/>\n<meta property=\"og:title\" content=\"2016 legjobb term\u00e9szetfot\u00f3sai - T\u00f6r\u00f6kFot\u00f3 Blog\" \/>\n<meta property=\"og:description\" content=\"Az \u00e9v term\u00e9szetfot\u00f3sa p\u00e1ly\u00e1zatot el\u0151sz\u00f6r 1965-ben hirdette meg a BBC Wildlife Magazine. Manaps\u00e1g a londoni Term\u00e9szettudom\u00e1nyi M\u00fazeum szervezi a fot\u00f3p\u00e1ly\u00e1zatot, ahol m\u00e1r nem csak \u00e1llatos t\u00e9m\u00e1j\u00fa f\u00e9nyk\u00e9pekkel lehet benevezni, hanem k\u00fcl\u00f6nb\u00f6z\u0151 kateg\u00f3ri\u00e1kkal biztos\u00edtanak helyet tov\u00e1bbi kiemelked\u0151 fot\u00f3k sz\u00e1m\u00e1ra. \u00d6sszesen 100 fot\u00f3b\u00f3l v\u00e1lasztj\u00e1k ki a gy\u0151ztest. A gy\u0151ztes fot\u00f3t \u00e9s a d\u00f6nt\u0151s k\u00e9peket ki\u00e1ll\u00edtj\u00e1k a m\u00fazeumban, [&hellip;]\" \/>\n<meta property=\"og:url\" content=\"https:\/\/www.torokfoto.hu\/blog\/2016-legjobb-termeszetfotosai\/\" \/>\n<meta property=\"og:site_name\" content=\"T\u00f6r\u00f6kFot\u00f3 Blog\" \/>\n<meta property=\"article:publisher\" content=\"https:\/\/www.facebook.com\/torokfoto\" \/>\n<meta property=\"article:published_time\" content=\"2016-10-22T18:14:47+00:00\" \/>\n<meta property=\"article:modified_time\" content=\"2020-01-08T11:41:25+00:00\" \/>\n<meta property=\"og:image\" content=\"http:\/\/www.torokfoto.hu\/blog\/wp-content\/uploads\/2016\/10\/Alexandre-Hec.jpeg\" \/>\n<meta name=\"author\" content=\"torokfoto\" \/>\n<meta name=\"twitter:label1\" content=\"Written by\" \/>\n\t<meta name=\"twitter:data1\" content=\"torokfoto\" \/>\n\t<meta name=\"twitter:label2\" content=\"Est. reading time\" \/>\n\t<meta name=\"twitter:data2\" content=\"3 perc\" \/>\n<script type=\"application\/ld+json\" class=\"yoast-schema-graph\">{\"@context\":\"https:\\\/\\\/schema.org\",\"@graph\":[{\"@type\":\"Article\",\"@id\":\"https:\\\/\\\/www.torokfoto.hu\\\/blog\\\/2016-legjobb-termeszetfotosai\\\/#article\",\"isPartOf\":{\"@id\":\"https:\\\/\\\/www.torokfoto.hu\\\/blog\\\/2016-legjobb-termeszetfotosai\\\/\"},\"author\":{\"name\":\"torokfoto\",\"@id\":\"http:\\\/\\\/www.torokfoto.hu\\\/blog\\\/#\\\/schema\\\/person\\\/15db174b0b57e6cb37c4b90725399434\"},\"headline\":\"2016 legjobb term\u00e9szetfot\u00f3sai\",\"datePublished\":\"2016-10-22T18:14:47+00:00\",\"dateModified\":\"2020-01-08T11:41:25+00:00\",\"mainEntityOfPage\":{\"@id\":\"https:\\\/\\\/www.torokfoto.hu\\\/blog\\\/2016-legjobb-termeszetfotosai\\\/\"},\"wordCount\":675,\"image\":{\"@id\":\"https:\\\/\\\/www.torokfoto.hu\\\/blog\\\/2016-legjobb-termeszetfotosai\\\/#primaryimage\"},\"thumbnailUrl\":\"http:\\\/\\\/www.torokfoto.hu\\\/blog\\\/wp-content\\\/uploads\\\/2016\\\/10\\\/Alexandre-Hec.jpeg\",\"articleSection\":[\"Egy\u00e9b\"],\"inLanguage\":\"hu\"},{\"@type\":\"WebPage\",\"@id\":\"https:\\\/\\\/www.torokfoto.hu\\\/blog\\\/2016-legjobb-termeszetfotosai\\\/\",\"url\":\"https:\\\/\\\/www.torokfoto.hu\\\/blog\\\/2016-legjobb-termeszetfotosai\\\/\",\"name\":\"2016 legjobb term\u00e9szetfot\u00f3sai - T\u00f6r\u00f6kFot\u00f3 Blog\",\"isPartOf\":{\"@id\":\"http:\\\/\\\/www.torokfoto.hu\\\/blog\\\/#website\"},\"primaryImageOfPage\":{\"@id\":\"https:\\\/\\\/www.torokfoto.hu\\\/blog\\\/2016-legjobb-termeszetfotosai\\\/#primaryimage\"},\"image\":{\"@id\":\"https:\\\/\\\/www.torokfoto.hu\\\/blog\\\/2016-legjobb-termeszetfotosai\\\/#primaryimage\"},\"thumbnailUrl\":\"http:\\\/\\\/www.torokfoto.hu\\\/blog\\\/wp-content\\\/uploads\\\/2016\\\/10\\\/Alexandre-Hec.jpeg\",\"datePublished\":\"2016-10-22T18:14:47+00:00\",\"dateModified\":\"2020-01-08T11:41:25+00:00\",\"author\":{\"@id\":\"http:\\\/\\\/www.torokfoto.hu\\\/blog\\\/#\\\/schema\\\/person\\\/15db174b0b57e6cb37c4b90725399434\"},\"breadcrumb\":{\"@id\":\"https:\\\/\\\/www.torokfoto.hu\\\/blog\\\/2016-legjobb-termeszetfotosai\\\/#breadcrumb\"},\"inLanguage\":\"hu\",\"potentialAction\":[{\"@type\":\"ReadAction\",\"target\":[\"https:\\\/\\\/www.torokfoto.hu\\\/blog\\\/2016-legjobb-termeszetfotosai\\\/\"]}]},{\"@type\":\"ImageObject\",\"inLanguage\":\"hu\",\"@id\":\"https:\\\/\\\/www.torokfoto.hu\\\/blog\\\/2016-legjobb-termeszetfotosai\\\/#primaryimage\",\"url\":\"http:\\\/\\\/www.torokfoto.hu\\\/blog\\\/wp-content\\\/uploads\\\/2016\\\/10\\\/Alexandre-Hec.jpeg\",\"contentUrl\":\"http:\\\/\\\/www.torokfoto.hu\\\/blog\\\/wp-content\\\/uploads\\\/2016\\\/10\\\/Alexandre-Hec.jpeg\",\"width\":1160,\"height\":770},{\"@type\":\"BreadcrumbList\",\"@id\":\"https:\\\/\\\/www.torokfoto.hu\\\/blog\\\/2016-legjobb-termeszetfotosai\\\/#breadcrumb\",\"itemListElement\":[{\"@type\":\"ListItem\",\"position\":1,\"name\":\"Home\",\"item\":\"http:\\\/\\\/www.torokfoto.hu\\\/blog\\\/\"},{\"@type\":\"ListItem\",\"position\":2,\"name\":\"2016 legjobb term\u00e9szetfot\u00f3sai\"}]},{\"@type\":\"WebSite\",\"@id\":\"http:\\\/\\\/www.torokfoto.hu\\\/blog\\\/#website\",\"url\":\"http:\\\/\\\/www.torokfoto.hu\\\/blog\\\/\",\"name\":\"T\u00f6r\u00f6kFot\u00f3 Blog\",\"description\":\"T\u00f6r\u00f6kFot\u00f3 Blog\",\"potentialAction\":[{\"@type\":\"SearchAction\",\"target\":{\"@type\":\"EntryPoint\",\"urlTemplate\":\"http:\\\/\\\/www.torokfoto.hu\\\/blog\\\/?s={search_term_string}\"},\"query-input\":{\"@type\":\"PropertyValueSpecification\",\"valueRequired\":true,\"valueName\":\"search_term_string\"}}],\"inLanguage\":\"hu\"},{\"@type\":\"Person\",\"@id\":\"http:\\\/\\\/www.torokfoto.hu\\\/blog\\\/#\\\/schema\\\/person\\\/15db174b0b57e6cb37c4b90725399434\",\"name\":\"torokfoto\",\"image\":{\"@type\":\"ImageObject\",\"inLanguage\":\"hu\",\"@id\":\"https:\\\/\\\/secure.gravatar.com\\\/avatar\\\/84a893069261eb70289981cdfa31eafab34feeb3148b57a67c28f3f3d8bc3a30?s=96&d=mm&r=g\",\"url\":\"https:\\\/\\\/secure.gravatar.com\\\/avatar\\\/84a893069261eb70289981cdfa31eafab34feeb3148b57a67c28f3f3d8bc3a30?s=96&d=mm&r=g\",\"contentUrl\":\"https:\\\/\\\/secure.gravatar.com\\\/avatar\\\/84a893069261eb70289981cdfa31eafab34feeb3148b57a67c28f3f3d8bc3a30?s=96&d=mm&r=g\",\"caption\":\"torokfoto\"},\"url\":\"http:\\\/\\\/www.torokfoto.hu\\\/blog\\\/author\\\/torokfoto\\\/\"}]}<\/script>\n<!-- \/ Yoast SEO plugin. -->","yoast_head_json":{"title":"2016 legjobb term\u00e9szetfot\u00f3sai - T\u00f6r\u00f6kFot\u00f3 Blog","robots":{"index":"index","follow":"follow","max-snippet":"max-snippet:-1","max-image-preview":"max-image-preview:large","max-video-preview":"max-video-preview:-1"},"canonical":"https:\/\/www.torokfoto.hu\/blog\/2016-legjobb-termeszetfotosai\/","og_locale":"hu_HU","og_type":"article","og_title":"2016 legjobb term\u00e9szetfot\u00f3sai - T\u00f6r\u00f6kFot\u00f3 Blog","og_description":"Az \u00e9v term\u00e9szetfot\u00f3sa p\u00e1ly\u00e1zatot el\u0151sz\u00f6r 1965-ben hirdette meg a BBC Wildlife Magazine. Manaps\u00e1g a londoni Term\u00e9szettudom\u00e1nyi M\u00fazeum szervezi a fot\u00f3p\u00e1ly\u00e1zatot, ahol m\u00e1r nem csak \u00e1llatos t\u00e9m\u00e1j\u00fa f\u00e9nyk\u00e9pekkel lehet benevezni, hanem k\u00fcl\u00f6nb\u00f6z\u0151 kateg\u00f3ri\u00e1kkal biztos\u00edtanak helyet tov\u00e1bbi kiemelked\u0151 fot\u00f3k sz\u00e1m\u00e1ra. \u00d6sszesen 100 fot\u00f3b\u00f3l v\u00e1lasztj\u00e1k ki a gy\u0151ztest. A gy\u0151ztes fot\u00f3t \u00e9s a d\u00f6nt\u0151s k\u00e9peket ki\u00e1ll\u00edtj\u00e1k a m\u00fazeumban, [&hellip;]","og_url":"https:\/\/www.torokfoto.hu\/blog\/2016-legjobb-termeszetfotosai\/","og_site_name":"T\u00f6r\u00f6kFot\u00f3 Blog","article_publisher":"https:\/\/www.facebook.com\/torokfoto","article_published_time":"2016-10-22T18:14:47+00:00","article_modified_time":"2020-01-08T11:41:25+00:00","og_image":[{"url":"http:\/\/www.torokfoto.hu\/blog\/wp-content\/uploads\/2016\/10\/Alexandre-Hec.jpeg","type":"","width":"","height":""}],"author":"torokfoto","twitter_misc":{"Written by":"torokfoto","Est. reading time":"3 perc"},"schema":{"@context":"https:\/\/schema.org","@graph":[{"@type":"Article","@id":"https:\/\/www.torokfoto.hu\/blog\/2016-legjobb-termeszetfotosai\/#article","isPartOf":{"@id":"https:\/\/www.torokfoto.hu\/blog\/2016-legjobb-termeszetfotosai\/"},"author":{"name":"torokfoto","@id":"http:\/\/www.torokfoto.hu\/blog\/#\/schema\/person\/15db174b0b57e6cb37c4b90725399434"},"headline":"2016 legjobb term\u00e9szetfot\u00f3sai","datePublished":"2016-10-22T18:14:47+00:00","dateModified":"2020-01-08T11:41:25+00:00","mainEntityOfPage":{"@id":"https:\/\/www.torokfoto.hu\/blog\/2016-legjobb-termeszetfotosai\/"},"wordCount":675,"image":{"@id":"https:\/\/www.torokfoto.hu\/blog\/2016-legjobb-termeszetfotosai\/#primaryimage"},"thumbnailUrl":"http:\/\/www.torokfoto.hu\/blog\/wp-content\/uploads\/2016\/10\/Alexandre-Hec.jpeg","articleSection":["Egy\u00e9b"],"inLanguage":"hu"},{"@type":"WebPage","@id":"https:\/\/www.torokfoto.hu\/blog\/2016-legjobb-termeszetfotosai\/","url":"https:\/\/www.torokfoto.hu\/blog\/2016-legjobb-termeszetfotosai\/","name":"2016 legjobb term\u00e9szetfot\u00f3sai - T\u00f6r\u00f6kFot\u00f3 Blog","isPartOf":{"@id":"http:\/\/www.torokfoto.hu\/blog\/#website"},"primaryImageOfPage":{"@id":"https:\/\/www.torokfoto.hu\/blog\/2016-legjobb-termeszetfotosai\/#primaryimage"},"image":{"@id":"https:\/\/www.torokfoto.hu\/blog\/2016-legjobb-termeszetfotosai\/#primaryimage"},"thumbnailUrl":"http:\/\/www.torokfoto.hu\/blog\/wp-content\/uploads\/2016\/10\/Alexandre-Hec.jpeg","datePublished":"2016-10-22T18:14:47+00:00","dateModified":"2020-01-08T11:41:25+00:00","author":{"@id":"http:\/\/www.torokfoto.hu\/blog\/#\/schema\/person\/15db174b0b57e6cb37c4b90725399434"},"breadcrumb":{"@id":"https:\/\/www.torokfoto.hu\/blog\/2016-legjobb-termeszetfotosai\/#breadcrumb"},"inLanguage":"hu","potentialAction":[{"@type":"ReadAction","target":["https:\/\/www.torokfoto.hu\/blog\/2016-legjobb-termeszetfotosai\/"]}]},{"@type":"ImageObject","inLanguage":"hu","@id":"https:\/\/www.torokfoto.hu\/blog\/2016-legjobb-termeszetfotosai\/#primaryimage","url":"http:\/\/www.torokfoto.hu\/blog\/wp-content\/uploads\/2016\/10\/Alexandre-Hec.jpeg","contentUrl":"http:\/\/www.torokfoto.hu\/blog\/wp-content\/uploads\/2016\/10\/Alexandre-Hec.jpeg","width":1160,"height":770},{"@type":"BreadcrumbList","@id":"https:\/\/www.torokfoto.hu\/blog\/2016-legjobb-termeszetfotosai\/#breadcrumb","itemListElement":[{"@type":"ListItem","position":1,"name":"Home","item":"http:\/\/www.torokfoto.hu\/blog\/"},{"@type":"ListItem","position":2,"name":"2016 legjobb term\u00e9szetfot\u00f3sai"}]},{"@type":"WebSite","@id":"http:\/\/www.torokfoto.hu\/blog\/#website","url":"http:\/\/www.torokfoto.hu\/blog\/","name":"T\u00f6r\u00f6kFot\u00f3 Blog","description":"T\u00f6r\u00f6kFot\u00f3 Blog","potentialAction":[{"@type":"SearchAction","target":{"@type":"EntryPoint","urlTemplate":"http:\/\/www.torokfoto.hu\/blog\/?s={search_term_string}"},"query-input":{"@type":"PropertyValueSpecification","valueRequired":true,"valueName":"search_term_string"}}],"inLanguage":"hu"},{"@type":"Person","@id":"http:\/\/www.torokfoto.hu\/blog\/#\/schema\/person\/15db174b0b57e6cb37c4b90725399434","name":"torokfoto","image":{"@type":"ImageObject","inLanguage":"hu","@id":"https:\/\/secure.gravatar.com\/avatar\/84a893069261eb70289981cdfa31eafab34feeb3148b57a67c28f3f3d8bc3a30?s=96&d=mm&r=g","url":"https:\/\/secure.gravatar.com\/avatar\/84a893069261eb70289981cdfa31eafab34feeb3148b57a67c28f3f3d8bc3a30?s=96&d=mm&r=g","contentUrl":"https:\/\/secure.gravatar.com\/avatar\/84a893069261eb70289981cdfa31eafab34feeb3148b57a67c28f3f3d8bc3a30?s=96&d=mm&r=g","caption":"torokfoto"},"url":"http:\/\/www.torokfoto.hu\/blog\/author\/torokfoto\/"}]}},"_links":{"self":[{"href":"http:\/\/www.torokfoto.hu\/blog\/wp-json\/wp\/v2\/posts\/1712","targetHints":{"allow":["GET"]}}],"collection":[{"href":"http:\/\/www.torokfoto.hu\/blog\/wp-json\/wp\/v2\/posts"}],"about":[{"href":"http:\/\/www.torokfoto.hu\/blog\/wp-json\/wp\/v2\/types\/post"}],"author":[{"embeddable":true,"href":"http:\/\/www.torokfoto.hu\/blog\/wp-json\/wp\/v2\/users\/1"}],"replies":[{"embeddable":true,"href":"http:\/\/www.torokfoto.hu\/blog\/wp-json\/wp\/v2\/comments?post=1712"}],"version-history":[{"count":7,"href":"http:\/\/www.torokfoto.hu\/blog\/wp-json\/wp\/v2\/posts\/1712\/revisions"}],"predecessor-version":[{"id":1730,"href":"http:\/\/www.torokfoto.hu\/blog\/wp-json\/wp\/v2\/posts\/1712\/revisions\/1730"}],"wp:attachment":[{"href":"http:\/\/www.torokfoto.hu\/blog\/wp-json\/wp\/v2\/media?parent=1712"}],"wp:term":[{"taxonomy":"category","embeddable":true,"href":"http:\/\/www.torokfoto.hu\/blog\/wp-json\/wp\/v2\/categories?post=1712"},{"taxonomy":"post_tag","embeddable":true,"href":"http:\/\/www.torokfoto.hu\/blog\/wp-json\/wp\/v2\/tags?post=1712"}],"curies":[{"name":"wp","href":"https:\/\/api.w.org\/{rel}","templated":true}]}}