{"id":1081,"date":"2016-01-24T18:15:48","date_gmt":"2016-01-24T17:15:48","guid":{"rendered":"http:\/\/www.torokfoto.hu\/blog\/?p=1081"},"modified":"2020-01-08T12:41:45","modified_gmt":"2020-01-08T11:41:45","slug":"miert-erdemes-elohivatni-a-fotoidat","status":"publish","type":"post","link":"http:\/\/www.torokfoto.hu\/blog\/miert-erdemes-elohivatni-a-fotoidat\/","title":{"rendered":"Mi\u00e9rt \u00e9rdemes el\u0151h\u00edvatni a fot\u00f3idat?"},"content":{"rendered":"<p><a href=\"http:\/\/www.torokfoto.hu\/blog\/miert-erdemes-elohivatni-a-fotoidat\/\"><img loading=\"lazy\" decoding=\"async\" class=\"aligncenter wp-image-1090 size-full\" src=\"http:\/\/www.torokfoto.hu\/blog\/wp-content\/uploads\/2016\/01\/pocak-l\u00e1nyka.jpg\" alt=\"pocak l\u00e1nyka\" width=\"570\" height=\"380\" srcset=\"http:\/\/www.torokfoto.hu\/blog\/wp-content\/uploads\/2016\/01\/pocak-l\u00e1nyka.jpg 570w, http:\/\/www.torokfoto.hu\/blog\/wp-content\/uploads\/2016\/01\/pocak-l\u00e1nyka-300x200.jpg 300w\" sizes=\"auto, (max-width: 570px) 100vw, 570px\" \/><\/a><\/p>\n<p>Naponta k\u00e9sz\u00edt\u00fcnk fot\u00f3kat, <strong>posztoljuk<\/strong> \u0151ket a Facebookra \u00e9s az Instagramra, egyszer\u0171en im\u00e1dunk fot\u00f3zni! Biztosan te is \u00edgy vagy ezzel. De hol van az a pont, amikor m\u00e1r annyi k\u00e9pet k\u00e9sz\u00edtesz az okostelefonoddal, hogy m\u00e1r<strong> a v\u00e9g\u00e9n k\u00f6vetni sem tudod<\/strong>, hova t\u0171nt egy-egy kedvenced? Sz\u00f3val, itt az ideje, hogy <strong>lelass\u00edts egy pillanatra<\/strong> \u00e9s <strong>\u00e1ttekintsd<\/strong> a <strong>fot\u00f3id<\/strong>! A k\u00f6vetkez\u0151kben bemutatjuk, mi\u00e9rt fontos el\u0151h\u00edvatni a fot\u00f3idat!<\/p>\n<p><!--more--><\/p>\n<p>&nbsp;<\/p>\n<h3>Mi\u00e9rt is fontos el\u0151h\u00edvatni a fot\u00f3idat?<\/h3>\n<p>1, Ezt k\u00f6nny\u0171 megv\u00e1laszolni. Mert sokkal val\u00f3s\u00e1gosabbak \u00e9s<strong> \u00e9rzelmileg t\u00f6bbet adnak<\/strong> az el\u0151h\u00edvott fot\u00f3k, mint a digit\u00e1lisak. A fot\u00f3k sokkal szem\u00e9lyesebbek ha k\u00e9zzel foghat\u00f3ak. Er\u0151sebb \u00e9s maradand\u00f3bb kapcsolat alakul ki a meg\u00f6r\u00f6k\u00edtett eml\u00e9kkel.<\/p>\n<p>&nbsp;<\/p>\n<figure id=\"attachment_1083\" class=\"thumbnail wp-caption aligncenter\" style=\"width: 746px\"><a href=\"http:\/\/www.torokfoto.hu\/blog\/miert-erdemes-elohivatni-a-fotoidat\/\"><img loading=\"lazy\" decoding=\"async\" class=\"wp-image-1083 size-full\" src=\"http:\/\/www.torokfoto.hu\/blog\/wp-content\/uploads\/2016\/01\/sz\u00edv-l\u00e1bika.jpg\" alt=\"\u00d6r\u00f6k pillanat...\" width=\"736\" height=\"490\" srcset=\"http:\/\/www.torokfoto.hu\/blog\/wp-content\/uploads\/2016\/01\/sz\u00edv-l\u00e1bika.jpg 736w, http:\/\/www.torokfoto.hu\/blog\/wp-content\/uploads\/2016\/01\/sz\u00edv-l\u00e1bika-300x200.jpg 300w\" sizes=\"auto, (max-width: 736px) 100vw, 736px\" \/><\/a><figcaption class=\"caption wp-caption-text\">\u00d6r\u00f6k pillanat&#8230; (fot\u00f3: Pinterest)<\/figcaption><\/figure>\n<p>&nbsp;<\/p>\n<div class=\"su-box su-box-style-default\" id=\"\" style=\"border-color:#360f0f;border-radius:3px;max-width:none\"><div class=\"su-box-title\" style=\"background-color:#694242;color:#FFFFFF;border-top-left-radius:1px;border-top-right-radius:1px\">Fot\u00f3kidolgoz\u00e1s a T\u00f6r\u00f6kfot\u00f3n\u00e1l!<\/div><div class=\"su-box-content su-u-clearfix su-u-trim\" style=\"border-bottom-left-radius:1px;border-bottom-right-radius:1px\">\n<ul>\n<li>Online felt\u00f6lt\u00e9s (mobilr\u00f3l is!)<\/li>\n<li>Orsz\u00e1gos kisz\u00e1ll\u00edt\u00e1s<\/li>\n<li>Alkalomhoz ill\u0151 sablonok<\/li>\n<li>Cs\u00facsmin\u0151s\u00e9g<\/li>\n<\/ul>\n<p>Mindezt biztos\u00edtja sz\u00e1modra a <a href=\"http:\/\/www.torokfoto.hu\/termekek\/fotokidolgozas\" target=\"_blank\">T\u00f6r\u00f6kfot\u00f3<\/a>\u00a0Miskolcr\u00f3l!<\/p>\n<\/div><\/div>\n<p>&nbsp;<\/p>\n<p>2, M\u00e1sodszor, a &#8216;retro m\u00f3d&#8217; sokkal \u00e9lvezhet\u0151bb. Mennyivel <strong>meghittebb<\/strong> \u00fagy n\u00e9zegetni az esk\u00fcv\u0151i vagy csal\u00e1di eml\u00e9keket, hogy a<strong> csal\u00e1d egy\u00fctt<\/strong> le\u00fcl a\u00a0vas\u00e1rnapi eb\u00e9d ut\u00e1n. Ugye, hogy sokkal jobb, mintha k\u00e9perny\u0151n n\u00e9zitek?<\/p>\n<p>&nbsp;<\/p>\n<div id='gallery-1' class='gallery galleryid-1081 gallery-columns-2 gallery-size-medium'><figure class='gallery-item'>\n\t\t\t<div class='gallery-icon portrait'>\n\t\t\t\t<img loading=\"lazy\" decoding=\"async\" width=\"200\" height=\"300\" src=\"http:\/\/www.torokfoto.hu\/blog\/wp-content\/uploads\/2016\/01\/nagymama-200x300.jpg\" class=\"attachment-medium size-medium\" alt=\"\" aria-describedby=\"gallery-1-1084\" srcset=\"http:\/\/www.torokfoto.hu\/blog\/wp-content\/uploads\/2016\/01\/nagymama-200x300.jpg 200w, http:\/\/www.torokfoto.hu\/blog\/wp-content\/uploads\/2016\/01\/nagymama.jpg 426w\" sizes=\"auto, (max-width: 200px) 100vw, 200px\" \/>\n\t\t\t<\/div>\n\t\t\t\t<figcaption class='wp-caption-text gallery-caption' id='gallery-1-1084'>\n\t\t\t\tF\u00e9nyk\u00e9pek a nagysz\u00fcl\u0151kkel&#8230;\n\t\t\t\t<\/figcaption><\/figure><figure class='gallery-item'>\n\t\t\t<div class='gallery-icon portrait'>\n\t\t\t\t<img loading=\"lazy\" decoding=\"async\" width=\"267\" height=\"300\" src=\"http:\/\/www.torokfoto.hu\/blog\/wp-content\/uploads\/2016\/01\/nagypapa-267x300.jpg\" class=\"attachment-medium size-medium\" alt=\"\" aria-describedby=\"gallery-1-1085\" srcset=\"http:\/\/www.torokfoto.hu\/blog\/wp-content\/uploads\/2016\/01\/nagypapa-267x300.jpg 267w, http:\/\/www.torokfoto.hu\/blog\/wp-content\/uploads\/2016\/01\/nagypapa.jpg 736w\" sizes=\"auto, (max-width: 267px) 100vw, 267px\" \/>\n\t\t\t<\/div>\n\t\t\t\t<figcaption class='wp-caption-text gallery-caption' id='gallery-1-1085'>\n\t\t\t\t&#8230;fontos r\u00e9szei a csal\u00e1di albumnak. (fot\u00f3: Pinterest)\n\t\t\t\t<\/figcaption><\/figure>\n\t\t<\/div>\n\n<p>&nbsp;<\/p>\n<p>3,\u00a0Ha el\u0151h\u00edvatod a fot\u00f3dat biztos\u00edtod sz\u00e1m\u00e1ra a hossz\u00fa \u00e9letet. A f\u00e9nyk\u00e9peket csakis <strong>kiv\u00e1l\u00f3 min\u0151s\u00e9gben<\/strong> \u00e9rdemes <strong>el\u0151h\u00edvatni<\/strong>, \u00edgy sok\u00e1ig veled maradhatnak \u00e9s <strong>gener\u00e1ci\u00f3kon kereszt\u00fcl<\/strong> meg\u0151rzik az eml\u00e9keidet.<\/p>\n<p>&nbsp;<\/p>\n<div id='gallery-2' class='gallery galleryid-1081 gallery-columns-2 gallery-size-large'><figure class='gallery-item'>\n\t\t\t<div class='gallery-icon landscape'>\n\t\t\t\t<img loading=\"lazy\" decoding=\"async\" width=\"636\" height=\"423\" src=\"http:\/\/www.torokfoto.hu\/blog\/wp-content\/uploads\/2016\/01\/puszi.jpg\" class=\"attachment-large size-large\" alt=\"\" aria-describedby=\"gallery-2-1088\" srcset=\"http:\/\/www.torokfoto.hu\/blog\/wp-content\/uploads\/2016\/01\/puszi.jpg 636w, http:\/\/www.torokfoto.hu\/blog\/wp-content\/uploads\/2016\/01\/puszi-300x200.jpg 300w\" sizes=\"auto, (max-width: 636px) 100vw, 636px\" \/>\n\t\t\t<\/div>\n\t\t\t\t<figcaption class='wp-caption-text gallery-caption' id='gallery-2-1088'>\n\t\t\t\tAnyuval \u00e9s&#8230;\n\t\t\t\t<\/figcaption><\/figure><figure class='gallery-item'>\n\t\t\t<div class='gallery-icon portrait'>\n\t\t\t\t<img loading=\"lazy\" decoding=\"async\" width=\"500\" height=\"729\" src=\"http:\/\/www.torokfoto.hu\/blog\/wp-content\/uploads\/2016\/01\/puszi2.jpg\" class=\"attachment-large size-large\" alt=\"\" aria-describedby=\"gallery-2-1089\" srcset=\"http:\/\/www.torokfoto.hu\/blog\/wp-content\/uploads\/2016\/01\/puszi2.jpg 500w, http:\/\/www.torokfoto.hu\/blog\/wp-content\/uploads\/2016\/01\/puszi2-206x300.jpg 206w\" sizes=\"auto, (max-width: 500px) 100vw, 500px\" \/>\n\t\t\t<\/div>\n\t\t\t\t<figcaption class='wp-caption-text gallery-caption' id='gallery-2-1089'>\n\t\t\t\t&#8230;Apuval. (fot\u00f3: Pinterest)\n\t\t\t\t<\/figcaption><\/figure>\n\t\t<\/div>\n\n<p>&nbsp;<\/p>\n<p>&nbsp;<\/p>\n<div class=\"su-box su-box-style-default\" id=\"\" style=\"border-color:#360f0f;border-radius:3px;max-width:none\"><div class=\"su-box-title\" style=\"background-color:#694242;color:#FFFFFF;border-top-left-radius:1px;border-top-right-radius:1px\">Fot\u00f3kidolgoz\u00e1s a T\u00f6r\u00f6kfot\u00f3n\u00e1l!<\/div><div class=\"su-box-content su-u-clearfix su-u-trim\" style=\"border-bottom-left-radius:1px;border-bottom-right-radius:1px\">\n<ul>\n<li>Online felt\u00f6lt\u00e9s (mobilr\u00f3l is!)<\/li>\n<li>Orsz\u00e1gos kisz\u00e1ll\u00edt\u00e1s<\/li>\n<li>Alkalomhoz ill\u0151 sablonok<\/li>\n<li>Cs\u00facsmin\u0151s\u00e9g<\/li>\n<\/ul>\n<p>Mindezt biztos\u00edtja sz\u00e1modra a <a href=\"http:\/\/www.torokfoto.hu\/termekek\/fotokidolgozas\" target=\"_blank\">T\u00f6r\u00f6kfot\u00f3<\/a>\u00a0Miskolcr\u00f3l!<\/p>\n<\/div><\/div>\n<p>&nbsp;<\/p>\n<p>4, A <strong>technol\u00f3gia<\/strong> gyors fejl\u0151d\u00e9s\u00e9nek\u00a0k\u00f6sz\u00f6nhet\u0151en ki tudja milyen <strong>v\u00e1ltoz\u00e1sok<\/strong> t\u00f6rt\u00e9nnek m\u00e9g. M\u00e1r a CD-t is ritk\u00e1n haszn\u00e1ljuk \u00e9s a digit\u00e1lis f\u00e1jlok biztons\u00e1gos t\u00e1rol\u00e1sa sem lehet 100%-os (elromlik a telefonod, laptopod). Ez\u00e9rt \u00e9rdemes az <strong>\u00e9leted<\/strong> legfontosabb pillanatait <strong>meg\u00f6r\u00f6k\u00edt\u0151 fot\u00f3kat el\u0151h\u00edvatni<\/strong>, hogy b\u00e1rmikor megn\u00e9zhesd \u0151ket vagy a <a href=\"http:\/\/www.torokfoto.hu\/blog\/tag\/lakasdekor\/\" target=\"_blank\">lak\u00e1sod d\u00edsz\u00edtsd<\/a> vel\u00fck.<\/p>\n<p>&nbsp;<\/p>\n<div id='gallery-3' class='gallery galleryid-1081 gallery-columns-2 gallery-size-large'><figure class='gallery-item'>\n\t\t\t<div class='gallery-icon landscape'>\n\t\t\t\t<img loading=\"lazy\" decoding=\"async\" width=\"640\" height=\"640\" src=\"http:\/\/www.torokfoto.hu\/blog\/wp-content\/uploads\/2016\/01\/papababa.jpg\" class=\"attachment-large size-large\" alt=\"\" aria-describedby=\"gallery-3-1086\" srcset=\"http:\/\/www.torokfoto.hu\/blog\/wp-content\/uploads\/2016\/01\/papababa.jpg 640w, http:\/\/www.torokfoto.hu\/blog\/wp-content\/uploads\/2016\/01\/papababa-150x150.jpg 150w, http:\/\/www.torokfoto.hu\/blog\/wp-content\/uploads\/2016\/01\/papababa-300x300.jpg 300w, http:\/\/www.torokfoto.hu\/blog\/wp-content\/uploads\/2016\/01\/papababa-60x60.jpg 60w\" sizes=\"auto, (max-width: 640px) 100vw, 640px\" \/>\n\t\t\t<\/div>\n\t\t\t\t<figcaption class='wp-caption-text gallery-caption' id='gallery-3-1086'>\n\t\t\t\tAp\u00e1s pillanatok&#8230;\n\t\t\t\t<\/figcaption><\/figure><figure class='gallery-item'>\n\t\t\t<div class='gallery-icon portrait'>\n\t\t\t\t<img loading=\"lazy\" decoding=\"async\" width=\"500\" height=\"750\" src=\"http:\/\/www.torokfoto.hu\/blog\/wp-content\/uploads\/2016\/01\/papababa2.jpg\" class=\"attachment-large size-large\" alt=\"\" aria-describedby=\"gallery-3-1087\" srcset=\"http:\/\/www.torokfoto.hu\/blog\/wp-content\/uploads\/2016\/01\/papababa2.jpg 500w, http:\/\/www.torokfoto.hu\/blog\/wp-content\/uploads\/2016\/01\/papababa2-200x300.jpg 200w\" sizes=\"auto, (max-width: 500px) 100vw, 500px\" \/>\n\t\t\t<\/div>\n\t\t\t\t<figcaption class='wp-caption-text gallery-caption' id='gallery-3-1087'>\n\t\t\t\t(fot\u00f3: Pinterest)\n\t\t\t\t<\/figcaption><\/figure>\n\t\t<\/div>\n\n<p>&nbsp;<\/p>\n<div class=\"su-box su-box-style-default\" id=\"\" style=\"border-color:#360f0f;border-radius:3px;max-width:none\"><div class=\"su-box-title\" style=\"background-color:#694242;color:#FFFFFF;border-top-left-radius:1px;border-top-right-radius:1px\">Polaroid fot\u00f3k\/Digit\u00e1lis Fot\u00f3kidolgoz\u00e1s a T\u00f6r\u00f6kFot\u00f3n\u00e1l<\/div><div class=\"su-box-content su-u-clearfix su-u-trim\" style=\"border-bottom-left-radius:1px;border-bottom-right-radius:1px\">\n<p>Polaroid fot\u00f3kra v\u00e1gysz?<\/p>\n<p><a href=\"http:\/\/www.torokfoto.hu\/termekek\/fotokidolgozas\" target=\"_blank\">H\u00edvasd el\u0151 k\u00e9peidet Polaroid form\u00e1ban a T\u00f6r\u00f6kFot\u00f3n\u00e1l!<\/a><\/p>\n<ul>\n<li>Online felt\u00f6lt\u00e9s (mobilr\u00f3l is!)<\/li>\n<li>Orsz\u00e1gos kisz\u00e1ll\u00edt\u00e1s<\/li>\n<li>Cs\u00facsmin\u0151s\u00e9g<\/li>\n<\/ul>\n<p>A &#8220;Rendel\u00e9s megjegyz\u00e9sek&#8221;-hez ne felejtsd el oda\u00edrni a &#8220;POLAROID&#8221; jelig\u00e9t.<\/p>\n<\/div><\/div>\n<p>&nbsp;<\/p>\n<p>Ha \u00e9rdekelnek tov\u00e1bbi inspir\u00e1ci\u00f3k \u00e9s tippek akkor k\u00f6vess minket <a href=\"http:\/\/www.torokfoto.hu\/blog\/\" target=\"_blank\">itt <\/a>vagy <a href=\"https:\/\/www.facebook.com\/torokfoto\/?fref=ts\" target=\"_blank\">Facebookon<\/a>!<\/p>\n","protected":false},"excerpt":{"rendered":"<p>Naponta k\u00e9sz\u00edt\u00fcnk fot\u00f3kat, posztoljuk \u0151ket a Facebookra \u00e9s az Instagramra, egyszer\u0171en im\u00e1dunk fot\u00f3zni! Biztosan te is \u00edgy vagy ezzel. De hol van az a pont, amikor m\u00e1r annyi k\u00e9pet k\u00e9sz\u00edtesz az okostelefonoddal, hogy m\u00e1r a v\u00e9g\u00e9n k\u00f6vetni sem tudod, hova t\u0171nt egy-egy kedvenced? Sz\u00f3val, itt az ideje, hogy lelass\u00edts egy pillanatra \u00e9s \u00e1ttekintsd a fot\u00f3id! [&hellip;]<\/p>\n","protected":false},"author":1,"featured_media":0,"comment_status":"closed","ping_status":"closed","sticky":false,"template":"","format":"standard","meta":{"footnotes":""},"categories":[1],"tags":[],"class_list":["post-1081","post","type-post","status-publish","format-standard","hentry","category-egyeb"],"yoast_head":"<!-- This site is optimized with the Yoast SEO plugin v27.5 - https:\/\/yoast.com\/product\/yoast-seo-wordpress\/ -->\n<title>Mi\u00e9rt \u00e9rdemes el\u0151h\u00edvatni a fot\u00f3idat? - T\u00f6r\u00f6kFot\u00f3 Blog<\/title>\n<meta name=\"robots\" content=\"index, follow, max-snippet:-1, max-image-preview:large, max-video-preview:-1\" \/>\n<link rel=\"canonical\" href=\"http:\/\/www.torokfoto.hu\/blog\/miert-erdemes-elohivatni-a-fotoidat\/\" \/>\n<meta property=\"og:locale\" content=\"hu_HU\" \/>\n<meta property=\"og:type\" content=\"article\" \/>\n<meta property=\"og:title\" content=\"Mi\u00e9rt \u00e9rdemes el\u0151h\u00edvatni a fot\u00f3idat? - T\u00f6r\u00f6kFot\u00f3 Blog\" \/>\n<meta property=\"og:description\" content=\"Naponta k\u00e9sz\u00edt\u00fcnk fot\u00f3kat, posztoljuk \u0151ket a Facebookra \u00e9s az Instagramra, egyszer\u0171en im\u00e1dunk fot\u00f3zni! Biztosan te is \u00edgy vagy ezzel. De hol van az a pont, amikor m\u00e1r annyi k\u00e9pet k\u00e9sz\u00edtesz az okostelefonoddal, hogy m\u00e1r a v\u00e9g\u00e9n k\u00f6vetni sem tudod, hova t\u0171nt egy-egy kedvenced? Sz\u00f3val, itt az ideje, hogy lelass\u00edts egy pillanatra \u00e9s \u00e1ttekintsd a fot\u00f3id! [&hellip;]\" \/>\n<meta property=\"og:url\" content=\"http:\/\/www.torokfoto.hu\/blog\/miert-erdemes-elohivatni-a-fotoidat\/\" \/>\n<meta property=\"og:site_name\" content=\"T\u00f6r\u00f6kFot\u00f3 Blog\" \/>\n<meta property=\"article:publisher\" content=\"https:\/\/www.facebook.com\/torokfoto\" \/>\n<meta property=\"article:published_time\" content=\"2016-01-24T17:15:48+00:00\" \/>\n<meta property=\"article:modified_time\" content=\"2020-01-08T11:41:45+00:00\" \/>\n<meta property=\"og:image\" content=\"http:\/\/www.torokfoto.hu\/blog\/wp-content\/uploads\/2016\/01\/nagymama-200x300.jpg\" \/>\n<meta name=\"author\" content=\"torokfoto\" \/>\n<meta name=\"twitter:label1\" content=\"Written by\" \/>\n\t<meta name=\"twitter:data1\" content=\"torokfoto\" \/>\n\t<meta name=\"twitter:label2\" content=\"Est. reading time\" \/>\n\t<meta name=\"twitter:data2\" content=\"3 perc\" \/>\n<script type=\"application\/ld+json\" class=\"yoast-schema-graph\">{\"@context\":\"https:\\\/\\\/schema.org\",\"@graph\":[{\"@type\":\"Article\",\"@id\":\"http:\\\/\\\/www.torokfoto.hu\\\/blog\\\/miert-erdemes-elohivatni-a-fotoidat\\\/#article\",\"isPartOf\":{\"@id\":\"http:\\\/\\\/www.torokfoto.hu\\\/blog\\\/miert-erdemes-elohivatni-a-fotoidat\\\/\"},\"author\":{\"name\":\"torokfoto\",\"@id\":\"http:\\\/\\\/www.torokfoto.hu\\\/blog\\\/#\\\/schema\\\/person\\\/15db174b0b57e6cb37c4b90725399434\"},\"headline\":\"Mi\u00e9rt \u00e9rdemes el\u0151h\u00edvatni a fot\u00f3idat?\",\"datePublished\":\"2016-01-24T17:15:48+00:00\",\"dateModified\":\"2020-01-08T11:41:45+00:00\",\"mainEntityOfPage\":{\"@id\":\"http:\\\/\\\/www.torokfoto.hu\\\/blog\\\/miert-erdemes-elohivatni-a-fotoidat\\\/\"},\"wordCount\":560,\"articleSection\":[\"Egy\u00e9b\"],\"inLanguage\":\"hu\"},{\"@type\":\"WebPage\",\"@id\":\"http:\\\/\\\/www.torokfoto.hu\\\/blog\\\/miert-erdemes-elohivatni-a-fotoidat\\\/\",\"url\":\"http:\\\/\\\/www.torokfoto.hu\\\/blog\\\/miert-erdemes-elohivatni-a-fotoidat\\\/\",\"name\":\"Mi\u00e9rt \u00e9rdemes el\u0151h\u00edvatni a fot\u00f3idat? - T\u00f6r\u00f6kFot\u00f3 Blog\",\"isPartOf\":{\"@id\":\"http:\\\/\\\/www.torokfoto.hu\\\/blog\\\/#website\"},\"datePublished\":\"2016-01-24T17:15:48+00:00\",\"dateModified\":\"2020-01-08T11:41:45+00:00\",\"author\":{\"@id\":\"http:\\\/\\\/www.torokfoto.hu\\\/blog\\\/#\\\/schema\\\/person\\\/15db174b0b57e6cb37c4b90725399434\"},\"breadcrumb\":{\"@id\":\"http:\\\/\\\/www.torokfoto.hu\\\/blog\\\/miert-erdemes-elohivatni-a-fotoidat\\\/#breadcrumb\"},\"inLanguage\":\"hu\",\"potentialAction\":[{\"@type\":\"ReadAction\",\"target\":[\"http:\\\/\\\/www.torokfoto.hu\\\/blog\\\/miert-erdemes-elohivatni-a-fotoidat\\\/\"]}]},{\"@type\":\"BreadcrumbList\",\"@id\":\"http:\\\/\\\/www.torokfoto.hu\\\/blog\\\/miert-erdemes-elohivatni-a-fotoidat\\\/#breadcrumb\",\"itemListElement\":[{\"@type\":\"ListItem\",\"position\":1,\"name\":\"Home\",\"item\":\"http:\\\/\\\/www.torokfoto.hu\\\/blog\\\/\"},{\"@type\":\"ListItem\",\"position\":2,\"name\":\"Mi\u00e9rt \u00e9rdemes el\u0151h\u00edvatni a fot\u00f3idat?\"}]},{\"@type\":\"WebSite\",\"@id\":\"http:\\\/\\\/www.torokfoto.hu\\\/blog\\\/#website\",\"url\":\"http:\\\/\\\/www.torokfoto.hu\\\/blog\\\/\",\"name\":\"T\u00f6r\u00f6kFot\u00f3 Blog\",\"description\":\"T\u00f6r\u00f6kFot\u00f3 Blog\",\"potentialAction\":[{\"@type\":\"SearchAction\",\"target\":{\"@type\":\"EntryPoint\",\"urlTemplate\":\"http:\\\/\\\/www.torokfoto.hu\\\/blog\\\/?s={search_term_string}\"},\"query-input\":{\"@type\":\"PropertyValueSpecification\",\"valueRequired\":true,\"valueName\":\"search_term_string\"}}],\"inLanguage\":\"hu\"},{\"@type\":\"Person\",\"@id\":\"http:\\\/\\\/www.torokfoto.hu\\\/blog\\\/#\\\/schema\\\/person\\\/15db174b0b57e6cb37c4b90725399434\",\"name\":\"torokfoto\",\"image\":{\"@type\":\"ImageObject\",\"inLanguage\":\"hu\",\"@id\":\"https:\\\/\\\/secure.gravatar.com\\\/avatar\\\/84a893069261eb70289981cdfa31eafab34feeb3148b57a67c28f3f3d8bc3a30?s=96&d=mm&r=g\",\"url\":\"https:\\\/\\\/secure.gravatar.com\\\/avatar\\\/84a893069261eb70289981cdfa31eafab34feeb3148b57a67c28f3f3d8bc3a30?s=96&d=mm&r=g\",\"contentUrl\":\"https:\\\/\\\/secure.gravatar.com\\\/avatar\\\/84a893069261eb70289981cdfa31eafab34feeb3148b57a67c28f3f3d8bc3a30?s=96&d=mm&r=g\",\"caption\":\"torokfoto\"},\"url\":\"http:\\\/\\\/www.torokfoto.hu\\\/blog\\\/author\\\/torokfoto\\\/\"}]}<\/script>\n<!-- \/ Yoast SEO plugin. -->","yoast_head_json":{"title":"Mi\u00e9rt \u00e9rdemes el\u0151h\u00edvatni a fot\u00f3idat? - T\u00f6r\u00f6kFot\u00f3 Blog","robots":{"index":"index","follow":"follow","max-snippet":"max-snippet:-1","max-image-preview":"max-image-preview:large","max-video-preview":"max-video-preview:-1"},"canonical":"http:\/\/www.torokfoto.hu\/blog\/miert-erdemes-elohivatni-a-fotoidat\/","og_locale":"hu_HU","og_type":"article","og_title":"Mi\u00e9rt \u00e9rdemes el\u0151h\u00edvatni a fot\u00f3idat? - T\u00f6r\u00f6kFot\u00f3 Blog","og_description":"Naponta k\u00e9sz\u00edt\u00fcnk fot\u00f3kat, posztoljuk \u0151ket a Facebookra \u00e9s az Instagramra, egyszer\u0171en im\u00e1dunk fot\u00f3zni! Biztosan te is \u00edgy vagy ezzel. De hol van az a pont, amikor m\u00e1r annyi k\u00e9pet k\u00e9sz\u00edtesz az okostelefonoddal, hogy m\u00e1r a v\u00e9g\u00e9n k\u00f6vetni sem tudod, hova t\u0171nt egy-egy kedvenced? Sz\u00f3val, itt az ideje, hogy lelass\u00edts egy pillanatra \u00e9s \u00e1ttekintsd a fot\u00f3id! [&hellip;]","og_url":"http:\/\/www.torokfoto.hu\/blog\/miert-erdemes-elohivatni-a-fotoidat\/","og_site_name":"T\u00f6r\u00f6kFot\u00f3 Blog","article_publisher":"https:\/\/www.facebook.com\/torokfoto","article_published_time":"2016-01-24T17:15:48+00:00","article_modified_time":"2020-01-08T11:41:45+00:00","og_image":[{"url":"http:\/\/www.torokfoto.hu\/blog\/wp-content\/uploads\/2016\/01\/nagymama-200x300.jpg","type":"","width":"","height":""}],"author":"torokfoto","twitter_misc":{"Written by":"torokfoto","Est. reading time":"3 perc"},"schema":{"@context":"https:\/\/schema.org","@graph":[{"@type":"Article","@id":"http:\/\/www.torokfoto.hu\/blog\/miert-erdemes-elohivatni-a-fotoidat\/#article","isPartOf":{"@id":"http:\/\/www.torokfoto.hu\/blog\/miert-erdemes-elohivatni-a-fotoidat\/"},"author":{"name":"torokfoto","@id":"http:\/\/www.torokfoto.hu\/blog\/#\/schema\/person\/15db174b0b57e6cb37c4b90725399434"},"headline":"Mi\u00e9rt \u00e9rdemes el\u0151h\u00edvatni a fot\u00f3idat?","datePublished":"2016-01-24T17:15:48+00:00","dateModified":"2020-01-08T11:41:45+00:00","mainEntityOfPage":{"@id":"http:\/\/www.torokfoto.hu\/blog\/miert-erdemes-elohivatni-a-fotoidat\/"},"wordCount":560,"articleSection":["Egy\u00e9b"],"inLanguage":"hu"},{"@type":"WebPage","@id":"http:\/\/www.torokfoto.hu\/blog\/miert-erdemes-elohivatni-a-fotoidat\/","url":"http:\/\/www.torokfoto.hu\/blog\/miert-erdemes-elohivatni-a-fotoidat\/","name":"Mi\u00e9rt \u00e9rdemes el\u0151h\u00edvatni a fot\u00f3idat? - T\u00f6r\u00f6kFot\u00f3 Blog","isPartOf":{"@id":"http:\/\/www.torokfoto.hu\/blog\/#website"},"datePublished":"2016-01-24T17:15:48+00:00","dateModified":"2020-01-08T11:41:45+00:00","author":{"@id":"http:\/\/www.torokfoto.hu\/blog\/#\/schema\/person\/15db174b0b57e6cb37c4b90725399434"},"breadcrumb":{"@id":"http:\/\/www.torokfoto.hu\/blog\/miert-erdemes-elohivatni-a-fotoidat\/#breadcrumb"},"inLanguage":"hu","potentialAction":[{"@type":"ReadAction","target":["http:\/\/www.torokfoto.hu\/blog\/miert-erdemes-elohivatni-a-fotoidat\/"]}]},{"@type":"BreadcrumbList","@id":"http:\/\/www.torokfoto.hu\/blog\/miert-erdemes-elohivatni-a-fotoidat\/#breadcrumb","itemListElement":[{"@type":"ListItem","position":1,"name":"Home","item":"http:\/\/www.torokfoto.hu\/blog\/"},{"@type":"ListItem","position":2,"name":"Mi\u00e9rt \u00e9rdemes el\u0151h\u00edvatni a fot\u00f3idat?"}]},{"@type":"WebSite","@id":"http:\/\/www.torokfoto.hu\/blog\/#website","url":"http:\/\/www.torokfoto.hu\/blog\/","name":"T\u00f6r\u00f6kFot\u00f3 Blog","description":"T\u00f6r\u00f6kFot\u00f3 Blog","potentialAction":[{"@type":"SearchAction","target":{"@type":"EntryPoint","urlTemplate":"http:\/\/www.torokfoto.hu\/blog\/?s={search_term_string}"},"query-input":{"@type":"PropertyValueSpecification","valueRequired":true,"valueName":"search_term_string"}}],"inLanguage":"hu"},{"@type":"Person","@id":"http:\/\/www.torokfoto.hu\/blog\/#\/schema\/person\/15db174b0b57e6cb37c4b90725399434","name":"torokfoto","image":{"@type":"ImageObject","inLanguage":"hu","@id":"https:\/\/secure.gravatar.com\/avatar\/84a893069261eb70289981cdfa31eafab34feeb3148b57a67c28f3f3d8bc3a30?s=96&d=mm&r=g","url":"https:\/\/secure.gravatar.com\/avatar\/84a893069261eb70289981cdfa31eafab34feeb3148b57a67c28f3f3d8bc3a30?s=96&d=mm&r=g","contentUrl":"https:\/\/secure.gravatar.com\/avatar\/84a893069261eb70289981cdfa31eafab34feeb3148b57a67c28f3f3d8bc3a30?s=96&d=mm&r=g","caption":"torokfoto"},"url":"http:\/\/www.torokfoto.hu\/blog\/author\/torokfoto\/"}]}},"_links":{"self":[{"href":"http:\/\/www.torokfoto.hu\/blog\/wp-json\/wp\/v2\/posts\/1081","targetHints":{"allow":["GET"]}}],"collection":[{"href":"http:\/\/www.torokfoto.hu\/blog\/wp-json\/wp\/v2\/posts"}],"about":[{"href":"http:\/\/www.torokfoto.hu\/blog\/wp-json\/wp\/v2\/types\/post"}],"author":[{"embeddable":true,"href":"http:\/\/www.torokfoto.hu\/blog\/wp-json\/wp\/v2\/users\/1"}],"replies":[{"embeddable":true,"href":"http:\/\/www.torokfoto.hu\/blog\/wp-json\/wp\/v2\/comments?post=1081"}],"version-history":[{"count":8,"href":"http:\/\/www.torokfoto.hu\/blog\/wp-json\/wp\/v2\/posts\/1081\/revisions"}],"predecessor-version":[{"id":1097,"href":"http:\/\/www.torokfoto.hu\/blog\/wp-json\/wp\/v2\/posts\/1081\/revisions\/1097"}],"wp:attachment":[{"href":"http:\/\/www.torokfoto.hu\/blog\/wp-json\/wp\/v2\/media?parent=1081"}],"wp:term":[{"taxonomy":"category","embeddable":true,"href":"http:\/\/www.torokfoto.hu\/blog\/wp-json\/wp\/v2\/categories?post=1081"},{"taxonomy":"post_tag","embeddable":true,"href":"http:\/\/www.torokfoto.hu\/blog\/wp-json\/wp\/v2\/tags?post=1081"}],"curies":[{"name":"wp","href":"https:\/\/api.w.org\/{rel}","templated":true}]}}